{"id":61797,"date":"2024-10-15T09:06:58","date_gmt":"2024-10-15T08:06:58","guid":{"rendered":"https:\/\/www.greenpeace.org\/norway\/?p=61797"},"modified":"2025-03-10T11:44:20","modified_gmt":"2025-03-10T10:44:20","slug":"klimasoksmalet-oljeforbudene-forlenges-ikke-vi-vil-anke","status":"publish","type":"post","link":"https:\/\/www.greenpeace.org\/norway\/nyheter\/klimaendringer\/klimasoksmalet-oljeforbudene-forlenges-ikke-vi-vil-anke\/","title":{"rendered":"Klimas\u00f8ksm\u00e5let: oljeforbudene forlenges ikke \u2013 Vi vil anke"},"content":{"rendered":"\n<figure class=\"wp-block-image size-large is-resized\"><img loading=\"lazy\" decoding=\"async\" width=\"1024\" height=\"683\" src=\"https:\/\/www.greenpeace.org\/static\/planet4-norway-stateless\/2024\/10\/0fa7395b-dsc_0665-1024x683.jpg\" alt=\"Frode Pleym, leder i Greepeace, og  Gytis Bla\u017eevi\u010dius, leder i Natur og Ungdom.\" class=\"wp-image-61799\" style=\"width:739px;height:auto\" srcset=\"https:\/\/www.greenpeace.org\/static\/planet4-norway-stateless\/2024\/10\/0fa7395b-dsc_0665-1024x683.jpg 1024w, https:\/\/www.greenpeace.org\/static\/planet4-norway-stateless\/2024\/10\/0fa7395b-dsc_0665-300x200.jpg 300w, https:\/\/www.greenpeace.org\/static\/planet4-norway-stateless\/2024\/10\/0fa7395b-dsc_0665-768x512.jpg 768w, https:\/\/www.greenpeace.org\/static\/planet4-norway-stateless\/2024\/10\/0fa7395b-dsc_0665-1536x1024.jpg 1536w, https:\/\/www.greenpeace.org\/static\/planet4-norway-stateless\/2024\/10\/0fa7395b-dsc_0665-2048x1366.jpg 2048w, https:\/\/www.greenpeace.org\/static\/planet4-norway-stateless\/2024\/10\/0fa7395b-dsc_0665-510x340.jpg 510w\" sizes=\"auto, (max-width: 1024px) 100vw, 1024px\" \/><figcaption class=\"wp-element-caption\">Frode Pleym, leder i Greepeace, og  Gytis Bla\u017eevi\u010dius, leder i Natur og Ungdom. \u00a9 Jenny Baksaas<\/figcaption><\/figure>\n\n<p><strong>Lagmannsretten har besluttet at det midlertidige forbudet mot utbygging og produksjon p\u00e5 de tre oljefeltene Yggdrasil, Tyrving og Breidablikk ikke forlenges. Milj\u00f8organisasjonene har likevel stor tro p\u00e5 at de vil vinne fram i retten til slutt.<\/strong><\/p>\n\n<p>Greenpeace og Natur og Ungdom saks\u00f8kte staten for ikke \u00e5 ha utredet globale klima- og milj\u00f8virkninger av tre oljefelt i Nordsj\u00f8en. Oslo tingrett kjente i januar alle tre feltene ugyldige. Retten la ogs\u00e5 ned forf\u00f8yninger, alts\u00e5 forbud, mot videre utbygging og produksjon fra feltene, mens rettsprosessen p\u00e5g\u00e5r. Staten anket b\u00e5de dommen og forf\u00f8yningen. Det er disse forbudene denne ankesaken har handlet om.&nbsp;<\/p>\n\n<p><strong>LES OGS\u00c5:<\/strong> <a href=\"https:\/\/www.greenpeace.org\/norway\/nyheter\/klimaendringer\/klimasoksmalet-lagmannsretten-oppsummering\/\">Klimas\u00f8ksm\u00e5let: Det viktigste \u00e5 f\u00e5 med seg fra lagmannsretten<\/a><br><\/p>\n\n<h2 class=\"wp-block-heading\">Vil anke kjennelsen til H\u00f8yesterett<\/h2>\n\n<p>\u2013 I lagmannsretten beviste v\u00e5re ekspertvitner at det er en direkte sammenheng mellom utslipp fra oljefeltene og \u00f8kt d\u00f8delighet, mer ekstreme heteb\u00f8lger og uopprettelige klimaendringer. Lagmannsretten gir oss langt p\u00e5 vei medhold i at disse skadevirkningene gir grunnlag for forf\u00f8yning. Likevel vant vi ikke frem i denne runden. Det er paradoksalt, og derfor kommer vi til \u00e5 anke kjennelsen til H\u00f8yesterett, sier Frode Pleym, leder i Greenpeace.<\/p>\n\n<h2 class=\"wp-block-heading\">Optimistiske f\u00f8r behandlingen i EFTA-domstol<\/h2>\n\n<p>Lagmannsretten har spurt EFTA-domstolen i Luxembourg om en r\u00e5dgivende uttalelse f\u00f8r de vil ta stilling til gyldigheten av de tre tillatelsene. EFTA-domstolen vil gi sitt r\u00e5d om hvordan prosjektdirektivet skal forst\u00e5s. N\u00e5r saken kommer opp for lagmannsretten har staten forsikret at den vil f\u00f8lge EFTA-domstolens r\u00e5d. Organisasjonene er optimistiske og ser frem til behandlingen fra EFTA-domstolen.&nbsp;<\/p>\n\n<p><strong>LES OGS\u00c5:<\/strong> <a href=\"https:\/\/www.greenpeace.org\/norway\/nyheter\/klimaendringer\/klimasoksmalet-deles-i-tre-og-dras-ut-i-tid-her-far-du-forklaringen\/\">Klimas\u00f8ksm\u00e5let forklart<\/a><\/p>\n\n<p>\u2013 Vi har en veldig god sak framfor EFTA-domstolen. Som kjent har b\u00e5de norske domstoler og britisk H\u00f8yesterett sagt seg enige med oss. Staten st\u00e5r helt alene i et feilaktig syn p\u00e5 E\u00d8S-retten, og vi tror vi kommer til \u00e5 vinne fram med v\u00e5rt syn. Det vil skape juridisk presedens for hele Europa, sier Gytis Bla\u017eevi\u010dius, leder i Natur og Ungdom.<\/p>\n\t\t\t<section\n\t\t\tclass=\"boxout post-58566  sticky-bottom-mobile collapse show\"\n\t\t\tid=\"action-card\"\n\t\t>\n\t\t\t<a\n\t\t\t\tdata-ga-category=\"Take Action Boxout\"\n\t\t\t\tdata-ga-action=\"Image\"\n\t\t\t\tdata-ga-label=\"n\/a\"\n\t\t\t\tclass=\"cover-card-overlay\"\n\t\t\t\thref=\"https:\/\/www.greenpeace.org\/norway\/vaer-med\/stott-kronerullingen-for-klimasoksmalet\/\" \n\t\t\t><\/a>\n\t\t\t\t\t\t\t<img\n\t\t\t\t\t\tsrc=\"https:\/\/www.greenpeace.org\/static\/planet4-norway-stateless\/2023\/06\/9d596e12-image-12-06-2023-at-12.57-1024x481.jpeg\"\n\t\t\t\t\t\tsrcset=\"https:\/\/www.greenpeace.org\/static\/planet4-norway-stateless\/2023\/06\/9d596e12-image-12-06-2023-at-12.57-300x141.jpeg 300w, https:\/\/www.greenpeace.org\/static\/planet4-norway-stateless\/2023\/06\/9d596e12-image-12-06-2023-at-12.57-1024x481.jpeg 1024w, https:\/\/www.greenpeace.org\/static\/planet4-norway-stateless\/2023\/06\/9d596e12-image-12-06-2023-at-12.57-768x361.jpeg 768w, https:\/\/www.greenpeace.org\/static\/planet4-norway-stateless\/2023\/06\/9d596e12-image-12-06-2023-at-12.57-1536x721.jpeg 1536w, https:\/\/www.greenpeace.org\/static\/planet4-norway-stateless\/2023\/06\/9d596e12-image-12-06-2023-at-12.57-2048x961.jpeg 2048w, https:\/\/www.greenpeace.org\/static\/planet4-norway-stateless\/2023\/06\/9d596e12-image-12-06-2023-at-12.57-510x239.jpeg 510w\"\n\t\t\t\t\t\tsizes=\"(min-width: 1000px) 358px, (min-width: 780px) 313px, 88px\"\n\t\t\t\t\t\talt=\"\" title=\"\"\n\t\t\t\t\/>\n            \t\t\t<div class=\"boxout-content\">\n\t\t\t\t\t\t\t\t\t<a\n\t\t\t\t\t\tclass=\"boxout-heading medium\"\n\t\t\t\t\t\tdata-ga-category=\"Take Action Boxout\"\n\t\t\t\t\t\tdata-ga-action=\"Title\"\n\t\t\t\t\t\tdata-ga-label=\"n\/a\"\n\t\t\t\t\t\thref=\"https:\/\/www.greenpeace.org\/norway\/vaer-med\/stott-kronerullingen-for-klimasoksmalet\/\"\n\t\t\t\t\t\t\n\t\t\t\t\t>\n\t\t\t\t\t\tSt\u00f8tt kronerullingen for klimas\u00f8ksm\u00e5let\n\t\t\t\t\t<\/a>\n\t\t\t\t\t\t\t\t\t\t\t\t\t<p class=\"boxout-excerpt\">St\u00f8tt det nye klimas\u00f8ksm\u00e5let. Greenpeace og Natur og Ungdom krever at staten lytter til egen H\u00f8yesterett og stanser nye oljeprosjekter. Vi trenger din hjelp.<\/p>\n\t\t\t\t                                    <a\n                        class=\"btn btn-primary\"\n                        data-ga-category=\"Take Action Boxout\"\n                        data-ga-action=\"Call to Action\"\n                        data-ga-label=\"n\/a\"\n                        href=\"https:\/\/www.greenpeace.org\/norway\/vaer-med\/stott-kronerullingen-for-klimasoksmalet\/\"\n                        \n                    >\n                        V\u00e6r med\n                    <\/a>\n                \t\t\t<\/div>\n\t\t\t\t\t\t\t<a\n\t\t\t\t\tclass=\"not-now\"\n\t\t\t\t\trole=\"button\"\n\t\t\t\t\tdata-bs-toggle=\"collapse\"\n\t\t\t\t\thref=\"#action-card\"\n\t\t\t\t><\/a>\n\t\t\t\t\t<\/section>\n\t\n<p><\/p>\n","protected":false},"excerpt":{"rendered":"<p>Lagmannsretten besluttet i dag at det midlertidige forbudet mot utbygging og produksjon p\u00e5 de tre oljefeltene Yggdrasil, Tyrving og Breidablikk ikke forlenges. Milj\u00f8organisasjonene har likevel stor tro p\u00e5 at de&hellip;<\/p>\n","protected":false},"author":93,"featured_media":61799,"comment_status":"closed","ping_status":"closed","sticky":false,"template":"","format":"standard","meta":{"ep_exclude_from_search":false,"p4_og_title":"Kjennelsen ankes til H\u00f8yesterett","p4_og_description":"Lagmannsretten besluttet at det midlertidige forbudet mot utbygging og produksjon p\u00e5 de tre oljefeltene Yggdrasil, Tyrving og Breidablikk ikke forlenges. ","p4_og_image":"","p4_og_image_id":"","p4_seo_canonical_url":"","p4_campaign_name":"","p4_local_project":"","p4_basket_name":"","p4_department":"","footnotes":""},"categories":[58,1],"tags":[90,96],"p4-page-type":[16],"class_list":["post-61797","post","type-post","status-publish","format-standard","has-post-thumbnail","hentry","category-energi","category-klimaendringer","tag-klimarettssaker","tag-nyttklimasoksmal","p4-page-type-nyheter"],"_links":{"self":[{"href":"https:\/\/www.greenpeace.org\/norway\/wp-json\/wp\/v2\/posts\/61797","targetHints":{"allow":["GET"]}}],"collection":[{"href":"https:\/\/www.greenpeace.org\/norway\/wp-json\/wp\/v2\/posts"}],"about":[{"href":"https:\/\/www.greenpeace.org\/norway\/wp-json\/wp\/v2\/types\/post"}],"author":[{"embeddable":true,"href":"https:\/\/www.greenpeace.org\/norway\/wp-json\/wp\/v2\/users\/93"}],"replies":[{"embeddable":true,"href":"https:\/\/www.greenpeace.org\/norway\/wp-json\/wp\/v2\/comments?post=61797"}],"version-history":[{"count":6,"href":"https:\/\/www.greenpeace.org\/norway\/wp-json\/wp\/v2\/posts\/61797\/revisions"}],"predecessor-version":[{"id":63150,"href":"https:\/\/www.greenpeace.org\/norway\/wp-json\/wp\/v2\/posts\/61797\/revisions\/63150"}],"wp:featuredmedia":[{"embeddable":true,"href":"https:\/\/www.greenpeace.org\/norway\/wp-json\/wp\/v2\/media\/61799"}],"wp:attachment":[{"href":"https:\/\/www.greenpeace.org\/norway\/wp-json\/wp\/v2\/media?parent=61797"}],"wp:term":[{"taxonomy":"category","embeddable":true,"href":"https:\/\/www.greenpeace.org\/norway\/wp-json\/wp\/v2\/categories?post=61797"},{"taxonomy":"post_tag","embeddable":true,"href":"https:\/\/www.greenpeace.org\/norway\/wp-json\/wp\/v2\/tags?post=61797"},{"taxonomy":"p4-page-type","embeddable":true,"href":"https:\/\/www.greenpeace.org\/norway\/wp-json\/wp\/v2\/p4-page-type?post=61797"}],"curies":[{"name":"wp","href":"https:\/\/api.w.org\/{rel}","templated":true}]}}