{"id":62442,"date":"2025-01-07T11:10:29","date_gmt":"2025-01-07T10:10:29","guid":{"rendered":"https:\/\/www.greenpeace.org\/norway\/?p=62442"},"modified":"2025-01-31T08:53:29","modified_gmt":"2025-01-31T07:53:29","slug":"fire-viktige-klima-og-miljosaker-i-2025","status":"publish","type":"post","link":"https:\/\/www.greenpeace.org\/norway\/nyheter\/greenpeace\/fire-viktige-klima-og-miljosaker-i-2025\/","title":{"rendered":"Fire viktige klima- og milj\u00f8saker i Norge og verden i 2025"},"content":{"rendered":"\n<figure class=\"wp-block-image\"><img loading=\"lazy\" decoding=\"async\" width=\"1200\" height=\"800\" src=\"https:\/\/www.greenpeace.org\/static\/planet4-norway-stateless\/2025\/01\/9007d92f-gp0stzjxe.jpg\" title=\"Macaws Flying over Valley in Serra do Arac\u00e1, Brazil. \u00a9 Markus Mauthe \/ Greenpeace\" alt=\"To arapapeg\u00f8yer flyr over dalene i Serra do Arac\u00e1 i Amazonas. \u00a9 Markus Mauthe \/ Greenpeace\" class=\"wp-image-62444\" srcset=\"https:\/\/www.greenpeace.org\/static\/planet4-norway-stateless\/2025\/01\/9007d92f-gp0stzjxe.jpg 1200w, https:\/\/www.greenpeace.org\/static\/planet4-norway-stateless\/2025\/01\/9007d92f-gp0stzjxe-300x200.jpg 300w, https:\/\/www.greenpeace.org\/static\/planet4-norway-stateless\/2025\/01\/9007d92f-gp0stzjxe-1024x683.jpg 1024w, https:\/\/www.greenpeace.org\/static\/planet4-norway-stateless\/2025\/01\/9007d92f-gp0stzjxe-768x512.jpg 768w, https:\/\/www.greenpeace.org\/static\/planet4-norway-stateless\/2025\/01\/9007d92f-gp0stzjxe-510x340.jpg 510w\" sizes=\"auto, (max-width: 1200px) 100vw, 1200px\" \/><figcaption class=\"wp-element-caption\">To arapapeg\u00f8yer flyr over dalene i Serra do Arac\u00e1 i Amazonas. \u00c5rets klimatoppm\u00f8te, COP30,  vil finne sted i Amazonas i november.<div class=\"credit icon-left\"> \u00a9 Markus Mauthe \/ Greenpeace<\/div><\/figcaption><\/figure>\n\n<p><em>Denne saken ble sist oppdatert 31. januar 2025<\/em><\/p>\n\n<p>Arbeidet for \u00e5 beskytte klima og milj\u00f8 fortsetter med full styrke i 2025. Her er fire klima- og milj\u00f8saker vi i Greenpeace skal jobbe med i \u00e5r. Sammen bringer vi h\u00e5p for framtiden!<\/p>\n\n<h2 class=\"wp-block-heading\">1. Vi kjemper for hav som myldrer av liv \u2014 ikke gruvedrift<\/h2>\n\n<p>Vi bygger videre p\u00e5<a href=\"https:\/\/www.greenpeace.org\/norway\/nyheter\/hav\/gruvedrift-pa-havbunnen-stoppes-inntil-videre\/\"> seieren mot gruvedrift p\u00e5 havbunnen i Norge<\/a>, og kjemper for at flere land skal stille seg bak en midlertidig stopp av industrien.&nbsp;<\/p>\n\n<p>Vi er i en avgj\u00f8rende tid hvor vi m\u00e5 s\u00f8rge for at dette blir en varig seier. Skal vi klare det, m\u00e5 vi fortsette \u00e5 holde presset p\u00e5 politikerne oppe. Denne destruktive industrien skal ikke f\u00e5 \u00f8delegge det unike livet i dyphavet, i Arktis eller noe annet sted. <a href=\"https:\/\/www.greenpeace.org\/norway\/hav\/gruvedrift-pa-havbunnen\/\">Gruvedrift p\u00e5 havbunnen <\/a>m\u00e5 stoppes i Norge, globalt, og for godt.<\/p>\n\n<p>Vi jobber ogs\u00e5 for \u00e5 f\u00e5 p\u00e5 plass et globalt nettverk av marine verneomr\u00e5der. For at vi skal kunne beskytte havene mot overfiske og industri, m\u00e5 minst 60 land st\u00f8tte <a href=\"https:\/\/www.greenpeace.org\/norway\/nyheter\/hav\/seier-fn-enige-om-en-global-havavtale\/\">den globale havavtalen<\/a>. M\u00e5let er \u00e5 f\u00e5 til dette innen juni 2025, slik at 30 prosent av havene er beskyttet innen 2030.<\/p>\n\t\t\t<section\n\t\t\tclass=\"boxout post-55344 \"\n\t\t\t\n\t\t>\n\t\t\t<a\n\t\t\t\tdata-ga-category=\"Take Action Boxout\"\n\t\t\t\tdata-ga-action=\"Image\"\n\t\t\t\tdata-ga-label=\"n\/a\"\n\t\t\t\tclass=\"cover-card-overlay\"\n\t\t\t\thref=\"https:\/\/www.greenpeace.org\/norway\/vaer-med\/stopp-gruvedrift-pa-havbunnen\/\" \n\t\t\t><\/a>\n\t\t\t\t\t\t\t<img\n\t\t\t\t\t\tsrc=\"https:\/\/www.greenpeace.org\/static\/planet4-norway-stateless\/2023\/04\/bc83db8c-bilde1.jpg\"\n\t\t\t\t\t\tsrcset=\"https:\/\/www.greenpeace.org\/static\/planet4-norway-stateless\/2023\/04\/bc83db8c-bilde1-300x176.jpg 300w, https:\/\/www.greenpeace.org\/static\/planet4-norway-stateless\/2023\/04\/bc83db8c-bilde1-510x299.jpg 510w, https:\/\/www.greenpeace.org\/static\/planet4-norway-stateless\/2023\/04\/bc83db8c-bilde1.jpg 702w\"\n\t\t\t\t\t\tsizes=\"(min-width: 1000px) 358px, (min-width: 780px) 313px, 88px\"\n\t\t\t\t\t\talt=\"\" title=\"\"\n\t\t\t\t\/>\n            \t\t\t<div class=\"boxout-content\">\n\t\t\t\t\t\t\t\t\t<a\n\t\t\t\t\t\tclass=\"boxout-heading medium\"\n\t\t\t\t\t\tdata-ga-category=\"Take Action Boxout\"\n\t\t\t\t\t\tdata-ga-action=\"Title\"\n\t\t\t\t\t\tdata-ga-label=\"n\/a\"\n\t\t\t\t\t\thref=\"https:\/\/www.greenpeace.org\/norway\/vaer-med\/stopp-gruvedrift-pa-havbunnen\/\"\n\t\t\t\t\t\t\n\t\t\t\t\t>\n\t\t\t\t\t\tSigner: Stopp gruvedrift p\u00e5 havbunnen\n\t\t\t\t\t<\/a>\n\t\t\t\t\t\t\t\t\t\t\t\t\t<p class=\"boxout-excerpt\">Vi m\u00e5 stoppe gruvedrift p\u00e5 havbunnen. Vi er allerede flere hundre tusen mennesker som st\u00e5r sammen mot den nye skadelige industrien. Bli med, signer oppropet.<\/p>\n\t\t\t\t                                    <a\n                        class=\"btn btn-primary\"\n                        data-ga-category=\"Take Action Boxout\"\n                        data-ga-action=\"Call to Action\"\n                        data-ga-label=\"n\/a\"\n                        href=\"https:\/\/www.greenpeace.org\/norway\/vaer-med\/stopp-gruvedrift-pa-havbunnen\/\"\n                        \n                    >\n                        V\u00e6r med\n                    <\/a>\n                \t\t\t<\/div>\n\t\t\t\t\t<\/section>\n\t\n<h2 class=\"wp-block-heading\">2. Vi holder oljeselskaper og stater ansvarlige for at de bidrar til klimakrisen<\/h2>\n\n<p>I fjor ble tre norske oljefelt <a href=\"https:\/\/www.greenpeace.org\/norway\/nyheter\/klimaendringer\/seier-i-det-nye-klimasoksmalet\/\">kjent ulovlige i tingretten<\/a>, men staten har varslet omkamp. Vi kommer til \u00e5 kjempe hardt for \u00e5 nok en gang vinne <a href=\"https:\/\/www.greenpeace.org\/norway\/klimaendringer\/klimasoksmal\/nytt-klimasoksmal-2023-dette-ma-du-vite\/\">det nye klimas\u00f8ksm\u00e5let<\/a> n\u00e5r saken kommer opp for lagmannsretten. Oljefeltene vil f\u00f8re til issmelting, ekstremv\u00e6r og tap av menneskeliv, og det kan vi ikke la skje.<\/p>\n\n<p>Internasjonalt fors\u00f8ker oljegigantene \u00e5 stilne Greenpeace. Det amerikanske oljeselskapet Energy Transfer har for eksempel<a href=\"https:\/\/www.greenpeace.org\/international\/story\/71007\/how-we-got-slapped-by-big-oil-for-over-300000000\/\"> stevnet Greenpeace i USA og Greenpeace International<\/a> for ufattelige 300 millioner dollar (over 3 milliarder norske kroner).&nbsp;<\/p>\n\n<p>Vi lar oss ikke true til taushet \u2014 sammen kan vi holde staten og oljegigantene ansvarlige for klimakrisen, og s\u00f8rge for at de betaler for skadene de har for\u00e5rsaket.<\/p>\n\t\t\t<section\n\t\t\tclass=\"boxout post-58566 \"\n\t\t\t\n\t\t>\n\t\t\t<a\n\t\t\t\tdata-ga-category=\"Take Action Boxout\"\n\t\t\t\tdata-ga-action=\"Image\"\n\t\t\t\tdata-ga-label=\"n\/a\"\n\t\t\t\tclass=\"cover-card-overlay\"\n\t\t\t\thref=\"https:\/\/www.greenpeace.org\/norway\/vaer-med\/stott-kronerullingen-for-klimasoksmalet\/\" \n\t\t\t><\/a>\n\t\t\t\t\t\t\t<img\n\t\t\t\t\t\tsrc=\"https:\/\/www.greenpeace.org\/static\/planet4-norway-stateless\/2023\/06\/9d596e12-image-12-06-2023-at-12.57-1024x481.jpeg\"\n\t\t\t\t\t\tsrcset=\"https:\/\/www.greenpeace.org\/static\/planet4-norway-stateless\/2023\/06\/9d596e12-image-12-06-2023-at-12.57-300x141.jpeg 300w, https:\/\/www.greenpeace.org\/static\/planet4-norway-stateless\/2023\/06\/9d596e12-image-12-06-2023-at-12.57-1024x481.jpeg 1024w, https:\/\/www.greenpeace.org\/static\/planet4-norway-stateless\/2023\/06\/9d596e12-image-12-06-2023-at-12.57-768x361.jpeg 768w, https:\/\/www.greenpeace.org\/static\/planet4-norway-stateless\/2023\/06\/9d596e12-image-12-06-2023-at-12.57-1536x721.jpeg 1536w, https:\/\/www.greenpeace.org\/static\/planet4-norway-stateless\/2023\/06\/9d596e12-image-12-06-2023-at-12.57-2048x961.jpeg 2048w, https:\/\/www.greenpeace.org\/static\/planet4-norway-stateless\/2023\/06\/9d596e12-image-12-06-2023-at-12.57-510x239.jpeg 510w\"\n\t\t\t\t\t\tsizes=\"(min-width: 1000px) 358px, (min-width: 780px) 313px, 88px\"\n\t\t\t\t\t\talt=\"\" title=\"\"\n\t\t\t\t\/>\n            \t\t\t<div class=\"boxout-content\">\n\t\t\t\t\t\t\t\t\t<a\n\t\t\t\t\t\tclass=\"boxout-heading medium\"\n\t\t\t\t\t\tdata-ga-category=\"Take Action Boxout\"\n\t\t\t\t\t\tdata-ga-action=\"Title\"\n\t\t\t\t\t\tdata-ga-label=\"n\/a\"\n\t\t\t\t\t\thref=\"https:\/\/www.greenpeace.org\/norway\/vaer-med\/stott-kronerullingen-for-klimasoksmalet\/\"\n\t\t\t\t\t\t\n\t\t\t\t\t>\n\t\t\t\t\t\tSt\u00f8tt kronerullingen for klimas\u00f8ksm\u00e5let\n\t\t\t\t\t<\/a>\n\t\t\t\t\t\t\t\t\t\t\t\t\t<p class=\"boxout-excerpt\">St\u00f8tt det nye klimas\u00f8ksm\u00e5let. Greenpeace og Natur og Ungdom krever at staten lytter til egen H\u00f8yesterett og stanser nye oljeprosjekter. Vi trenger din hjelp.<\/p>\n\t\t\t\t                                    <a\n                        class=\"btn btn-primary\"\n                        data-ga-category=\"Take Action Boxout\"\n                        data-ga-action=\"Call to Action\"\n                        data-ga-label=\"n\/a\"\n                        href=\"https:\/\/www.greenpeace.org\/norway\/vaer-med\/stott-kronerullingen-for-klimasoksmalet\/\"\n                        \n                    >\n                        V\u00e6r med\n                    <\/a>\n                \t\t\t<\/div>\n\t\t\t\t\t<\/section>\n\t\n<h2 class=\"wp-block-heading\">3. Vi setter s\u00f8kelyset p\u00e5 utslipp i landbrukssektoren<\/h2>\n\n<p>De store industrielle <a href=\"https:\/\/www.greenpeace.org\/norway\/skog-og-landbruk\/matindustrien\/\">kj\u00f8tt- og meieriprodusentene<\/a> st\u00e5r for n\u00e6rmere 20 prosent av de globale klimautslippene, og er en av hoved\u00e5rsakene til at biologisk mangfold forsvinner.<\/p>\n\n<p>I l\u00f8pet av 2025 fortsetter vi arbeidet med \u00e5 vise hvordan disse gigantene skruppel\u00f8st fortsetter sin skadelige virksomhet. Hovedinnsatsen v\u00e5r kommer til \u00e5 skje p\u00e5 det enormt viktige klimatoppm\u00f8tet i Amazonas, COP30, i november.<\/p>\n\n<p>LES OGS\u00c5: <a href=\"https:\/\/www.greenpeace.org\/norway\/nyheter\/greenpeace\/fem-gode-nyheter-for-klima-og-miljo\/\">Fem gode nyheter for klima og milj\u00f8 i 2024<\/a><\/p>\n\n<h2 class=\"wp-block-heading\">4. Vi jobber for \u00e5 stoppe Equinors skadelige utenlandsprosjekter<\/h2>\n\n<p>Vi jobber tett med andre milj\u00f8organisasjoner rundt om i verden for \u00e5 stoppe <a href=\"https:\/\/www.greenpeace.org\/norway\/nyheter\/energi\/greenpeace-avslorer-sannheten-om-equinors-skitne-utenlandsprosjekter\/\">Equinors klima- og natur\u00f8deleggende utenlandsprosjekter<\/a>.\u00a0 Et av dem er <a href=\"https:\/\/www.greenpeace.org\/norway\/nyheter\/energi\/derfor-ma-equinors-oljefelt-rosebank-stoppes\/\">Equinors planlagte oljefelt Rosebank<\/a> utenfor Shetland. Prosjektet vil bli en katastrofe b\u00e5de for klima, milj\u00f8 og menneskerettigheter.<\/p>\n\n<p>Equinors partner p\u00e5 oljefeltet heter Ithaca Energy og er majoritetseid av Delek Group,  et av Israels st\u00f8rste energiselskaper. De st\u00e5r oppf\u00f8rt p\u00e5 FNs \u201csvarteliste\u201d over selskaper som opererer i okkuperte omr\u00e5der i Palestina. Rosebank-prosjektet vil sende milliarder av kroner til det svartelistede israelske selskapet. som ogs\u00e5 leverer drivstoff til det israelske milit\u00e6ret, IDF.<\/p>\n\n<p>Prosjektet er blitt m\u00f8tt av store protester i Storbritannia. Greenpeace og en britisk milj\u00f8organisasjon, Uplift, valgte \u00e5 g\u00e5 rettens vei. Dommen kom i januar 2025 og erkl\u00e6rer at <a href=\"https:\/\/www.greenpeace.org\/norway\/nyheter\/energi\/equinors-rosebank-felt-kjent-ulovlig-i-skotsk-rett\/\">tillatelsen til \u00e5 bygge oljefeltet Rosebank er ugyldig<\/a>, til stor jubel fra saks\u00f8kerne.<\/p>\n\n<p>Dommen fra den skotske retten sl\u00e5r fast at den britiske regjeringen ikke vurderte klimaeffektene godt nok f\u00f8r de ga selskapene tillatelse til \u00e5 bygge ut Rosebank. Dommen inneb\u00e6rer at Equinor ikke f\u00e5r produsere olje p\u00e5 feltet, og at de eventuelt m\u00e5 starte s\u00f8knadsprosessen p\u00e5 nytt dersom de ikke gir opp planene. Retten forbyr likevel ikke videre utbygging.<\/p>\n\n<p>Her i Norge har vi <a href=\"https:\/\/www.greenpeace.org\/norway\/nyheter\/energi\/rosebank-greenpeace-klager-inn-equinor-til-forbrukertilsynet\/\">klaget inn Equinor til Forbrukertilsynet for brudd p\u00e5 \u00e5penhetsloven<\/a>. I 2025 vil vi fortsette \u00e5 jobbe for at det statseide oljeselskapet v\u00e5rt setter klima, natur og menneskerettigheter over oljeprofitt, stopper samarbeidet med Ithaca Energy og skrinlegger Rosebank for godt.<\/p>\n\t\t\t<section\n\t\t\tclass=\"boxout post-60331 \"\n\t\t\t\n\t\t>\n\t\t\t<a\n\t\t\t\tdata-ga-category=\"Take Action Boxout\"\n\t\t\t\tdata-ga-action=\"Image\"\n\t\t\t\tdata-ga-label=\"n\/a\"\n\t\t\t\tclass=\"cover-card-overlay\"\n\t\t\t\thref=\"https:\/\/www.greenpeace.org\/norway\/vaer-med\/signer-equinor-ma-avslutte-samarbeidet-med-ithaca-eid-av-israel\/\" \n\t\t\t><\/a>\n\t\t\t\t\t\t\t<img\n\t\t\t\t\t\tsrc=\"https:\/\/www.greenpeace.org\/static\/planet4-norway-stateless\/2024\/05\/92984cb4-gp0stzgv0_low-res-800px.jpg\"\n\t\t\t\t\t\tsrcset=\"https:\/\/www.greenpeace.org\/static\/planet4-norway-stateless\/2024\/05\/92984cb4-gp0stzgv0_low-res-800px-300x200.jpg 300w, https:\/\/www.greenpeace.org\/static\/planet4-norway-stateless\/2024\/05\/92984cb4-gp0stzgv0_low-res-800px-768x511.jpg 768w, https:\/\/www.greenpeace.org\/static\/planet4-norway-stateless\/2024\/05\/92984cb4-gp0stzgv0_low-res-800px-510x340.jpg 510w, https:\/\/www.greenpeace.org\/static\/planet4-norway-stateless\/2024\/05\/92984cb4-gp0stzgv0_low-res-800px.jpg 800w\"\n\t\t\t\t\t\tsizes=\"(min-width: 1000px) 358px, (min-width: 780px) 313px, 88px\"\n\t\t\t\t\t\talt=\"Greenpeace Spania og \u00abUnmute Gaza\u00bb viser en illustrasjon laget av den amerikanske billedkunstneren Shepard Fairey \u00abObey\u00bb i Reina Sof\u00eda-museet i Madrid for \u00e5 oppfordre til en umiddelbar v\u00e5penhvile i Gaza.\" title=\"Greenpeace Spania og \u00abUnmute Gaza\u00bb viser en illustrasjon laget av den amerikanske billedkunstneren Shepard Fairey \u00abObey\u00bb i Reina Sof\u00eda-museet i Madrid for \u00e5 oppfordre til en umiddelbar v\u00e5penhvile i Gaza.\"\n\t\t\t\t\/>\n            \t\t\t<div class=\"boxout-content\">\n\t\t\t\t\t\t\t\t\t<a\n\t\t\t\t\t\tclass=\"boxout-heading medium\"\n\t\t\t\t\t\tdata-ga-category=\"Take Action Boxout\"\n\t\t\t\t\t\tdata-ga-action=\"Title\"\n\t\t\t\t\t\tdata-ga-label=\"n\/a\"\n\t\t\t\t\t\thref=\"https:\/\/www.greenpeace.org\/norway\/vaer-med\/signer-equinor-ma-avslutte-samarbeidet-med-ithaca-eid-av-israel\/\"\n\t\t\t\t\t\t\n\t\t\t\t\t>\n\t\t\t\t\t\tSigner: Equinor m\u00e5 avslutte samarbeidet med israelsk-eide Ithaca Energy\n\t\t\t\t\t<\/a>\n\t\t\t\t\t\t\t\t\t\t\t\t\t<p class=\"boxout-excerpt\">Equinors Rosebank-samarbeid med Ithaca Energy vil bidra til brudd p\u00e5 folkeretten i Palestina. Ithaca er eid av et sv\u00e6rt problematisk selskap, israelske Delek Group.<\/p>\n\t\t\t\t                                    <a\n                        class=\"btn btn-primary\"\n                        data-ga-category=\"Take Action Boxout\"\n                        data-ga-action=\"Call to Action\"\n                        data-ga-label=\"n\/a\"\n                        href=\"https:\/\/www.greenpeace.org\/norway\/vaer-med\/signer-equinor-ma-avslutte-samarbeidet-med-ithaca-eid-av-israel\/\"\n                        \n                    >\n                        V\u00e6r med\n                    <\/a>\n                \t\t\t<\/div>\n\t\t\t\t\t<\/section>\n\t\n<h2 class=\"wp-block-heading\">Slik kan du bidra til \u00e5 beskytte klima og milj\u00f8<\/h2>\n\n<p>Fram mot 2030 jobber Greenpeace for at:<\/p>\n\n<ul class=\"wp-block-list\">\n<li>Minst 30 prosent av land og hav har sterkt vern<\/li>\n\n\n\n<li>Globale klimagassutslipp er halvert<\/li>\n\n\n\n<li>Det skal bli slutt p\u00e5 overproduksjonen av engangsplast<\/li>\n\n\n\n<li>Alle nye olje- og gassprosjekter er stanset, og en strategi for \u00e5 f\u00e5 slutt p\u00e5 bruken av fossile brensler er iverksatt<\/li>\n\n\n\n<li>Helse og natur prioriteres over profitt<\/li>\n<\/ul>\n\n<figure class=\"wp-block-image is-resized\"><img loading=\"lazy\" decoding=\"async\" width=\"1200\" height=\"798\" src=\"https:\/\/www.greenpeace.org\/static\/planet4-norway-stateless\/2025\/01\/8ae3bac3-gp0su2x05.jpg\" title=\"Global Day of Action before Biodiversity COP16 - Prague, Czechia. \u00a9 Greenpeace \/ Anna \u0160olcov\u00e1\" alt=\"Global Day of Action before Biodiversity COP16 - Prague, Czechia. \u00a9 Greenpeace \/ Anna \u0160olcov\u00e1\" class=\"wp-image-62443\" style=\"width:736px;height:auto\" srcset=\"https:\/\/www.greenpeace.org\/static\/planet4-norway-stateless\/2025\/01\/8ae3bac3-gp0su2x05.jpg 1200w, https:\/\/www.greenpeace.org\/static\/planet4-norway-stateless\/2025\/01\/8ae3bac3-gp0su2x05-300x200.jpg 300w, https:\/\/www.greenpeace.org\/static\/planet4-norway-stateless\/2025\/01\/8ae3bac3-gp0su2x05-1024x681.jpg 1024w, https:\/\/www.greenpeace.org\/static\/planet4-norway-stateless\/2025\/01\/8ae3bac3-gp0su2x05-768x511.jpg 768w, https:\/\/www.greenpeace.org\/static\/planet4-norway-stateless\/2025\/01\/8ae3bac3-gp0su2x05-510x340.jpg 510w\" sizes=\"auto, (max-width: 1200px) 100vw, 1200px\" \/><figcaption class=\"wp-element-caption\">En melding om h\u00e5p for naturen, fra aktivister i Greenpeace i Tsjekkia.<div class=\"credit icon-left\"> \u00a9 Greenpeace \/ Anna \u0160olcov\u00e1<\/div><\/figcaption><\/figure>\n\n<p>Alt arbeidet vi gj\u00f8r for verdens skoger, hav, dyr og natur, er finansiert av engasjerte enkeltpersoner. Greenpeace tar av prinsipp ikke imot en eneste krone fra selskaper eller myndigheter.<\/p>\n\n<p>Derfor er vi avhengig av st\u00f8tten fra engasjerte mennesker som deg. Sammen kan vi f\u00e5 gjennom endringene planeten v\u00e5r trenger i 2025:<\/p>\n\t\t\t<section\n\t\t\tclass=\"boxout post-1229  sticky-bottom-mobile collapse show\"\n\t\t\tid=\"action-card\"\n\t\t>\n\t\t\t<a\n\t\t\t\tdata-ga-category=\"Take Action Boxout\"\n\t\t\t\tdata-ga-action=\"Image\"\n\t\t\t\tdata-ga-label=\"n\/a\"\n\t\t\t\tclass=\"cover-card-overlay\"\n\t\t\t\thref=\"https:\/\/www.greenpeace.org\/norway\/vaer-med\/stott-oss\/\" \n\t\t\t><\/a>\n\t\t\t\t\t\t\t<img\n\t\t\t\t\t\tsrc=\"https:\/\/www.greenpeace.org\/static\/planet4-norway-stateless\/2022\/02\/487ac5d0-gp1swsny-1024x767.jpg\"\n\t\t\t\t\t\tsrcset=\"https:\/\/www.greenpeace.org\/static\/planet4-norway-stateless\/2022\/02\/487ac5d0-gp1swsny-300x225.jpg 300w, https:\/\/www.greenpeace.org\/static\/planet4-norway-stateless\/2022\/02\/487ac5d0-gp1swsny-1024x767.jpg 1024w, https:\/\/www.greenpeace.org\/static\/planet4-norway-stateless\/2022\/02\/487ac5d0-gp1swsny-768x575.jpg 768w, https:\/\/www.greenpeace.org\/static\/planet4-norway-stateless\/2022\/02\/487ac5d0-gp1swsny-454x340.jpg 454w, https:\/\/www.greenpeace.org\/static\/planet4-norway-stateless\/2022\/02\/487ac5d0-gp1swsny.jpg 1200w\"\n\t\t\t\t\t\tsizes=\"(min-width: 1000px) 358px, (min-width: 780px) 313px, 88px\"\n\t\t\t\t\t\talt=\"Flyfoto av en \u00f8y formet som et hjerte\" title=\"Flyfoto av en \u00f8y formet som et hjerte\"\n\t\t\t\t\/>\n            \t\t\t<div class=\"boxout-content\">\n\t\t\t\t\t\t\t\t\t<a\n\t\t\t\t\t\tclass=\"boxout-heading medium\"\n\t\t\t\t\t\tdata-ga-category=\"Take Action Boxout\"\n\t\t\t\t\t\tdata-ga-action=\"Title\"\n\t\t\t\t\t\tdata-ga-label=\"n\/a\"\n\t\t\t\t\t\thref=\"https:\/\/www.greenpeace.org\/norway\/vaer-med\/stott-oss\/\"\n\t\t\t\t\t\t\n\t\t\t\t\t>\n\t\t\t\t\t\tSt\u00f8tt arbeidet v\u00e5rt for klima og milj\u00f8\n\t\t\t\t\t<\/a>\n\t\t\t\t\t\t\t\t\t\t\t\t\t<p class=\"boxout-excerpt\">Sammen utgj\u00f8r vi en forskjell for den s\u00e5rbare planeten v\u00e5r.<\/p>\n\t\t\t\t                                    <a\n                        class=\"btn btn-primary\"\n                        data-ga-category=\"Take Action Boxout\"\n                        data-ga-action=\"Call to Action\"\n                        data-ga-label=\"n\/a\"\n                        href=\"https:\/\/www.greenpeace.org\/norway\/vaer-med\/stott-oss\/\"\n                        \n                    >\n                        V\u00e6r med\n                    <\/a>\n                \t\t\t<\/div>\n\t\t\t\t\t\t\t<a\n\t\t\t\t\tclass=\"not-now\"\n\t\t\t\t\trole=\"button\"\n\t\t\t\t\tdata-bs-toggle=\"collapse\"\n\t\t\t\t\thref=\"#action-card\"\n\t\t\t\t><\/a>\n\t\t\t\t\t<\/section>\n\t","protected":false},"excerpt":{"rendered":"<p>Arbeidet for \u00e5 beskytte klima og milj\u00f8 fortsetter med full styrke i 2025. Her er fire klima- og milj\u00f8saker vi i Greenpeace skal jobbe med i \u00e5r.<\/p>\n","protected":false},"author":35,"featured_media":62444,"comment_status":"closed","ping_status":"closed","sticky":false,"template":"","format":"standard","meta":{"ep_exclude_from_search":false,"p4_og_title":"","p4_og_description":"","p4_og_image":"","p4_og_image_id":"","p4_seo_canonical_url":"","p4_campaign_name":"","p4_local_project":"","p4_basket_name":"","p4_department":"","footnotes":""},"categories":[26],"tags":[32,78,96,48,94,29],"p4-page-type":[16],"class_list":["post-62442","post","type-post","status-publish","format-standard","has-post-thumbnail","hentry","category-greenpeace","tag-beskytthavet","tag-gruvedrift","tag-nyttklimasoksmal","tag-matproduksjon","tag-equinor","tag-fossilenergi","p4-page-type-nyheter"],"_links":{"self":[{"href":"https:\/\/www.greenpeace.org\/norway\/wp-json\/wp\/v2\/posts\/62442","targetHints":{"allow":["GET"]}}],"collection":[{"href":"https:\/\/www.greenpeace.org\/norway\/wp-json\/wp\/v2\/posts"}],"about":[{"href":"https:\/\/www.greenpeace.org\/norway\/wp-json\/wp\/v2\/types\/post"}],"author":[{"embeddable":true,"href":"https:\/\/www.greenpeace.org\/norway\/wp-json\/wp\/v2\/users\/35"}],"replies":[{"embeddable":true,"href":"https:\/\/www.greenpeace.org\/norway\/wp-json\/wp\/v2\/comments?post=62442"}],"version-history":[{"count":20,"href":"https:\/\/www.greenpeace.org\/norway\/wp-json\/wp\/v2\/posts\/62442\/revisions"}],"predecessor-version":[{"id":62962,"href":"https:\/\/www.greenpeace.org\/norway\/wp-json\/wp\/v2\/posts\/62442\/revisions\/62962"}],"wp:featuredmedia":[{"embeddable":true,"href":"https:\/\/www.greenpeace.org\/norway\/wp-json\/wp\/v2\/media\/62444"}],"wp:attachment":[{"href":"https:\/\/www.greenpeace.org\/norway\/wp-json\/wp\/v2\/media?parent=62442"}],"wp:term":[{"taxonomy":"category","embeddable":true,"href":"https:\/\/www.greenpeace.org\/norway\/wp-json\/wp\/v2\/categories?post=62442"},{"taxonomy":"post_tag","embeddable":true,"href":"https:\/\/www.greenpeace.org\/norway\/wp-json\/wp\/v2\/tags?post=62442"},{"taxonomy":"p4-page-type","embeddable":true,"href":"https:\/\/www.greenpeace.org\/norway\/wp-json\/wp\/v2\/p4-page-type?post=62442"}],"curies":[{"name":"wp","href":"https:\/\/api.w.org\/{rel}","templated":true}]}}