{"id":629,"date":"2017-02-14T00:00:00","date_gmt":"2017-02-14T00:00:00","guid":{"rendered":"https:\/\/master.k8s.p4.greenpeace.org\/norway\/nyheter\/629\/klimarettssak-i-november\/"},"modified":"2023-08-30T11:25:31","modified_gmt":"2023-08-30T10:25:31","slug":"klimarettssak-i-november","status":"publish","type":"post","link":"https:\/\/www.greenpeace.org\/norway\/nyheter\/klimaendringer\/klimarettssak-i-november\/","title":{"rendered":"Klimarettssak i november"},"content":{"rendered":"\n<figure class=\"wp-block-image\"><img decoding=\"async\" src=\"https:\/\/www.greenpeace.org\/static\/planet4-norway-stateless\/2019\/04\/512f3caa-512f3caa-gp0stq8d5.jpg\" alt=\"Greenpeace og Natur og Ungdom holder opp banner p\u00e5 trappen av Tinghuset i forbindelse med Klimas\u00f8ksm\u00e5l Arktis\" title=\"Greenpeace og Natur og Ungdom holder opp banner p\u00e5 trappen av Tinghuset i forbindelse med Klimas\u00f8ksm\u00e5l Arktis\"\/><\/figure>\n\n<p><strong>Oslo Tingrett har i dag satt dato for Norges f\u00f8rste klimarettssak. Natur og Ungdom og Greenpeace har saks\u00f8kt staten for oljeboring i Barentshavet. Rettssaken starter 13. november og vil vare i opptil to uker.<\/strong><\/p>\n\n<p>Norge var et av de f\u00f8rste landene som ratifiserte Parisavtalen i juni 2016, og har sammen med EU forpliktet seg til \u00e5 kutte 40 prosent av klimagassutslippene innen 2030. Likevel delte regjeringen samme m\u00e5ned ut tillatelser til \u00e5 bore etter olje i nye omr\u00e5der i Barentshavet gjennom 23. konsesjonsrunde.<\/p>\n\n<p>\u2013 \u00c5 \u00e5pne for oljeboring i v\u00e5re mest s\u00e5rbare omr\u00e5der i Arktis, er ikke bare en tragedie for klimaet, men ogs\u00e5 i direkte konflikt med m\u00e5lene vi har forpliktet oss til gjennom Parisavtalen og milj\u00f8paragrafen i den norske Grunnloven, sier Truls Gulowsen, leder for Greenpeace i Norge.<\/p>\n\n<p>Verden er n\u00f8dt til \u00e5 begrense den globale oppvarmingen til mellom 1,5 og 2 grader for \u00e5 unng\u00e5 katastrofale og uopprettelige klimakonsekvenser, if\u00f8lge FN. <a href=\"https:\/\/snl.no\/Grunnlovens_milj%C3%B8paragraf\">Grunnlovens milj\u00f8paragraf \u00a7 112<\/a> sl\u00e5r fast at det er staten som har ansvaret for \u00e5 verne om naturen og milj\u00f8et for framtidige generasjoner.<\/p>\n\n<p>\u2013 Det politikerne kaller et \u201coljeeventyr\u201d i nord, vil i realiteten bli et mareritt for oss som skal arve jordkloden. Dersom vi tillater mer oljeboring i Arktis, s\u00e5 tillater vi ogs\u00e5 at oljeselskapene \u00f8delegger v\u00e5r felles framtid. Det er uakseptabelt, sier Ingrid Skjoldv\u00e6r, leder for Natur og Ungdom.<\/p>\n\n<p>Det reises stadig flere klimas\u00f8ksm\u00e5l rundt om i verden, men det norske er et av de f\u00f8rste som faktisk skal g\u00e5 for retten. Saks\u00f8kerne vil kalle inn klimaforskere og samfunns\u00f8konomer som vitner.<\/p>\n\n<p>Hvis du ikke allerede har gjort det, <a href=\"https:\/\/www.savethearctic.org\/no\/peoplevsarcticoil\/\">skriv under p\u00e5 klimas\u00f8ksm\u00e5let her.<\/a><\/p>\n","protected":false},"excerpt":{"rendered":"<p>Oslo Tingrett har i dag satt dato for Norges f\u00f8rste klimarettssak. Natur og Ungdom og Greenpeace har saks\u00f8kt staten for oljeboring i Barentshavet.<\/p>\n","protected":false},"author":27,"featured_media":966,"comment_status":"open","ping_status":"open","sticky":false,"template":"","format":"standard","meta":{"ep_exclude_from_search":false,"p4_og_title":"","p4_og_description":"","p4_og_image":"","p4_og_image_id":"","p4_seo_canonical_url":"","p4_campaign_name":"not set","p4_local_project":"not set","p4_basket_name":"not set","p4_department":"","footnotes":""},"categories":[1],"tags":[23,90,69,29,66],"p4-page-type":[16],"class_list":["post-629","post","type-post","status-publish","format-standard","has-post-thumbnail","hentry","category-klimaendringer","tag-klimaklagen","tag-klimarettssaker","tag-menneskerettigheter","tag-fossilenergi","tag-arktis","p4-page-type-nyheter"],"_links":{"self":[{"href":"https:\/\/www.greenpeace.org\/norway\/wp-json\/wp\/v2\/posts\/629","targetHints":{"allow":["GET"]}}],"collection":[{"href":"https:\/\/www.greenpeace.org\/norway\/wp-json\/wp\/v2\/posts"}],"about":[{"href":"https:\/\/www.greenpeace.org\/norway\/wp-json\/wp\/v2\/types\/post"}],"author":[{"embeddable":true,"href":"https:\/\/www.greenpeace.org\/norway\/wp-json\/wp\/v2\/users\/27"}],"replies":[{"embeddable":true,"href":"https:\/\/www.greenpeace.org\/norway\/wp-json\/wp\/v2\/comments?post=629"}],"version-history":[{"count":6,"href":"https:\/\/www.greenpeace.org\/norway\/wp-json\/wp\/v2\/posts\/629\/revisions"}],"predecessor-version":[{"id":57464,"href":"https:\/\/www.greenpeace.org\/norway\/wp-json\/wp\/v2\/posts\/629\/revisions\/57464"}],"wp:featuredmedia":[{"embeddable":true,"href":"https:\/\/www.greenpeace.org\/norway\/wp-json\/wp\/v2\/media\/966"}],"wp:attachment":[{"href":"https:\/\/www.greenpeace.org\/norway\/wp-json\/wp\/v2\/media?parent=629"}],"wp:term":[{"taxonomy":"category","embeddable":true,"href":"https:\/\/www.greenpeace.org\/norway\/wp-json\/wp\/v2\/categories?post=629"},{"taxonomy":"post_tag","embeddable":true,"href":"https:\/\/www.greenpeace.org\/norway\/wp-json\/wp\/v2\/tags?post=629"},{"taxonomy":"p4-page-type","embeddable":true,"href":"https:\/\/www.greenpeace.org\/norway\/wp-json\/wp\/v2\/p4-page-type?post=629"}],"curies":[{"name":"wp","href":"https:\/\/api.w.org\/{rel}","templated":true}]}}