{"id":63518,"date":"2025-04-10T08:10:30","date_gmt":"2025-04-10T07:10:30","guid":{"rendered":"https:\/\/www.greenpeace.org\/norway\/?p=63518"},"modified":"2025-10-07T12:59:43","modified_gmt":"2025-10-07T11:59:43","slug":"seks-gode-nyheter-for-klima-og-miljo-fra-forste-del-av-2025","status":"publish","type":"post","link":"https:\/\/www.greenpeace.org\/norway\/nyheter\/greenpeace\/seks-gode-nyheter-for-klima-og-miljo-fra-forste-del-av-2025\/","title":{"rendered":"Seks gode nyheter for klima og milj\u00f8 fra f\u00f8rste del av 2025"},"content":{"rendered":"\n<figure class=\"wp-block-image\"><img loading=\"lazy\" decoding=\"async\" width=\"1200\" height=\"800\" src=\"https:\/\/www.greenpeace.org\/static\/planet4-norway-stateless\/2025\/04\/5aa95eb8-gp0stqa68.jpg\" title=\"En jente poserer med et skilt som representerer solen i Marokko.\" alt=\"En jente poserer med et skilt som representerer solen i Marokko. \" class=\"wp-image-63629\" srcset=\"https:\/\/www.greenpeace.org\/static\/planet4-norway-stateless\/2025\/04\/5aa95eb8-gp0stqa68.jpg 1200w, https:\/\/www.greenpeace.org\/static\/planet4-norway-stateless\/2025\/04\/5aa95eb8-gp0stqa68-300x200.jpg 300w, https:\/\/www.greenpeace.org\/static\/planet4-norway-stateless\/2025\/04\/5aa95eb8-gp0stqa68-1024x683.jpg 1024w, https:\/\/www.greenpeace.org\/static\/planet4-norway-stateless\/2025\/04\/5aa95eb8-gp0stqa68-768x512.jpg 768w, https:\/\/www.greenpeace.org\/static\/planet4-norway-stateless\/2025\/04\/5aa95eb8-gp0stqa68-510x340.jpg 510w\" sizes=\"auto, (max-width: 1200px) 100vw, 1200px\" \/><figcaption class=\"wp-element-caption\">En jente poserer med et skilt som representerer solen.<div class=\"credit icon-left\"> \u00a9 Jeremy Sutton-Hibbert \/ Greenpeace<\/div><\/figcaption><\/figure>\n\n<p>Vi vil gjerne feire noen gr\u00f8nne seire med deg! Her er&nbsp;seks <strong><a href=\"https:\/\/www.greenpeace.org\/norway\/vare-saker\/gode-nyheter-for-klima-og-miljo\/\">gode nyheter<\/a>&nbsp;<\/strong>for klima og milj\u00f8 fra starten av 2025.<\/p>\n\n<h2 class=\"wp-block-heading\">Seks gode nyheter for klima og milj\u00f8<\/h2>\n\n<h3 class=\"wp-block-heading\">1. Positive nyheter for dyphavet<\/h3>\n\n<blockquote class=\"instagram-media\" data-instgrm-permalink=\"https:\/\/www.instagram.com\/p\/DIN5H7eOUDn\/?utm_source=ig_embed&amp;utm_campaign=loading\" data-instgrm-version=\"14\" style=\" background:#FFF; border:0; border-radius:3px; box-shadow:0 0 1px 0 rgba(0,0,0,0.5),0 1px 10px 0 rgba(0,0,0,0.15); margin: 1px; max-width:540px; min-width:326px; padding:0; width:99.375%; width:-webkit-calc(100% - 2px); width:calc(100% - 2px);\"><div style=\"padding:16px;\"> <a href=\"https:\/\/www.instagram.com\/p\/DIN5H7eOUDn\/?utm_source=ig_embed&amp;utm_campaign=loading\" style=\" background:#FFFFFF; line-height:0; padding:0 0; text-align:center; text-decoration:none; width:100%;\" target=\"_blank\"> <div style=\" display: flex; flex-direction: row; align-items: center;\"> <div style=\"background-color: #F4F4F4; border-radius: 50%; flex-grow: 0; height: 40px; margin-right: 14px; width: 40px;\"><\/div> <div style=\"display: flex; flex-direction: column; flex-grow: 1; justify-content: center;\"> <div style=\" background-color: #F4F4F4; border-radius: 4px; flex-grow: 0; height: 14px; margin-bottom: 6px; width: 100px;\"><\/div> <div style=\" background-color: #F4F4F4; border-radius: 4px; flex-grow: 0; height: 14px; width: 60px;\"><\/div><\/div><\/div><div style=\"padding: 19% 0;\"><\/div> <div style=\"display:block; height:50px; margin:0 auto 12px; width:50px;\"><svg width=\"50px\" height=\"50px\" viewBox=\"0 0 60 60\" version=\"1.1\" xmlns=\"https:\/\/www.w3.org\/2000\/svg\" xmlns:xlink=\"https:\/\/www.w3.org\/1999\/xlink\"><g stroke=\"none\" stroke-width=\"1\" fill=\"none\" fill-rule=\"evenodd\"><g transform=\"translate(-511.000000, -20.000000)\" fill=\"#000000\"><g><path d=\"M556.869,30.41 C554.814,30.41 553.148,32.076 553.148,34.131 C553.148,36.186 554.814,37.852 556.869,37.852 C558.924,37.852 560.59,36.186 560.59,34.131 C560.59,32.076 558.924,30.41 556.869,30.41 M541,60.657 C535.114,60.657 530.342,55.887 530.342,50 C530.342,44.114 535.114,39.342 541,39.342 C546.887,39.342 551.658,44.114 551.658,50 C551.658,55.887 546.887,60.657 541,60.657 M541,33.886 C532.1,33.886 524.886,41.1 524.886,50 C524.886,58.899 532.1,66.113 541,66.113 C549.9,66.113 557.115,58.899 557.115,50 C557.115,41.1 549.9,33.886 541,33.886 M565.378,62.101 C565.244,65.022 564.756,66.606 564.346,67.663 C563.803,69.06 563.154,70.057 562.106,71.106 C561.058,72.155 560.06,72.803 558.662,73.347 C557.607,73.757 556.021,74.244 553.102,74.378 C549.944,74.521 548.997,74.552 541,74.552 C533.003,74.552 532.056,74.521 528.898,74.378 C525.979,74.244 524.393,73.757 523.338,73.347 C521.94,72.803 520.942,72.155 519.894,71.106 C518.846,70.057 518.197,69.06 517.654,67.663 C517.244,66.606 516.755,65.022 516.623,62.101 C516.479,58.943 516.448,57.996 516.448,50 C516.448,42.003 516.479,41.056 516.623,37.899 C516.755,34.978 517.244,33.391 517.654,32.338 C518.197,30.938 518.846,29.942 519.894,28.894 C520.942,27.846 521.94,27.196 523.338,26.654 C524.393,26.244 525.979,25.756 528.898,25.623 C532.057,25.479 533.004,25.448 541,25.448 C548.997,25.448 549.943,25.479 553.102,25.623 C556.021,25.756 557.607,26.244 558.662,26.654 C560.06,27.196 561.058,27.846 562.106,28.894 C563.154,29.942 563.803,30.938 564.346,32.338 C564.756,33.391 565.244,34.978 565.378,37.899 C565.522,41.056 565.552,42.003 565.552,50 C565.552,57.996 565.522,58.943 565.378,62.101 M570.82,37.631 C570.674,34.438 570.167,32.258 569.425,30.349 C568.659,28.377 567.633,26.702 565.965,25.035 C564.297,23.368 562.623,22.342 560.652,21.575 C558.743,20.834 556.562,20.326 553.369,20.18 C550.169,20.033 549.148,20 541,20 C532.853,20 531.831,20.033 528.631,20.18 C525.438,20.326 523.257,20.834 521.349,21.575 C519.376,22.342 517.703,23.368 516.035,25.035 C514.368,26.702 513.342,28.377 512.574,30.349 C511.834,32.258 511.326,34.438 511.181,37.631 C511.035,40.831 511,41.851 511,50 C511,58.147 511.035,59.17 511.181,62.369 C511.326,65.562 511.834,67.743 512.574,69.651 C513.342,71.625 514.368,73.296 516.035,74.965 C517.703,76.634 519.376,77.658 521.349,78.425 C523.257,79.167 525.438,79.673 528.631,79.82 C531.831,79.965 532.853,80.001 541,80.001 C549.148,80.001 550.169,79.965 553.369,79.82 C556.562,79.673 558.743,79.167 560.652,78.425 C562.623,77.658 564.297,76.634 565.965,74.965 C567.633,73.296 568.659,71.625 569.425,69.651 C570.167,67.743 570.674,65.562 570.82,62.369 C570.966,59.17 571,58.147 571,50 C571,41.851 570.966,40.831 570.82,37.631\"><\/path><\/g><\/g><\/g><\/svg><\/div><div style=\"padding-top: 8px;\"> <div style=\" color:#3897f0; font-family:Arial,sans-serif; font-size:14px; font-style:normal; font-weight:550; line-height:18px;\">View this post on Instagram<\/div><\/div><div style=\"padding: 12.5% 0;\"><\/div> <div style=\"display: flex; flex-direction: row; margin-bottom: 14px; align-items: center;\"><div> <div style=\"background-color: #F4F4F4; border-radius: 50%; height: 12.5px; width: 12.5px; transform: translateX(0px) translateY(7px);\"><\/div> <div style=\"background-color: #F4F4F4; height: 12.5px; transform: rotate(-45deg) translateX(3px) translateY(1px); width: 12.5px; flex-grow: 0; margin-right: 14px; margin-left: 2px;\"><\/div> <div style=\"background-color: #F4F4F4; border-radius: 50%; height: 12.5px; width: 12.5px; transform: translateX(9px) translateY(-18px);\"><\/div><\/div><div style=\"margin-left: 8px;\"> <div style=\" background-color: #F4F4F4; border-radius: 50%; flex-grow: 0; height: 20px; width: 20px;\"><\/div> <div style=\" width: 0; height: 0; border-top: 2px solid transparent; border-left: 6px solid #f4f4f4; border-bottom: 2px solid transparent; transform: translateX(16px) translateY(-4px) rotate(30deg)\"><\/div><\/div><div style=\"margin-left: auto;\"> <div style=\" width: 0px; border-top: 8px solid #F4F4F4; border-right: 8px solid transparent; transform: translateY(16px);\"><\/div> <div style=\" background-color: #F4F4F4; flex-grow: 0; height: 12px; width: 16px; transform: translateY(-4px);\"><\/div> <div style=\" width: 0; height: 0; border-top: 8px solid #F4F4F4; border-left: 8px solid transparent; transform: translateY(-4px) translateX(8px);\"><\/div><\/div><\/div> <div style=\"display: flex; flex-direction: column; flex-grow: 1; justify-content: center; margin-bottom: 24px;\"> <div style=\" background-color: #F4F4F4; border-radius: 4px; flex-grow: 0; height: 14px; margin-bottom: 6px; width: 224px;\"><\/div> <div style=\" background-color: #F4F4F4; border-radius: 4px; flex-grow: 0; height: 14px; width: 144px;\"><\/div><\/div><\/a><p style=\" color:#c9c8cd; font-family:Arial,sans-serif; font-size:14px; line-height:17px; margin-bottom:0; margin-top:8px; overflow:hidden; padding:8px 0 7px; text-align:center; text-overflow:ellipsis; white-space:nowrap;\"><a href=\"https:\/\/www.instagram.com\/p\/DIN5H7eOUDn\/?utm_source=ig_embed&amp;utm_campaign=loading\" style=\" color:#c9c8cd; font-family:Arial,sans-serif; font-size:14px; font-style:normal; font-weight:normal; line-height:17px; text-decoration:none;\" target=\"_blank\">A post shared by Greenpeace Norge (@greenpeacenorge)<\/a><\/p><\/div><\/blockquote>\n<script async src=\"\/\/www.instagram.com\/embed.js\"><\/script>\n\n<p>Det l\u00f8nner seg ikke \u00e5 gamble med livet i dyphavet! I starten av april <a href=\"https:\/\/www.greenpeace.org\/norway\/nyheter\/hav\/gruveselskapet-loke-marine-minerals-er-konkurs\/\">meldte det norske gruveselskapet Loke Marine Minerals at de er konkurs<\/a>. Nyheten kom samme dag som vi <a href=\"https:\/\/www.greenpeace.org\/norway\/nyheter\/hav\/aktivister-stoppet-konferanse-om-gruvedrift-pa-havbunnen\/\">avbr\u00f8t en lobbykonferanse om gruvedrift p\u00e5 havbunnen i Bergen<\/a>.<\/p>\n\n<p>Loke hadde planer om \u00e5 bli verdens st\u00f8rste selskap innen <a href=\"https:\/\/www.greenpeace.org\/norway\/hav\/gruvedrift-pa-havbunnen\/\">gruvedrift p\u00e5 havbunnen<\/a>. De jaktet lisenser i Stillehavet og ville lete etter havbunnsmineraler i Arktis.<\/p>\n\n<blockquote class=\"bluesky-embed\" data-bluesky-uri=\"at:\/\/did:plc:y5mss3glcceu4x5ofn2ot7k3\/app.bsky.feed.post\/3llvpagz3ik2v\" data-bluesky-cid=\"bafyreifg22kjzlqlyhjcyswyqu26rehijdgggemgarlqwnecgjq4wy6ble\" data-bluesky-embed-color-mode=\"system\"><p lang=\"en\">\ud83d\udea8 Samme dag som vi protesterer mot en gruvedriftskonferanse i Bergen, melder det norske selskapet Loke Marine Minerals at de er konkurs.\n\nDet l\u00f8nner seg ikke \u00e5 gamble med livet i dyphavet.\n\n#StopDeepSeaMining<br><br><a href=\"https:\/\/bsky.app\/profile\/did:plc:y5mss3glcceu4x5ofn2ot7k3\/post\/3llvpagz3ik2v?ref_src=embed\">[image or embed]<\/a><\/p>&mdash; Greenpeace Norge (<a href=\"https:\/\/bsky.app\/profile\/did:plc:y5mss3glcceu4x5ofn2ot7k3?ref_src=embed\">@greenpeace.no<\/a>) <a href=\"https:\/\/bsky.app\/profile\/did:plc:y5mss3glcceu4x5ofn2ot7k3\/post\/3llvpagz3ik2v?ref_src=embed\">April 3, 2025 at 12:33 PM<\/a><\/blockquote><script async src=\"https:\/\/embed.bsky.app\/static\/embed.js\" charset=\"utf-8\"><\/script>\n\n<p>Vi har allerede klart \u00e5 <a href=\"https:\/\/www.greenpeace.org\/norway\/nyheter\/hav\/gruvedrift-pa-havbunnen-stoppes-inntil-videre\/\">stanse de norske planene om gruvedrift p\u00e5 havbunnen <\/a> minst ut 2025.\u2063 M\u00e5let om \u00e5 stoppe denne industrien en gang for alle er definitivt i sikte.<\/p>\n\t\t\t<section\n\t\t\tclass=\"boxout post-55344 \"\n\t\t\t\n\t\t>\n\t\t\t<a\n\t\t\t\tdata-ga-category=\"Take Action Boxout\"\n\t\t\t\tdata-ga-action=\"Image\"\n\t\t\t\tdata-ga-label=\"n\/a\"\n\t\t\t\tclass=\"cover-card-overlay\"\n\t\t\t\thref=\"https:\/\/www.greenpeace.org\/norway\/vaer-med\/stopp-gruvedrift-pa-havbunnen\/\" \n\t\t\t><\/a>\n\t\t\t\t\t\t\t<img\n\t\t\t\t\t\tsrc=\"https:\/\/www.greenpeace.org\/static\/planet4-norway-stateless\/2023\/04\/bc83db8c-bilde1.jpg\"\n\t\t\t\t\t\tsrcset=\"https:\/\/www.greenpeace.org\/static\/planet4-norway-stateless\/2023\/04\/bc83db8c-bilde1-300x176.jpg 300w, https:\/\/www.greenpeace.org\/static\/planet4-norway-stateless\/2023\/04\/bc83db8c-bilde1-510x299.jpg 510w, https:\/\/www.greenpeace.org\/static\/planet4-norway-stateless\/2023\/04\/bc83db8c-bilde1.jpg 702w\"\n\t\t\t\t\t\tsizes=\"(min-width: 1000px) 358px, (min-width: 780px) 313px, 88px\"\n\t\t\t\t\t\talt=\"\" title=\"\"\n\t\t\t\t\/>\n            \t\t\t<div class=\"boxout-content\">\n\t\t\t\t\t\t\t\t\t<a\n\t\t\t\t\t\tclass=\"boxout-heading medium\"\n\t\t\t\t\t\tdata-ga-category=\"Take Action Boxout\"\n\t\t\t\t\t\tdata-ga-action=\"Title\"\n\t\t\t\t\t\tdata-ga-label=\"n\/a\"\n\t\t\t\t\t\thref=\"https:\/\/www.greenpeace.org\/norway\/vaer-med\/stopp-gruvedrift-pa-havbunnen\/\"\n\t\t\t\t\t\t\n\t\t\t\t\t>\n\t\t\t\t\t\tSigner: Stopp gruvedrift p\u00e5 havbunnen\n\t\t\t\t\t<\/a>\n\t\t\t\t\t\t\t\t\t\t\t\t\t<p class=\"boxout-excerpt\">Vi m\u00e5 stoppe gruvedrift p\u00e5 havbunnen. Vi er allerede flere hundre tusen mennesker som st\u00e5r sammen mot den nye skadelige industrien. Bli med, signer oppropet.<\/p>\n\t\t\t\t                                    <a\n                        class=\"btn btn-primary\"\n                        data-ga-category=\"Take Action Boxout\"\n                        data-ga-action=\"Call to Action\"\n                        data-ga-label=\"n\/a\"\n                        href=\"https:\/\/www.greenpeace.org\/norway\/vaer-med\/stopp-gruvedrift-pa-havbunnen\/\"\n                        \n                    >\n                        V\u00e6r med\n                    <\/a>\n                \t\t\t<\/div>\n\t\t\t\t\t<\/section>\n\t\n<h3 class=\"wp-block-heading\">2. Rekordstor andel av elektrisiteten i Europa kommer fra fornybar energi<\/h3>\n\n<p>Politikerne i EU har vedtatt ambisi\u00f8se m\u00e5l for utfasing av olje, kull og gass. Nesten halvparten, 47 prosent, av EUs elektrisitet kommer n\u00e5 fra solenergi og andre fornybare energikilder, if\u00f8lge <a href=\"https:\/\/ember-energy.org\/latest-insights\/european-electricity-review-2025\/#executive-summary\">rapporten \u201cEuropean Electricity Review 2025\u201d<\/a>.<\/p>\n\n<p>Her er noen andre h\u00f8ydepunkter fra rapporten:<\/p>\n\n<ul class=\"wp-block-list\">\n<li>Fossile brensler falt til historisk lave 29 prosent i 2024<\/li>\n\n\n\n<li>2024 var nok et \u00e5r med nedgang for kull og gass \u2013 for gass var det femte \u00e5r p\u00e5 rad med nedgang<\/li>\n\n\n\n<li>Solkraft var den raskest voksende energikilden i EU i 2024, og <a href=\"https:\/\/www.reuters.com\/business\/energy\/solar-power-overtook-coal-eus-electricity-mix-2024-ember-says-2025-01-22\/\">for f\u00f8rste gang gikk solkraft forbi kullkraft<\/a><\/li>\n<\/ul>\n\n<p>\u2013 De siste to \u00e5rene har vi sett et kraftig fall i b\u00e5de kull og gass i EUs kraftsystem, og fossile brensler er n\u00e5 p\u00e5 et historisk lavpunkt, uttaler Chris Rosslowe, senioranalytiker og hovedforfatter av rapporten.<\/p>\n\n<p>LES OGS\u00c5: <a href=\"https:\/\/www.greenpeace.org\/norway\/nyheter\/energi\/rapport-eu-trenger-ikke-mer-norsk-gass\/\">Rapport: EU trenger ikke mer norsk gass<\/a><\/p>\n\n<h3 class=\"wp-block-heading\">3. Equinors Rosebank-felt erkl\u00e6rt ulovlig<\/h3>\n\n<p>En britisk domstol erkl\u00e6rte i februar at <a href=\"https:\/\/www.greenpeace.org\/norway\/nyheter\/energi\/equinors-rosebank-felt-kjent-ulovlig-i-skotsk-rett\/\">Equinors planlagte Rosebank-felt utenfor Shetland er ulovlig<\/a>. Retten slo fast at tillatelsen til \u00e5 bygge oljefeltet var ugyldig fordi den britiske regjeringen ikke vurderte klimaeffektene godt nok f\u00f8r de ga Equinor og israelsk-eide Ithaca Energy tillatelse til \u00e5 bygge ut feltet.<\/p>\n\n<p>Det var Greenpeace og en annen milj\u00f8organisasjon, Uplift, som gikk til sak mot tillatelsen til det omstridte feltet. Vi mente den br\u00f8t med den britiske regjeringens klimam\u00e5l.<\/p>\n\n<p>Equinor og partneren, israelsk-eide Ithaca Energy, kan s\u00f8ke om godkjennelse p\u00e5 nytt, men m\u00e5 da inkludere en konsekvensutredning av forbrenningsutslipp fra feltet. S\u00e5 m\u00e5 den britiske regjeringen p\u00e5 nytt ta stilling til om de skal gi tillatelse til feltet. Saken er alts\u00e5 ikke endelig vunnet, men dette stikker kjepper i hjulene for prosjektet og er en veldig viktig delseier.<\/p>\n\t\t\t<section\n\t\t\tclass=\"boxout post-61778 \"\n\t\t\t\n\t\t>\n\t\t\t<a\n\t\t\t\tdata-ga-category=\"Take Action Boxout\"\n\t\t\t\tdata-ga-action=\"Image\"\n\t\t\t\tdata-ga-label=\"n\/a\"\n\t\t\t\tclass=\"cover-card-overlay\"\n\t\t\t\thref=\"https:\/\/www.greenpeace.org\/norway\/vaer-med\/equinor-ithaca-kontakt-styret\/\" \n\t\t\t><\/a>\n\t\t\t\t\t\t\t<img\n\t\t\t\t\t\tsrc=\"https:\/\/www.greenpeace.org\/static\/planet4-norway-stateless\/2024\/10\/905ae29c-equinor-ithaca-fornebu-greenpeace-1024x648.jpg\"\n\t\t\t\t\t\tsrcset=\"https:\/\/www.greenpeace.org\/static\/planet4-norway-stateless\/2024\/10\/905ae29c-equinor-ithaca-fornebu-greenpeace-300x190.jpg 300w, https:\/\/www.greenpeace.org\/static\/planet4-norway-stateless\/2024\/10\/905ae29c-equinor-ithaca-fornebu-greenpeace-1024x648.jpg 1024w, https:\/\/www.greenpeace.org\/static\/planet4-norway-stateless\/2024\/10\/905ae29c-equinor-ithaca-fornebu-greenpeace-768x486.jpg 768w, https:\/\/www.greenpeace.org\/static\/planet4-norway-stateless\/2024\/10\/905ae29c-equinor-ithaca-fornebu-greenpeace-1536x972.jpg 1536w, https:\/\/www.greenpeace.org\/static\/planet4-norway-stateless\/2024\/10\/905ae29c-equinor-ithaca-fornebu-greenpeace-510x323.jpg 510w, https:\/\/www.greenpeace.org\/static\/planet4-norway-stateless\/2024\/10\/905ae29c-equinor-ithaca-fornebu-greenpeace.jpg 1956w\"\n\t\t\t\t\t\tsizes=\"(min-width: 1000px) 358px, (min-width: 780px) 313px, 88px\"\n\t\t\t\t\t\talt=\"Bilde fra en aksjon mot Equinors samarbeid med Ithaca Energy utenfor Equinors kontorer p\u00e5 Fornebu i juni 2024.\" title=\"Bilde fra en aksjon mot Equinors samarbeid med Ithaca Energy utenfor Equinors kontorer p\u00e5 Fornebu i juni 2024.\"\n\t\t\t\t\/>\n            \t\t\t<div class=\"boxout-content\">\n\t\t\t\t\t\t\t\t\t<a\n\t\t\t\t\t\tclass=\"boxout-heading medium\"\n\t\t\t\t\t\tdata-ga-category=\"Take Action Boxout\"\n\t\t\t\t\t\tdata-ga-action=\"Title\"\n\t\t\t\t\t\tdata-ga-label=\"n\/a\"\n\t\t\t\t\t\thref=\"https:\/\/www.greenpeace.org\/norway\/vaer-med\/equinor-ithaca-kontakt-styret\/\"\n\t\t\t\t\t\t\n\t\t\t\t\t>\n\t\t\t\t\t\tStopp Equinors samarbeid med Ithaca, send e-post til styret\n\t\t\t\t\t<\/a>\n\t\t\t\t\t\t\t\t\t\t\t\t\t<p class=\"boxout-excerpt\">Equinors Rosebank-samarbeid med israelsk-eide Ithaca vil bidra til okkupasjonen av Palestina. Det kan vi ikke akseptere \u2013 send en e-post til Equinor-styret n\u00e5.<\/p>\n\t\t\t\t                                    <a\n                        class=\"btn btn-primary\"\n                        data-ga-category=\"Take Action Boxout\"\n                        data-ga-action=\"Call to Action\"\n                        data-ga-label=\"n\/a\"\n                        href=\"https:\/\/www.greenpeace.org\/norway\/vaer-med\/equinor-ithaca-kontakt-styret\/\"\n                        \n                    >\n                        V\u00e6r med\n                    <\/a>\n                \t\t\t<\/div>\n\t\t\t\t\t<\/section>\n\t\n<h3 class=\"wp-block-heading\">4. Finland har stengt sitt siste kullkraftverk<\/h3>\n\n<p>Finlands siste store kullkraftverk i aktiv produksjon ble stengt 1. april. Landet har fortsatt et par sm\u00e5 kraftverk som bruker noe kull, og et reservekraftverk for n\u00f8dsituasjoner, men <a href=\"https:\/\/www.energiogklima.no\/nyhet\/fem-paa-fredag\/trump-tollen-gir-mer-usikkerhet-ogsa-for-alt-som-er-gront\">i praksis er Finlands bruk av kullkraft n\u00e5 over<\/a>.&nbsp;<\/p>\n\n<p>N\u00e5 som Helsinki i l\u00f8pet av de siste to \u00e5rene har stengt de to kullkraftverkene Hanasaari og Salmisaari, vil <a href=\"https:\/\/www.energiaktuelt.no\/helsinki-stenger-sitt-siste-kullkraftverk.6714398-575505.html\">byens CO2-utslipp reduseres med 43 prosent<\/a>, og Finlands utslipp reduseres med opptil 5 prosent.<\/p>\n\n<p>Kollegaene v\u00e5re i Greenpeace i Finland skriver dette om seieren: \u201cEn gang ble milj\u00f8bevegelsens krav om \u00e5 fase ut kull sett p\u00e5 som utenkelig \u2013 inntil kampanjearbeid, utrettelig arbeid i gatene og i forhandlingsrom, og innstramming av klimapolitikken ga reelle resultater.\u201d&nbsp;<\/p>\n\n<p>LES OGS\u00c5: <a href=\"https:\/\/www.greenpeace.org\/norway\/nyheter\/greenpeace\/fire-viktige-klima-og-miljosaker-i-2025\/\">Fire viktige klima- og milj\u00f8saker i Norge og verden i 2025<\/a><\/p>\n\n<h3 class=\"wp-block-heading\">5. Fossilfri reklame p\u00e5 kollektivtrafikken i Vest-Sverige<\/h3>\n\n<p>V\u00e4sttrafik, som har ansvar for kollektivtrafikken i Vest-Sverige, <a href=\"https:\/\/www.vasttrafik.se\/om-vasttrafik\/presstjanst\/pressmeddelande\/3752327\/\">forbyr reklame for fossile brensler<\/a> p\u00e5 plattformene sine. Forbudet mot reklame for fossile brensler, luftfart og fossildrevne kj\u00f8ret\u00f8y gjelder p\u00e5 tog, trikker, busser, b\u00e5ter og cirka 650 holdeplasser i G\u00f8teborg. Forbudet omtales som det strengeste fossilreklameforbudet i Sverige.<\/p>\n\n<p>\u2013 CO2-utslippene g\u00e5r ikke raskt nok ned, mens vi er nesten fossilfrie i kollektivtrafikken. Det f\u00f8les ikke rimelig \u00e5 vise reklame for s\u00e5nt som \u00e5penbart bidrar til negativ klimap\u00e5virkning, sier Lars Backstr\u00f6m, administrerende direkt\u00f8r i V\u00e4sttrafik.<\/p>\n\n<p>Dette er et resultat av flere \u00e5rs hardt arbeid fra Greenpeace og andre organisasjoner og frivillige. En SIFO-unders\u00f8kelse viste at over halvparten av svenskene \u00f8nsker et reklameforbud mot fossile brensler. Vi heier p\u00e5 s\u00f8ta bror og \u00f8nsker oss liknende forbud i Norge.<\/p>\n\n<p><a href=\"https:\/\/www.desmog.com\/2025\/03\/21\/strong-support-among-europeans-for-banning-fossil-fuel-ads-study-finds\/\">En unders\u00f8kelse i EU<\/a> viser for \u00f8vrig at nesten halvparten av de spurte \u00f8nsker et forbud mot fossil reklame, mens kun 25 prosent er imot.<\/p>\n\n<p>LES OGS\u00c5: <a href=\"https:\/\/www.greenpeace.org\/norway\/nyheter\/natur\/fem-positive-nyheter-for-klima-og-miljo-hosten-2025\/\">Fem positive nyheter for klima og milj\u00f8 h\u00f8sten 2025<\/a><\/p>\n\n<h3 class=\"wp-block-heading\">6. Beveren er tilbake etter 400 \u00e5r<\/h3>\n\n<p>Til sist, en god nyhet fra dyreverdenen: Beveren har v\u00e6rt borte i flere \u00e5rhundre i Storbritannia. N\u00e5 er den tilbake, <a href=\"https:\/\/www.nrk.no\/video\/for-forste-gang-paa-400-aar-er-dette-dyret-tilbake_3a3a9680-8a9f-4beb-9d26-625afeb54c83?fbclid=IwY2xjawJhpXRleHRuA2FlbQIxMQABHh3303AN-IjZiDlxBYsX7Dhcj2PmZhtIX7KPVTlplEsqhBgtYjiViaNfKQKj_aem_pRsdIpJTfE91p9MZf6pVXQ\">melder NRK<\/a>. Beveren ble jaktet p\u00e5 fordi folk ville ha pelsen og kj\u00f8ttet deres. Dette f\u00f8rte til at den ble utryddet.&nbsp;<\/p>\n\n<p>Flere organisasjoner har jobbet for at den skal komme tilbake i naturen. The National Trust leder beverprosjektet. De forklarer at beverens aktiviteter, som \u00e5 bygge dammer og gnage tr\u00e6r, ogs\u00e5 bringer tilbake mange andre arter.<\/p>\n\n<hr class=\"wp-block-separator has-alpha-channel-opacity\"\/>\n\n<p>Vil du bidra til flere gode nyheter for klima og milj\u00f8? Bli med og skap en gr\u00f8nnere og fredeligere verden sammen med oss i Greenpeace! Vi trenger flere p\u00e5 laget. <\/p>\n\n<p>Du kan bli st\u00f8ttespiller eller bidra p\u00e5 andre m\u00e5ter, for eksempel som frivillig og aktivist. Les mer om <a href=\"https:\/\/www.greenpeace.org\/norway\/vaer-med\/\">mulighetene her<\/a>, eller gi et engangsbidrag eller fast bidrag her:<\/p>\n\t\t\t<section\n\t\t\tclass=\"boxout post-1229 \"\n\t\t\t\n\t\t>\n\t\t\t<a\n\t\t\t\tdata-ga-category=\"Take Action Boxout\"\n\t\t\t\tdata-ga-action=\"Image\"\n\t\t\t\tdata-ga-label=\"n\/a\"\n\t\t\t\tclass=\"cover-card-overlay\"\n\t\t\t\thref=\"https:\/\/www.greenpeace.org\/norway\/vaer-med\/stott-oss\/\" \n\t\t\t><\/a>\n\t\t\t\t\t\t\t<img\n\t\t\t\t\t\tsrc=\"https:\/\/www.greenpeace.org\/static\/planet4-norway-stateless\/2022\/02\/487ac5d0-gp1swsny-1024x767.jpg\"\n\t\t\t\t\t\tsrcset=\"https:\/\/www.greenpeace.org\/static\/planet4-norway-stateless\/2022\/02\/487ac5d0-gp1swsny-300x225.jpg 300w, https:\/\/www.greenpeace.org\/static\/planet4-norway-stateless\/2022\/02\/487ac5d0-gp1swsny-1024x767.jpg 1024w, https:\/\/www.greenpeace.org\/static\/planet4-norway-stateless\/2022\/02\/487ac5d0-gp1swsny-768x575.jpg 768w, https:\/\/www.greenpeace.org\/static\/planet4-norway-stateless\/2022\/02\/487ac5d0-gp1swsny-454x340.jpg 454w, https:\/\/www.greenpeace.org\/static\/planet4-norway-stateless\/2022\/02\/487ac5d0-gp1swsny.jpg 1200w\"\n\t\t\t\t\t\tsizes=\"(min-width: 1000px) 358px, (min-width: 780px) 313px, 88px\"\n\t\t\t\t\t\talt=\"Flyfoto av en \u00f8y formet som et hjerte\" title=\"Flyfoto av en \u00f8y formet som et hjerte\"\n\t\t\t\t\/>\n            \t\t\t<div class=\"boxout-content\">\n\t\t\t\t\t\t\t\t\t<a\n\t\t\t\t\t\tclass=\"boxout-heading medium\"\n\t\t\t\t\t\tdata-ga-category=\"Take Action Boxout\"\n\t\t\t\t\t\tdata-ga-action=\"Title\"\n\t\t\t\t\t\tdata-ga-label=\"n\/a\"\n\t\t\t\t\t\thref=\"https:\/\/www.greenpeace.org\/norway\/vaer-med\/stott-oss\/\"\n\t\t\t\t\t\t\n\t\t\t\t\t>\n\t\t\t\t\t\tSt\u00f8tt arbeidet v\u00e5rt for klima og milj\u00f8\n\t\t\t\t\t<\/a>\n\t\t\t\t\t\t\t\t\t\t\t\t\t<p class=\"boxout-excerpt\">Sammen utgj\u00f8r vi en forskjell for den s\u00e5rbare planeten v\u00e5r.<\/p>\n\t\t\t\t                                    <a\n                        class=\"btn btn-primary\"\n                        data-ga-category=\"Take Action Boxout\"\n                        data-ga-action=\"Call to Action\"\n                        data-ga-label=\"n\/a\"\n                        href=\"https:\/\/www.greenpeace.org\/norway\/vaer-med\/stott-oss\/\"\n                        \n                    >\n                        V\u00e6r med\n                    <\/a>\n                \t\t\t<\/div>\n\t\t\t\t\t<\/section>\n\t\n<p><\/p>\n","protected":false},"excerpt":{"rendered":"<p>Vi vinner stadig nye gr\u00f8nne seire! Her kan du lese om\u00a0gode nyheter\u00a0for klima og milj\u00f8 fra starten av 2025.<\/p>\n","protected":false},"author":35,"featured_media":63629,"comment_status":"closed","ping_status":"closed","sticky":false,"template":"","format":"standard","meta":{"ep_exclude_from_search":false,"p4_og_title":"","p4_og_description":"","p4_og_image":"","p4_og_image_id":"","p4_seo_canonical_url":"","p4_campaign_name":"","p4_local_project":"","p4_basket_name":"","p4_department":"","footnotes":""},"categories":[26],"tags":[93,78,29,70,94,89,65],"p4-page-type":[16],"class_list":["post-63518","post","type-post","status-publish","format-standard","has-post-thumbnail","hentry","category-greenpeace","tag-seire","tag-gruvedrift","tag-fossilenergi","tag-reklameforbud","tag-equinor","tag-dyr","tag-gronnenergi","p4-page-type-nyheter"],"_links":{"self":[{"href":"https:\/\/www.greenpeace.org\/norway\/wp-json\/wp\/v2\/posts\/63518","targetHints":{"allow":["GET"]}}],"collection":[{"href":"https:\/\/www.greenpeace.org\/norway\/wp-json\/wp\/v2\/posts"}],"about":[{"href":"https:\/\/www.greenpeace.org\/norway\/wp-json\/wp\/v2\/types\/post"}],"author":[{"embeddable":true,"href":"https:\/\/www.greenpeace.org\/norway\/wp-json\/wp\/v2\/users\/35"}],"replies":[{"embeddable":true,"href":"https:\/\/www.greenpeace.org\/norway\/wp-json\/wp\/v2\/comments?post=63518"}],"version-history":[{"count":18,"href":"https:\/\/www.greenpeace.org\/norway\/wp-json\/wp\/v2\/posts\/63518\/revisions"}],"predecessor-version":[{"id":65977,"href":"https:\/\/www.greenpeace.org\/norway\/wp-json\/wp\/v2\/posts\/63518\/revisions\/65977"}],"wp:featuredmedia":[{"embeddable":true,"href":"https:\/\/www.greenpeace.org\/norway\/wp-json\/wp\/v2\/media\/63629"}],"wp:attachment":[{"href":"https:\/\/www.greenpeace.org\/norway\/wp-json\/wp\/v2\/media?parent=63518"}],"wp:term":[{"taxonomy":"category","embeddable":true,"href":"https:\/\/www.greenpeace.org\/norway\/wp-json\/wp\/v2\/categories?post=63518"},{"taxonomy":"post_tag","embeddable":true,"href":"https:\/\/www.greenpeace.org\/norway\/wp-json\/wp\/v2\/tags?post=63518"},{"taxonomy":"p4-page-type","embeddable":true,"href":"https:\/\/www.greenpeace.org\/norway\/wp-json\/wp\/v2\/p4-page-type?post=63518"}],"curies":[{"name":"wp","href":"https:\/\/api.w.org\/{rel}","templated":true}]}}