{"id":64314,"date":"2025-05-21T10:38:26","date_gmt":"2025-05-21T09:38:26","guid":{"rendered":"https:\/\/www.greenpeace.org\/norway\/?p=64314"},"modified":"2025-07-02T08:26:00","modified_gmt":"2025-07-02T07:26:00","slug":"klimasoksmalet-full-seier-i-efta-domstolen","status":"publish","type":"post","link":"https:\/\/www.greenpeace.org\/norway\/nyheter\/klimaendringer\/klimasoksmalet-full-seier-i-efta-domstolen\/","title":{"rendered":"Klimas\u00f8ksm\u00e5let: Full seier i EFTA-domstolen"},"content":{"rendered":"\n<figure class=\"wp-block-image size-large\"><img loading=\"lazy\" decoding=\"async\" width=\"1024\" height=\"688\" src=\"https:\/\/www.greenpeace.org\/static\/planet4-norway-stateless\/2025\/05\/0a993902-greenpeace-natur-og-ungdom-efta-domstolen-1024x688.jpg\" title=\"Greenpeace og Natur og Ungdom sammen med advokatene etter nyheten om seier i klimas\u00f8ksm\u00e5let i EFTA-domstolen.\" alt=\"Greenpeace og Natur og Ungdom sammen med advokatene etter nyheten om seier i klimas\u00f8ksm\u00e5let i EFTA-domstolen.\" class=\"wp-image-64341\" srcset=\"https:\/\/www.greenpeace.org\/static\/planet4-norway-stateless\/2025\/05\/0a993902-greenpeace-natur-og-ungdom-efta-domstolen-1024x688.jpg 1024w, https:\/\/www.greenpeace.org\/static\/planet4-norway-stateless\/2025\/05\/0a993902-greenpeace-natur-og-ungdom-efta-domstolen-300x202.jpg 300w, https:\/\/www.greenpeace.org\/static\/planet4-norway-stateless\/2025\/05\/0a993902-greenpeace-natur-og-ungdom-efta-domstolen-768x516.jpg 768w, https:\/\/www.greenpeace.org\/static\/planet4-norway-stateless\/2025\/05\/0a993902-greenpeace-natur-og-ungdom-efta-domstolen-506x340.jpg 506w, https:\/\/www.greenpeace.org\/static\/planet4-norway-stateless\/2025\/05\/0a993902-greenpeace-natur-og-ungdom-efta-domstolen.jpg 1470w\" sizes=\"auto, (max-width: 1024px) 100vw, 1024px\" \/><figcaption class=\"wp-element-caption\">Greenpeace og Natur og Ungdom feirer sammen med advokatene hos Simonsen Vogt Wiig, etter nyheten om seier i EFTA-domstolen.<div class=\"credit icon-left\"> \u00a9 Jenny Marie Baksaas<\/div><\/figcaption><\/figure>\n\n<p>Greenpeace og Natur og Ungdom fikk i dag rett p\u00e5 alle punkter i den europeiske&nbsp; EFTA-domstolen i Luxembourg. Domstolen bekrefter at det er ulovlig \u00e5 godkjenne nye olje- og gassfelt uten \u00e5 vurdere klimaeffektene av utslippene som oppst\u00e5r n\u00e5r oljen brennes.<\/p>\n\n<hr class=\"wp-block-separator has-alpha-channel-opacity\"\/>\n\n<p><br>\u2013 EFTA-domstolen sl\u00e5r klart og tydelig fast at det er ulovlig \u00e5 \u00e5pne nye oljefelt og samtidig ignorere klimaskadene. Domstolen klargj\u00f8r ogs\u00e5 at staten plikter \u00e5 stanse den ulovlige utbyggingen p\u00e5 feltene, slik H\u00f8yesterett ogs\u00e5 nylig avgjorde. N\u00e5 er det nok. N\u00e5 m\u00e5 staten f\u00f8lge loven, sier Frode Pleym, leder i Greenpeace.<\/p>\n\n<p><em>Les EFTA-domstolens dom p\u00e5 <a href=\"https:\/\/eftacourt.int\/download\/18-24-judgment-2\/?wpdmdl=10626\" data-type=\"link\" data-id=\"https:\/\/eftacourt.int\/download\/18-24-judgment-2\/?wpdmdl=10626\">norsk<\/a> og <a href=\"https:\/\/eftacourt.int\/download\/18-24-judgment\/?wpdmdl=10625\" data-type=\"link\" data-id=\"https:\/\/eftacourt.int\/download\/18-24-judgment\/?wpdmdl=10625\">engelsk<\/a> her. <\/em><\/p>\n\n<p><em><a href=\"https:\/\/www.greenpeace.org\/norway\/klimaendringer\/klimasoksmal\/nytt-klimasoksmal-2023-dette-ma-du-vite\/\">Les mer om det nye klimas\u00f8ksm\u00e5let her.&nbsp;<\/a><\/em><\/p>\n\n<p>\u2013 Klimaforskere har dokumentert at disse oljeprosjektene vil f\u00f8re til at over 100 000 mennesker d\u00f8r tidligere som f\u00f8lge av \u00f8kt hete. Jeg er glad EFTA-domstolen er enig med oss i at folket fortjener den typen informasjon f\u00f8r staten godkjenner nye oljefelt, sier Sigrid Hoddevik Losneg\u00e5rd, leder i Natur og Ungdom.<\/p>\n\n<blockquote class=\"bluesky-embed\" data-bluesky-uri=\"at:\/\/did:plc:y5mss3glcceu4x5ofn2ot7k3\/app.bsky.feed.post\/3lpobzo7om22i\" data-bluesky-cid=\"bafyreieaucthow3j4gh6nvf7o5qayyu5caei4byxrb4nncqnd77w2h6tji\" data-bluesky-embed-color-mode=\"system\"><p lang=\"en\">Enda en seier i det nye klimas\u00f8ksm\u00e5let!!\n\n@naturogungdom.bsky.social \n\nwww.nrk.no\/klima\/efta-d&#8230;<br><br><a href=\"https:\/\/bsky.app\/profile\/did:plc:y5mss3glcceu4x5ofn2ot7k3\/post\/3lpobzo7om22i?ref_src=embed\">[image or embed]<\/a><\/p>&mdash; Greenpeace Norge (<a href=\"https:\/\/bsky.app\/profile\/did:plc:y5mss3glcceu4x5ofn2ot7k3?ref_src=embed\">@greenpeace.no<\/a>) <a href=\"https:\/\/bsky.app\/profile\/did:plc:y5mss3glcceu4x5ofn2ot7k3\/post\/3lpobzo7om22i?ref_src=embed\">May 21, 2025 at 11:29 AM<\/a><\/blockquote><script async src=\"https:\/\/embed.bsky.app\/static\/embed.js\" charset=\"utf-8\"><\/script>\n\n<h2 class=\"wp-block-heading\">EFTA-domstolen: Klimaeffektene m\u00e5 vurderes f\u00f8r ny olje godkjennes<\/h2>\n\n<p><a href=\"https:\/\/www.greenpeace.org\/norway\/nyheter\/klimaendringer\/klimasoksmalet-til-efta-domstolen\/\">EFTA-domstolen <\/a>tolker hvordan Norge m\u00e5 forholde seg til E\u00d8S-avtalen.<strong> <\/strong>Domstolen konkluderer i dag med at E\u00d8S-lov krever at klimaeffektene av forbrenningsutslipp vurderes f\u00f8r nye oljeprosjekter godkjennes. Det er fullt i tr\u00e5d med Oslo tingretts dom fra januar 2024, der milj\u00f8organisasjonene vant p\u00e5 alle punkter &#8211; prosjektene ble kjent i strid med b\u00e5de norsk og E\u00d8S-rett.&nbsp;<\/p>\n\n<p>Domstolen sier seg ogs\u00e5 enig med milj\u00f8organisasjonene i at det ikke holder \u00e5 konsekvensutrede utslippene etter at feltet er godkjent, slik staten har fors\u00f8kt \u00e5 gj\u00f8re.&nbsp;<\/p>\n\n<p>P\u00e5 tross av flere seire til milj\u00f8organisasjonene, har staten i over ett \u00e5r fortsatt \u00e5 tillate videre utbygging og oljeproduksjon p\u00e5 feltene. To av feltene \u2013 Breidablikk og Tyrving \u2013 produserer i dag olje. Det st\u00f8rste feltet, Yggdrasil, er under utbygging.<\/p>\n\n<p>LES OGS\u00c5: <a href=\"https:\/\/www.greenpeace.org\/norway\/nyheter\/klimaendringer\/klimasoksmalet-nye-rettslige-skritt-mot-ulovlig-oljeproduksjon\/\">Nye rettslige skritt mot ulovlig oljeproduksjon&nbsp;<\/a><\/p>\n\n<h2 class=\"wp-block-heading\">Viktig for behandlingen av klimas\u00f8ksm\u00e5let i lagmannsretten<\/h2>\n\n<p>Rett f\u00f8r p\u00e5ske <a href=\"https:\/\/www.greenpeace.org\/norway\/nyheter\/klimaendringer\/klimasoksmalet-seier-i-hoyesterett-oljefelt-ma-stanse\/\">vant organisasjonene en del av saken i H\u00f8yesterett<\/a>, som slo fast at videre utbygging er ulovlig etter norsk lov \u2013 og at staten samtidig har en plikt etter E\u00d8S-retten til \u00e5 stanse utbyggingen. Likevel har energiminister Terje <a href=\"https:\/\/www.stortinget.no\/no\/Saker-og-publikasjoner\/Sporsmal\/Skriftlige-sporsmal-og-svar\/Skriftlig-sporsmal\/?qnid=104546\">Aasland sagt at staten vil fortsette \u00e5 behandle s\u00f8knader om tillatelser<\/a> p\u00e5 de tre feltene som normalt, i strid med norsk og europeisk lov.<\/p>\n\n<p>Saken behandles videre i lagmannsretten 1.\u20135. september \u2013 og denne gangen m\u00f8ter milj\u00f8organisasjonene staten med b\u00e5de H\u00f8yesteretts kjennelse og EFTA-domstolens uttalelse i ryggen. Begge veier tungt juridisk, og sjansene for en ny seier er sterke \u2013 dommerne <em>m\u00e5<\/em> nemlig legge betydelig vekt p\u00e5 EFTA-domstolens uttalelse i sin vurdering.<\/p>\n\n<p>Det er f\u00f8rste gang en europeisk domstol sl\u00e5r fast at kravet om vurdering av klimaeffekter gjelder etter EU-retten \u2013 og det kan f\u00e5 store konsekvenser for oljepolitikken i hele Europa.<\/p>\n\t\t\t<section\n\t\t\tclass=\"boxout post-58566  sticky-bottom-mobile collapse show\"\n\t\t\tid=\"action-card\"\n\t\t>\n\t\t\t<a\n\t\t\t\tdata-ga-category=\"Take Action Boxout\"\n\t\t\t\tdata-ga-action=\"Image\"\n\t\t\t\tdata-ga-label=\"n\/a\"\n\t\t\t\tclass=\"cover-card-overlay\"\n\t\t\t\thref=\"https:\/\/www.greenpeace.org\/norway\/vaer-med\/stott-kronerullingen-for-klimasoksmalet\/\" \n\t\t\t><\/a>\n\t\t\t\t\t\t\t<img\n\t\t\t\t\t\tsrc=\"https:\/\/www.greenpeace.org\/static\/planet4-norway-stateless\/2023\/06\/9d596e12-image-12-06-2023-at-12.57-1024x481.jpeg\"\n\t\t\t\t\t\tsrcset=\"https:\/\/www.greenpeace.org\/static\/planet4-norway-stateless\/2023\/06\/9d596e12-image-12-06-2023-at-12.57-300x141.jpeg 300w, https:\/\/www.greenpeace.org\/static\/planet4-norway-stateless\/2023\/06\/9d596e12-image-12-06-2023-at-12.57-1024x481.jpeg 1024w, https:\/\/www.greenpeace.org\/static\/planet4-norway-stateless\/2023\/06\/9d596e12-image-12-06-2023-at-12.57-768x361.jpeg 768w, https:\/\/www.greenpeace.org\/static\/planet4-norway-stateless\/2023\/06\/9d596e12-image-12-06-2023-at-12.57-1536x721.jpeg 1536w, https:\/\/www.greenpeace.org\/static\/planet4-norway-stateless\/2023\/06\/9d596e12-image-12-06-2023-at-12.57-2048x961.jpeg 2048w, https:\/\/www.greenpeace.org\/static\/planet4-norway-stateless\/2023\/06\/9d596e12-image-12-06-2023-at-12.57-510x239.jpeg 510w\"\n\t\t\t\t\t\tsizes=\"(min-width: 1000px) 358px, (min-width: 780px) 313px, 88px\"\n\t\t\t\t\t\talt=\"\" title=\"\"\n\t\t\t\t\/>\n            \t\t\t<div class=\"boxout-content\">\n\t\t\t\t\t\t\t\t\t<a\n\t\t\t\t\t\tclass=\"boxout-heading medium\"\n\t\t\t\t\t\tdata-ga-category=\"Take Action Boxout\"\n\t\t\t\t\t\tdata-ga-action=\"Title\"\n\t\t\t\t\t\tdata-ga-label=\"n\/a\"\n\t\t\t\t\t\thref=\"https:\/\/www.greenpeace.org\/norway\/vaer-med\/stott-kronerullingen-for-klimasoksmalet\/\"\n\t\t\t\t\t\t\n\t\t\t\t\t>\n\t\t\t\t\t\tSt\u00f8tt kronerullingen for klimas\u00f8ksm\u00e5let\n\t\t\t\t\t<\/a>\n\t\t\t\t\t\t\t\t\t\t\t\t\t<p class=\"boxout-excerpt\">St\u00f8tt det nye klimas\u00f8ksm\u00e5let. Greenpeace og Natur og Ungdom krever at staten lytter til egen H\u00f8yesterett og stanser nye oljeprosjekter. Vi trenger din hjelp.<\/p>\n\t\t\t\t                                    <a\n                        class=\"btn btn-primary\"\n                        data-ga-category=\"Take Action Boxout\"\n                        data-ga-action=\"Call to Action\"\n                        data-ga-label=\"n\/a\"\n                        href=\"https:\/\/www.greenpeace.org\/norway\/vaer-med\/stott-kronerullingen-for-klimasoksmalet\/\"\n                        \n                    >\n                        V\u00e6r med\n                    <\/a>\n                \t\t\t<\/div>\n\t\t\t\t\t\t\t<a\n\t\t\t\t\tclass=\"not-now\"\n\t\t\t\t\trole=\"button\"\n\t\t\t\t\tdata-bs-toggle=\"collapse\"\n\t\t\t\t\thref=\"#action-card\"\n\t\t\t\t><\/a>\n\t\t\t\t\t<\/section>\n\t","protected":false},"excerpt":{"rendered":"<p>Greenpeace og Natur og Ungdom fikk i dag rett p\u00e5 alle punkter i EFTA-domstolen i Luxembourg. Det er ulovlig \u00e5 \u00e5pne nye oljefelt uten \u00e5 vurdere klimaeffektene.<\/p>\n","protected":false},"author":95,"featured_media":64341,"comment_status":"closed","ping_status":"closed","sticky":false,"template":"","format":"standard","meta":{"ep_exclude_from_search":false,"p4_og_title":"","p4_og_description":"","p4_og_image":"","p4_og_image_id":"","p4_seo_canonical_url":"","p4_campaign_name":"","p4_local_project":"","p4_basket_name":"","p4_department":"","footnotes":""},"categories":[1],"tags":[29,96,30],"p4-page-type":[16],"class_list":["post-64314","post","type-post","status-publish","format-standard","has-post-thumbnail","hentry","category-klimaendringer","tag-fossilenergi","tag-nyttklimasoksmal","tag-klimaeffekter","p4-page-type-nyheter"],"_links":{"self":[{"href":"https:\/\/www.greenpeace.org\/norway\/wp-json\/wp\/v2\/posts\/64314","targetHints":{"allow":["GET"]}}],"collection":[{"href":"https:\/\/www.greenpeace.org\/norway\/wp-json\/wp\/v2\/posts"}],"about":[{"href":"https:\/\/www.greenpeace.org\/norway\/wp-json\/wp\/v2\/types\/post"}],"author":[{"embeddable":true,"href":"https:\/\/www.greenpeace.org\/norway\/wp-json\/wp\/v2\/users\/95"}],"replies":[{"embeddable":true,"href":"https:\/\/www.greenpeace.org\/norway\/wp-json\/wp\/v2\/comments?post=64314"}],"version-history":[{"count":13,"href":"https:\/\/www.greenpeace.org\/norway\/wp-json\/wp\/v2\/posts\/64314\/revisions"}],"predecessor-version":[{"id":65178,"href":"https:\/\/www.greenpeace.org\/norway\/wp-json\/wp\/v2\/posts\/64314\/revisions\/65178"}],"wp:featuredmedia":[{"embeddable":true,"href":"https:\/\/www.greenpeace.org\/norway\/wp-json\/wp\/v2\/media\/64341"}],"wp:attachment":[{"href":"https:\/\/www.greenpeace.org\/norway\/wp-json\/wp\/v2\/media?parent=64314"}],"wp:term":[{"taxonomy":"category","embeddable":true,"href":"https:\/\/www.greenpeace.org\/norway\/wp-json\/wp\/v2\/categories?post=64314"},{"taxonomy":"post_tag","embeddable":true,"href":"https:\/\/www.greenpeace.org\/norway\/wp-json\/wp\/v2\/tags?post=64314"},{"taxonomy":"p4-page-type","embeddable":true,"href":"https:\/\/www.greenpeace.org\/norway\/wp-json\/wp\/v2\/p4-page-type?post=64314"}],"curies":[{"name":"wp","href":"https:\/\/api.w.org\/{rel}","templated":true}]}}