{"id":64435,"date":"2025-06-03T11:13:47","date_gmt":"2025-06-03T10:13:47","guid":{"rendered":"https:\/\/www.greenpeace.org\/norway\/?p=64435"},"modified":"2025-06-03T14:19:57","modified_gmt":"2025-06-03T13:19:57","slug":"klimasoksmalet-nye-rettslige-skritt-mot-ulovlig-oljeproduksjon","status":"publish","type":"post","link":"https:\/\/www.greenpeace.org\/norway\/nyheter\/klimaendringer\/klimasoksmalet-nye-rettslige-skritt-mot-ulovlig-oljeproduksjon\/","title":{"rendered":"Klimas\u00f8ksm\u00e5let: nye rettslige skritt mot ulovlig oljeproduksjon"},"content":{"rendered":"\n<figure class=\"wp-block-image size-large\"><img loading=\"lazy\" decoding=\"async\" width=\"1024\" height=\"731\" src=\"https:\/\/www.greenpeace.org\/static\/planet4-norway-stateless\/2025\/03\/a50dcfe7-klimasoksmal-hoyesterett-greenpeace-natur-og-ungdom-2025-3-cropped-1024x731.jpg\" title=\"Greenpeace og Natur og Ungdom utenfor H\u00f8yesterett, f\u00f8r behandlingen av det nye klimas\u00f8ksm\u00e5let v\u00e5ren 2025\" alt=\"Greenpeace og Natur og Ungdom utenfor H\u00f8yesterett, f\u00f8r behandlingen av det nye klimas\u00f8ksm\u00e5let v\u00e5ren 2025\" class=\"wp-image-63181\" srcset=\"https:\/\/www.greenpeace.org\/static\/planet4-norway-stateless\/2025\/03\/a50dcfe7-klimasoksmal-hoyesterett-greenpeace-natur-og-ungdom-2025-3-cropped-1024x731.jpg 1024w, https:\/\/www.greenpeace.org\/static\/planet4-norway-stateless\/2025\/03\/a50dcfe7-klimasoksmal-hoyesterett-greenpeace-natur-og-ungdom-2025-3-cropped-300x214.jpg 300w, https:\/\/www.greenpeace.org\/static\/planet4-norway-stateless\/2025\/03\/a50dcfe7-klimasoksmal-hoyesterett-greenpeace-natur-og-ungdom-2025-3-cropped-768x548.jpg 768w, https:\/\/www.greenpeace.org\/static\/planet4-norway-stateless\/2025\/03\/a50dcfe7-klimasoksmal-hoyesterett-greenpeace-natur-og-ungdom-2025-3-cropped-476x340.jpg 476w, https:\/\/www.greenpeace.org\/static\/planet4-norway-stateless\/2025\/03\/a50dcfe7-klimasoksmal-hoyesterett-greenpeace-natur-og-ungdom-2025-3-cropped.jpg 1448w\" sizes=\"auto, (max-width: 1024px) 100vw, 1024px\" \/><figcaption class=\"wp-element-caption\">Greenpeace og Natur og Ungdom utenfor H\u00f8yesterett, f\u00f8r behandlingen av det nye klimas\u00f8ksm\u00e5let v\u00e5ren 2025.<\/figcaption><\/figure>\n\n<p>Greenpeace og Natur og Ungdom g\u00e5r i dag til nytt s\u00f8ksm\u00e5l mot staten. Vi ber domstolen gripe inn og tvinge staten til \u00e5 f\u00f8lge loven \u2013 n\u00e6rmere bestemt rettskraftige kjennelser i <a href=\"https:\/\/www.greenpeace.org\/norway\/klimaendringer\/klimasoksmal\/nytt-klimasoksmal-2023-dette-ma-du-vite\/\">klimas\u00f8ksm\u00e5let<\/a> fra b\u00e5de H\u00f8yesterett og Oslo tingrett. <\/p>\n\n<p>Dommene forbyr staten \u00e5 gi nye produksjonstillatelser p\u00e5 oljefeltene Yggdrasil, Tyrving og Breidablikk.<\/p>\n\n<h2 class=\"wp-block-heading\">Klimas\u00f8ksm\u00e5let: Seier i tingretten, H\u00f8yesterett og EFTA-domstolen<\/h2>\n\n<p>Vi har vunnet i <a href=\"https:\/\/www.greenpeace.org\/norway\/nyheter\/klimaendringer\/klimasoksmalet-seier-i-hoyesterett-oljefelt-ma-stanse\/\">tingretten<\/a>. Vi har vunnet i <a href=\"https:\/\/www.greenpeace.org\/norway\/nyheter\/klimaendringer\/klimasoksmalet-seier-i-hoyesterett-oljefelt-ma-stanse\/\">H\u00f8yesterett<\/a>. Vi har vunnet i<a href=\"https:\/\/www.greenpeace.org\/norway\/nyheter\/klimaendringer\/klimasoksmalet-full-seier-i-efta-domstolen\/\"> EFTA-domstolen<\/a>. Det er ikke lenger rom for tvil: Oljeutbyggingene p\u00e5 Yggdrasil, Tyrving og Breidablikk ble godkjent p\u00e5 ulovlig grunnlag. Likevel p\u00e5g\u00e5r produksjonen for fullt \u2013 i strid med b\u00e5de norsk og europeisk rett.<\/p>\n\n<p>\u2013 Denne saken blir en lakmustest for rettsstaten i Norge. Er vi et lovstyrt demokrati, eller har vi blitt en oljestyrt stat der store selskaper f\u00e5r trosse b\u00e5de lov og dom? sp\u00f8r Frode Pleym, leder i Greenpeace.<\/p>\n\n<blockquote class=\"bluesky-embed\" data-bluesky-uri=\"at:\/\/did:plc:y5mss3glcceu4x5ofn2ot7k3\/app.bsky.feed.post\/3lqoqvtcbdc2k\" data-bluesky-cid=\"bafyreiajadquvowkoqmphxh65bara5djz7blc3r2odxmrus27ll4fusou4\" data-bluesky-embed-color-mode=\"system\"><p lang=\"nb\">Staten stiller seg over loven og oppf\u00f8rer seg som Trump-administrasjonen i USA. N\u00e5 m\u00e5 retten komme med et hastevedtak \u203c\ufe0f\n\n\u2013 Det burde ikke v\u00e6re vanskelig for staten \u00e5 gj\u00f8re det som forventes av alle borgere i Norge, nemlig \u00e5 f\u00f8lge loven, sier Greenpeace-leder Frode Pleym.<br><br><a href=\"https:\/\/bsky.app\/profile\/did:plc:y5mss3glcceu4x5ofn2ot7k3\/post\/3lqoqvtcbdc2k?ref_src=embed\">[image or embed]<\/a><\/p>&mdash; Greenpeace Norge (<a href=\"https:\/\/bsky.app\/profile\/did:plc:y5mss3glcceu4x5ofn2ot7k3?ref_src=embed\">@greenpeace.no<\/a>) <a href=\"https:\/\/bsky.app\/profile\/did:plc:y5mss3glcceu4x5ofn2ot7k3\/post\/3lqoqvtcbdc2k?ref_src=embed\">June 3, 2025 at 9:20 AM<\/a><\/blockquote><script async src=\"https:\/\/embed.bsky.app\/static\/embed.js\" charset=\"utf-8\"><\/script>\n\n<p>I januar 2023 nedla Oslo tingrett et forbud mot at staten gir nye tillatelser som legger til rette for utbygging og produksjon p\u00e5 feltene. Slike tillatelser er avgj\u00f8rende for oljeselskapene: Uten dem stanser prosjektene.<\/p>\n\n<p>Et eksempel: Aker BP har s\u00f8kt Milj\u00f8direktoratet om \u00e5 slippe ut 125 000 tonn giftige kjemikalier i havet \u2013 n\u00e6r leveomr\u00e5dene til den sterkt truede Tobis-fisken \u2013 som del av utbyggingen av Yggdrasil-feltet. Men slike tillatelser forutsetter at feltet har en gyldig plan for utbygging og drift (PUD). Domstolen har sl\u00e5tt fast at det ikke har det. Derfor m\u00e5 staten avsl\u00e5 slike s\u00f8knader. Det er ikke valgfritt.<\/p>\n\n<p>\u2013 Feltene er ulovlige, og produksjonen som n\u00e5 p\u00e5g\u00e5r er ulovlig. Det er b\u00e5de alvorlig og dypt frustrerende at vi n\u00e5 m\u00e5 g\u00e5 til retten<em> enda en gang <\/em>for \u00e5 f\u00e5 staten til \u00e5 respektere domstolene, sier Sigrid Hoddevik Losneg\u00e5rd, leder i Natur og Ungdom.<\/p>\n\n<p><a href=\"https:\/\/www.greenpeace.org\/norway\/klimaendringer\/klimasoksmal\/nytt-klimasoksmal-2023-dette-ma-du-vite\/\">L\u00e6r mer om klimas\u00f8ksm\u00e5let her<\/a><\/p>\n\n<h2 class=\"wp-block-heading\">Staten trosser domstolene<\/h2>\n\n<p>Staten anket tingrettens dom til lagmannsretten, som valgte \u00e5 dele opp saken. Mens hovedsaken ble sendt til EFTA-domstolen \u2013 hvor vi vant p\u00e5 alle punkter \u2013 behandlet lagmannsretten sp\u00f8rsm\u00e5let om det midlertidige forbudet separat, og opphevet det.<\/p>\n\n<p>Vi anket videre til H\u00f8yesterett. 19. april 2025 opphevet H\u00f8yesterett lagmannsrettens avgj\u00f8relse og gjeninnf\u00f8rte forbudet. Samtidig slo retten fast at staten etter E\u00d8S-retten har plikt til \u00e5 annullere virkningen av ugyldige vedtak. EFTA-domstolen stadfestet dette i sin kjennelse 21. mai.<\/p>\n\n<p>Med andre ord: Det er ulovlig for staten \u00e5 gi nye tillatelser til disse feltene \u2013 b\u00e5de fordi domstolen har forbudt det, og fordi E\u00d8S-retten krever det.<\/p>\n\n<p>Staten vet dette. Likevel trosser de domstolene.<\/p>\n\n<p>Energidepartementet har nylig gitt tillatelser til \u00e5 \u00f8ke oljeproduksjonen p\u00e5 Tyrving og Breidablikk med over 10 prosent. Vi har ikke f\u00e5tt innsyn i hvor stor \u00f8kningen faktisk er. Men det er hevet over tvil: Disse tillatelsene bryter b\u00e5de loven og rettens p\u00e5legg.<\/p>\n\n<h2 class=\"wp-block-heading\">Har levert nytt s\u00f8ksm\u00e5l<\/h2>\n\n<div data-wp-interactive=\"core\/file\" class=\"wp-block-file\"><object data-wp-bind--hidden=\"!state.hasPdfPreview\" hidden class=\"wp-block-file__embed\" data=\"https:\/\/www.greenpeace.org\/static\/planet4-norway-stateless\/2025\/06\/dd167061-2025-05-22-brev-til-miljodirektoratet-1.pdf\" type=\"application\/pdf\" style=\"width:100%;height:600px\" aria-label=\"Innbygging av 2025-05-22 Brev til Milj\u00f8direktoratet (1)\"><\/object><a id=\"wp-block-file--media-a50c8d17-2fc8-4cb2-a309-e43c33478319\" href=\"https:\/\/www.greenpeace.org\/static\/planet4-norway-stateless\/2025\/06\/dd167061-2025-05-22-brev-til-miljodirektoratet-1.pdf\">2025-05-22 Brev til Milj\u00f8direktoratet (1)<\/a><\/div>\n\n<p>Vi har advart staten om at det er ulovlig og straffbart etter domstollovens paragraf 200 og straffelovens paragraf 170 \u00e5 omg\u00e5 et forbud nedsatt av retten. Staten har svart at de ikke vil lytte.&nbsp;&nbsp;<\/p>\n\n<p>Det er alvorlig n\u00e5r regjeringen trosser rettsavgj\u00f8relser. I en tid der demokratiske verdier svekkes globalt, er det ekstra viktig at makt ikke settes over lov. N\u00e5r regjeringen ignorerer landets \u00f8verste domstol, er det ikke bare klimaet som trues \u2013 det er ogs\u00e5 rettsstaten.<\/p>\n\n<p>Derfor har vi i dag levert et nytt s\u00f8ksm\u00e5l. Her krever vi at de ulovlige produksjonstillatelsene p\u00e5 Breidablikk og Tyrving kjennes ugyldige.&nbsp;<\/p>\n","protected":false},"excerpt":{"rendered":"<p>Greenpeace og Natur og Ungdom g\u00e5r til nytt s\u00f8ksm\u00e5l mot staten. Vi ber domstolen gripe inn og tvinge staten til \u00e5 f\u00f8lge loven og de rettskraftige kjennelsene i klimas\u00f8ksm\u00e5let.<\/p>\n","protected":false},"author":59,"featured_media":63181,"comment_status":"closed","ping_status":"closed","sticky":false,"template":"","format":"standard","meta":{"ep_exclude_from_search":false,"p4_og_title":"","p4_og_description":"","p4_og_image":"","p4_og_image_id":"","p4_seo_canonical_url":"","p4_campaign_name":"","p4_local_project":"","p4_basket_name":"","p4_department":"","footnotes":""},"categories":[1],"tags":[96,29],"p4-page-type":[16],"class_list":["post-64435","post","type-post","status-publish","format-standard","has-post-thumbnail","hentry","category-klimaendringer","tag-nyttklimasoksmal","tag-fossilenergi","p4-page-type-nyheter"],"_links":{"self":[{"href":"https:\/\/www.greenpeace.org\/norway\/wp-json\/wp\/v2\/posts\/64435","targetHints":{"allow":["GET"]}}],"collection":[{"href":"https:\/\/www.greenpeace.org\/norway\/wp-json\/wp\/v2\/posts"}],"about":[{"href":"https:\/\/www.greenpeace.org\/norway\/wp-json\/wp\/v2\/types\/post"}],"author":[{"embeddable":true,"href":"https:\/\/www.greenpeace.org\/norway\/wp-json\/wp\/v2\/users\/59"}],"replies":[{"embeddable":true,"href":"https:\/\/www.greenpeace.org\/norway\/wp-json\/wp\/v2\/comments?post=64435"}],"version-history":[{"count":5,"href":"https:\/\/www.greenpeace.org\/norway\/wp-json\/wp\/v2\/posts\/64435\/revisions"}],"predecessor-version":[{"id":64449,"href":"https:\/\/www.greenpeace.org\/norway\/wp-json\/wp\/v2\/posts\/64435\/revisions\/64449"}],"wp:featuredmedia":[{"embeddable":true,"href":"https:\/\/www.greenpeace.org\/norway\/wp-json\/wp\/v2\/media\/63181"}],"wp:attachment":[{"href":"https:\/\/www.greenpeace.org\/norway\/wp-json\/wp\/v2\/media?parent=64435"}],"wp:term":[{"taxonomy":"category","embeddable":true,"href":"https:\/\/www.greenpeace.org\/norway\/wp-json\/wp\/v2\/categories?post=64435"},{"taxonomy":"post_tag","embeddable":true,"href":"https:\/\/www.greenpeace.org\/norway\/wp-json\/wp\/v2\/tags?post=64435"},{"taxonomy":"p4-page-type","embeddable":true,"href":"https:\/\/www.greenpeace.org\/norway\/wp-json\/wp\/v2\/p4-page-type?post=64435"}],"curies":[{"name":"wp","href":"https:\/\/api.w.org\/{rel}","templated":true}]}}