{"id":65246,"date":"2025-07-10T13:25:47","date_gmt":"2025-07-10T12:25:47","guid":{"rendered":"https:\/\/www.greenpeace.org\/norway\/?p=65246"},"modified":"2025-07-10T13:25:51","modified_gmt":"2025-07-10T12:25:51","slug":"ny-analyse-hetebolge-dodsfall-tredoblet-pa-grunn-av-klimaendringer","status":"publish","type":"post","link":"https:\/\/www.greenpeace.org\/norway\/nyheter\/klimaendringer\/ny-analyse-hetebolge-dodsfall-tredoblet-pa-grunn-av-klimaendringer\/","title":{"rendered":"Ny analyse: Heteb\u00f8lge-d\u00f8dsfall tredoblet p\u00e5 grunn av klimaendringer"},"content":{"rendered":"\n<figure class=\"wp-block-image size-full\"><img loading=\"lazy\" decoding=\"async\" width=\"800\" height=\"533\" src=\"https:\/\/www.greenpeace.org\/static\/planet4-norway-stateless\/2025\/07\/de6d1ab6-gp0stu0bv_low-res-800px.jpg\" alt=\"\" class=\"wp-image-65247\" srcset=\"https:\/\/www.greenpeace.org\/static\/planet4-norway-stateless\/2025\/07\/de6d1ab6-gp0stu0bv_low-res-800px.jpg 800w, https:\/\/www.greenpeace.org\/static\/planet4-norway-stateless\/2025\/07\/de6d1ab6-gp0stu0bv_low-res-800px-300x200.jpg 300w, https:\/\/www.greenpeace.org\/static\/planet4-norway-stateless\/2025\/07\/de6d1ab6-gp0stu0bv_low-res-800px-768x512.jpg 768w, https:\/\/www.greenpeace.org\/static\/planet4-norway-stateless\/2025\/07\/de6d1ab6-gp0stu0bv_low-res-800px-510x340.jpg 510w\" sizes=\"auto, (max-width: 800px) 100vw, 800px\" \/><figcaption class=\"wp-element-caption\">En mann avkj\u00f8ler seg i en fontene under en ekstrem heteb\u00f8lge i Vienna, \u00d8sterrike i 2018. <div class=\"credit icon-left\"> \u00a9 Mitja Kobal \/ Greenpeace<\/div><\/figcaption><\/figure>\n\n<p><strong>En ny studie viser at 1500 mennesker d\u00f8de som f\u00f8lge av menneskeskapte klimaendringer under heteb\u00f8lgen i S\u00f8r-Europa i juni og juli 2025. Det haster \u00e5 kutte utslipp for \u00e5 unng\u00e5 flere d\u00f8delige heteb\u00f8lger.<\/strong><\/p>\n\n<p>I slutten av juni og starten av juli ble Europa, spesielt Frankrike, Spania og Hellas rammet av en uvanlig intens heteb\u00f8lge, hvor temperaturene n\u00e5dde over 40 grader flere steder. En fersk analyse fra World Weather Attribution (WWA), omtalt i <a href=\"https:\/\/www.nrk.no\/klima\/ny-analyse-anslar_-dodsfall-i-hetebolgen-tredoblet-som-folge-av-klimaendringer-1.17484744\">NRK 9. juli, viser at klimaendringene tredoblet antallet d\u00f8dsfall i perioden<\/a> sammenlignet med hva som ville v\u00e6rt normalt i samme tidsrom. Totalt d\u00f8de 2300 flere mennesker enn forventet, og rundt 1500 av disse kan, if\u00f8lge WWA, knyttes direkte til at heteb\u00f8lgen ble forsterket av menneskeskapte utslipp.<\/p>\n\n<p>Dette er et tydelig tegn p\u00e5 at klimaendringene ikke er en fremtidig trussel, men at den <a href=\"https:\/\/www.greenpeace.org\/norway\/klimaendringer\/global-oppvarming\/\">menneskeskapte globale oppvarmingen<\/a> har katastrofale effekter p\u00e5 mennesker i dag.<\/p>\n\n<p><strong>LES OGS\u00c5:<\/strong> <a href=\"https:\/\/www.greenpeace.org\/norway\/klimaendringer\/konsekvenser-av-klimaendringer\/\">Konsekvenser av klimaendringer<\/a><\/p>\n\n<h2 class=\"wp-block-heading\">Forskere sl\u00e5r fast sammenhengen: Mer kull, olje og gass vil koste liv<\/h2>\n\n<p>Forskerne bak analysen konkluderer med at varmt sommerv\u00e6r sannsynligvis hadde skjedd uansett, men at klimaendringene gjorde temperaturene betydelig h\u00f8yere enn de ellers ville v\u00e6rt. Og at dette f\u00f8rte til langt farligere forhold enn normalt.<\/p>\n\n<p>Tallene viser at det i hovedsak er barn, mennesker med eksisterende helseproblemer eller svekket helse og personer over 65 \u00e5r som rammes hardest av heteb\u00f8lger og er mest s\u00e5rbare for heterelaterte d\u00f8dsfall.<\/p>\n\n<p>Studien understreker at \u00f8kt bruk av <a href=\"https:\/\/www.greenpeace.org\/norway\/fakta\/energi\/hva-er-fossil-energi-og-hvorfor-jobber-vi-mot-det\/\">fossil energi<\/a> f\u00f8rer til h\u00f8yere d\u00f8dstall. Den globale oppvarmingen har allerede gjort heteb\u00f8lger mer intense og hyppige. Jo mer kull, olje og gass vi brenner, desto flere liv g\u00e5r tapt. Utslippene m\u00e5 kuttes, for \u00e5 sikre et levelig klima b\u00e5de for dagens og framtidens generasjoner.<\/p>\n\n<h2 class=\"wp-block-heading\">Stem for en trygg og levelig framtid<\/h2>\n\n<p>Skal vi stanse denne farlige utviklingen av \u00f8kende ekstremv\u00e6r, trengs det politikere som tar klimakrisen p\u00e5 alvor. I h\u00f8stens stortingsvalg har du muligheten til \u00e5 stemme p\u00e5 partier som prioriterer natur, klima og menneskerettigheter, og som jobber for en rettferdig omstilling og utfasing av fossil energi.<\/p>\n\n<p>Er du usikker p\u00e5 hvem som faktisk gj\u00f8r det? <a href=\"https:\/\/www.greenpeace.org\/norway\/klimaendringer\/valg-2025-gronne-partier-som-er-best-pa-klima-og-miljo\/\">Sjekk velgerguiden v\u00e5r<\/a>: Der f\u00e5r du oversikt over hva partiene har stemt for og imot p\u00e5 Stortinget de siste fire \u00e5rene, og hvordan de rangerer i klima- og milj\u00f8saker.<\/p>\n\t\t\t<section\n\t\t\tclass=\"boxout post-64160 \"\n\t\t\t\n\t\t>\n\t\t\t<a\n\t\t\t\tdata-ga-category=\"Take Action Boxout\"\n\t\t\t\tdata-ga-action=\"Image\"\n\t\t\t\tdata-ga-label=\"n\/a\"\n\t\t\t\tclass=\"cover-card-overlay\"\n\t\t\t\thref=\"https:\/\/www.greenpeace.org\/norway\/vaer-med\/valg-2025-vi-stemmer-olja-ut-av-stortinget-for-klima-og-miljo\/\" \n\t\t\t><\/a>\n\t\t\t\t\t\t\t<img\n\t\t\t\t\t\tsrc=\"https:\/\/www.greenpeace.org\/static\/planet4-norway-stateless\/2025\/05\/9c81c25c-no-guide-2-1024x576.jpg\"\n\t\t\t\t\t\tsrcset=\"https:\/\/www.greenpeace.org\/static\/planet4-norway-stateless\/2025\/05\/9c81c25c-no-guide-2-300x169.jpg 300w, https:\/\/www.greenpeace.org\/static\/planet4-norway-stateless\/2025\/05\/9c81c25c-no-guide-2-1024x576.jpg 1024w, https:\/\/www.greenpeace.org\/static\/planet4-norway-stateless\/2025\/05\/9c81c25c-no-guide-2-768x432.jpg 768w, https:\/\/www.greenpeace.org\/static\/planet4-norway-stateless\/2025\/05\/9c81c25c-no-guide-2-1536x864.jpg 1536w, https:\/\/www.greenpeace.org\/static\/planet4-norway-stateless\/2025\/05\/9c81c25c-no-guide-2-510x287.jpg 510w, https:\/\/www.greenpeace.org\/static\/planet4-norway-stateless\/2025\/05\/9c81c25c-no-guide-2.jpg 1920w\"\n\t\t\t\t\t\tsizes=\"(min-width: 1000px) 358px, (min-width: 780px) 313px, 88px\"\n\t\t\t\t\t\talt=\"Illustration of a green plant, that says &quot;Stem olja ut av stortinget&quot; or &quot;Vote oil out of parliament&quot;, where the &quot;Stem&quot;\/&quot;Vote&quot; part is in a white speech bubble, and the other words are in the leaves of the plant. There is an oil drop dripping off one of the leaves. The plant is vibrant green, on a clear blue background. There are lighter blue plant patterns in the background.\" title=\"Illustration of a green plant, that says &quot;Stem olja ut av stortinget&quot; or &quot;Vote oil out of parliament&quot;, where the &quot;Stem&quot;\/&quot;Vote&quot; part is in a white speech bubble, and the other words are in the leaves of the plant. There is an oil drop dripping off one of the leaves. The plant is vibrant green, on a clear blue background. There are lighter blue plant patterns in the background.\"\n\t\t\t\t\/>\n            \t\t\t<div class=\"boxout-content\">\n\t\t\t\t\t\t\t\t\t<a\n\t\t\t\t\t\tclass=\"boxout-heading medium\"\n\t\t\t\t\t\tdata-ga-category=\"Take Action Boxout\"\n\t\t\t\t\t\tdata-ga-action=\"Title\"\n\t\t\t\t\t\tdata-ga-label=\"n\/a\"\n\t\t\t\t\t\thref=\"https:\/\/www.greenpeace.org\/norway\/vaer-med\/valg-2025-vi-stemmer-olja-ut-av-stortinget-for-klima-og-miljo\/\"\n\t\t\t\t\t\t\n\t\t\t\t\t>\n\t\t\t\t\t\tValg 2025: Vi stemmer olja ut av Stortinget, for klima og milj\u00f8\n\t\t\t\t\t<\/a>\n\t\t\t\t\t\t\t\t\t\t\t\t\t<p class=\"boxout-excerpt\">Nordmenn flest \u00f8nsker \u00e5 ta vare p\u00e5 natur og klima, og vi fortjener politikere som ogs\u00e5 gj\u00f8r det. Derfor stemmer vi p\u00e5 et gr\u00f8nt parti i stortingsvalget 2025.<\/p>\n\t\t\t\t                                    <a\n                        class=\"btn btn-primary\"\n                        data-ga-category=\"Take Action Boxout\"\n                        data-ga-action=\"Call to Action\"\n                        data-ga-label=\"n\/a\"\n                        href=\"https:\/\/www.greenpeace.org\/norway\/vaer-med\/valg-2025-vi-stemmer-olja-ut-av-stortinget-for-klima-og-miljo\/\"\n                        \n                    >\n                        V\u00e6r med\n                    <\/a>\n                \t\t\t<\/div>\n\t\t\t\t\t<\/section>\n\t","protected":false},"excerpt":{"rendered":"<p>En ny studie viser at 1500 mennesker d\u00f8de som f\u00f8lge av menneskeskapte klimaendringer under heteb\u00f8lgen i S\u00f8r-Europa i juni og juli 2025. Det haster \u00e5 kutte utslipp for \u00e5 unng\u00e5&hellip;<\/p>\n","protected":false},"author":93,"featured_media":65247,"comment_status":"closed","ping_status":"closed","sticky":false,"template":"","format":"standard","meta":{"ep_exclude_from_search":false,"p4_og_title":"Ny analyse: Heteb\u00f8lge-d\u00f8dsfall tredoblet p\u00e5 grunn av klimaendringer","p4_og_description":"En ny studie viser at 1500 mennesker d\u00f8de som f\u00f8lge av menneskeskapte klimaendringer under heteb\u00f8lgen i S\u00f8r-Europa i juni og juli 2025. Det haster \u00e5 kutte utslipp for \u00e5 unng\u00e5 flere d\u00f8delige heteb\u00f8lger.","p4_og_image":"","p4_og_image_id":"","p4_seo_canonical_url":"","p4_campaign_name":"","p4_local_project":"","p4_basket_name":"","p4_department":"","footnotes":""},"categories":[1],"tags":[64,30],"p4-page-type":[16],"class_list":["post-65246","post","type-post","status-publish","format-standard","has-post-thumbnail","hentry","category-klimaendringer","tag-klimakrise","tag-klimaeffekter","p4-page-type-nyheter"],"_links":{"self":[{"href":"https:\/\/www.greenpeace.org\/norway\/wp-json\/wp\/v2\/posts\/65246","targetHints":{"allow":["GET"]}}],"collection":[{"href":"https:\/\/www.greenpeace.org\/norway\/wp-json\/wp\/v2\/posts"}],"about":[{"href":"https:\/\/www.greenpeace.org\/norway\/wp-json\/wp\/v2\/types\/post"}],"author":[{"embeddable":true,"href":"https:\/\/www.greenpeace.org\/norway\/wp-json\/wp\/v2\/users\/93"}],"replies":[{"embeddable":true,"href":"https:\/\/www.greenpeace.org\/norway\/wp-json\/wp\/v2\/comments?post=65246"}],"version-history":[{"count":5,"href":"https:\/\/www.greenpeace.org\/norway\/wp-json\/wp\/v2\/posts\/65246\/revisions"}],"predecessor-version":[{"id":65252,"href":"https:\/\/www.greenpeace.org\/norway\/wp-json\/wp\/v2\/posts\/65246\/revisions\/65252"}],"wp:featuredmedia":[{"embeddable":true,"href":"https:\/\/www.greenpeace.org\/norway\/wp-json\/wp\/v2\/media\/65247"}],"wp:attachment":[{"href":"https:\/\/www.greenpeace.org\/norway\/wp-json\/wp\/v2\/media?parent=65246"}],"wp:term":[{"taxonomy":"category","embeddable":true,"href":"https:\/\/www.greenpeace.org\/norway\/wp-json\/wp\/v2\/categories?post=65246"},{"taxonomy":"post_tag","embeddable":true,"href":"https:\/\/www.greenpeace.org\/norway\/wp-json\/wp\/v2\/tags?post=65246"},{"taxonomy":"p4-page-type","embeddable":true,"href":"https:\/\/www.greenpeace.org\/norway\/wp-json\/wp\/v2\/p4-page-type?post=65246"}],"curies":[{"name":"wp","href":"https:\/\/api.w.org\/{rel}","templated":true}]}}