{"id":65417,"date":"2025-08-08T13:08:28","date_gmt":"2025-08-08T12:08:28","guid":{"rendered":"https:\/\/www.greenpeace.org\/norway\/?p=65417"},"modified":"2025-08-08T13:08:30","modified_gmt":"2025-08-08T12:08:30","slug":"greenpeace-pa-arendalsuka-2025","status":"publish","type":"post","link":"https:\/\/www.greenpeace.org\/norway\/nyheter\/greenpeace\/greenpeace-pa-arendalsuka-2025\/","title":{"rendered":"Greenpeace p\u00e5 Arendalsuka 2025"},"content":{"rendered":"\n<figure class=\"wp-block-image size-large\"><img loading=\"lazy\" decoding=\"async\" width=\"1024\" height=\"683\" src=\"https:\/\/www.greenpeace.org\/static\/planet4-norway-stateless\/2025\/08\/a5eeff02-53926494993_f2db068430_k-1024x683.jpg\" alt=\"\" class=\"wp-image-65418\" srcset=\"https:\/\/www.greenpeace.org\/static\/planet4-norway-stateless\/2025\/08\/a5eeff02-53926494993_f2db068430_k-1024x683.jpg 1024w, https:\/\/www.greenpeace.org\/static\/planet4-norway-stateless\/2025\/08\/a5eeff02-53926494993_f2db068430_k-300x200.jpg 300w, https:\/\/www.greenpeace.org\/static\/planet4-norway-stateless\/2025\/08\/a5eeff02-53926494993_f2db068430_k-768x512.jpg 768w, https:\/\/www.greenpeace.org\/static\/planet4-norway-stateless\/2025\/08\/a5eeff02-53926494993_f2db068430_k-1536x1025.jpg 1536w, https:\/\/www.greenpeace.org\/static\/planet4-norway-stateless\/2025\/08\/a5eeff02-53926494993_f2db068430_k-510x340.jpg 510w, https:\/\/www.greenpeace.org\/static\/planet4-norway-stateless\/2025\/08\/a5eeff02-53926494993_f2db068430_k.jpg 2048w\" sizes=\"auto, (max-width: 1024px) 100vw, 1024px\" \/><figcaption class=\"wp-element-caption\">Foto: Arendalsuka \/ Mona Hauglid<\/figcaption><\/figure>\n\n<p>Neste uke er det klart for Arendalsuka, og Greenpeace er til stede med to aktuelle arrangementer. Ikke g\u00e5 glipp av disse samtalene hvis du er i Arendal neste uke. Begge arrangementene er \u00e5pne for alle og gratis. Det blir engasjement, skarpe sp\u00f8rsm\u00e5l og diskusjoner om viktige temaer.<\/p>\n\n<h3 class=\"wp-block-heading\"><strong>Hvor g\u00e5r grensen for ansvar? Norske selskaper, aktsomhetsvurderinger og samarbeid i konfliktomr\u00e5der<\/strong><\/h3>\n\n<p>Hvordan skal norske selskaper forholde seg n\u00e5r forretningspartnerne deres er involvert i grove menneskerettighetsbrudd?<\/p>\n\n<p>Greenpeace og Amnesty inviterer til en panelsamtale om ansvar og grenseganger for norsk n\u00e6ringsliv i konfliktomr\u00e5der, med et s\u00e6rlig blikk p\u00e5 Equinors samarbeid med Ithaca Energy, som er majoritetseid av israelske Delek Group. Delek st\u00e5r p\u00e5 FNs svarteliste fordi det st\u00f8tter opp om Israels ulovlige okkupasjon av Palestina.<\/p>\n\n<p>Les mer om <a href=\"https:\/\/www.greenpeace.org\/norway\/nyheter\/energi\/equinor-partner-selger-drivstoff-til-israel-defence-forces\/\">Equinors problematiske samarbeid med Ithaca Energy<\/a><\/p>\n\n<p>Vi sp\u00f8r: Hvilket ansvar har norske selskaper med forretningsforbindelser i konfliktomr\u00e5der? Hvor g\u00e5r grensen for hvem norske selskaper kan samarbeide med, uten \u00e5 ha eller ta ansvar for menneskerettighetsbrudd?<\/p>\n\n<p><strong>Hvor &amp; n\u00e5r:<\/strong><\/p>\n\n<p>Torsdag 14. august kl 10.00-10.45<\/p>\n\n<p>Madam Reiersen, Nedre Tyholmsvei 3, Arendal<\/p>\n\n<p><a href=\"https:\/\/www.arendalsuka.no\/programsoek\/details\/25413\">Her er link til arrangementet.<\/a><strong><br><\/strong><\/p>\n\n<h3 class=\"wp-block-heading\"><strong>Hvor mye gass fra Norge vil EU trenge i 2040?<\/strong><\/h3>\n\n<p>EU har satt seg ambisi\u00f8se klimam\u00e5l, og ettersp\u00f8rselen etter fossil gass skal dramatisk ned. Hva betyr dette for Norges rolle som gasseksport\u00f8r?<\/p>\n\n<p>Greenpeace og Milj\u00f8stiftelsen ZERO inviterer til politisk debatt hvor politikerne m\u00e5 svare p\u00e5 hvordan de ser for seg fremtiden til norsk gass, i en verden som haster mot fornybar energi. <\/p>\n\n<p>Les mer om <a href=\"https:\/\/www.greenpeace.org\/norway\/nyheter\/energi\/rapport-eu-trenger-ikke-mer-norsk-gass\/\">norsk gass til Europa<\/a> <\/p>\n\n<p>Menon Economics vil ogs\u00e5 presentere sin analyse av hvordan eksporten av norsk gass til EU kan p\u00e5virkes i lys av EUs m\u00e5l om \u00e5 redusere klimagassutslipp med 90 prosent innen 2040.<\/p>\n\n<p><\/p>\n\n<p><strong>Hvor &amp; n\u00e5r:<\/strong><\/p>\n\n<p>Tirsdag 12. august kl 10.00-10.45<\/p>\n\n<p>Madam Reiersen, Nedre Tyholmsvei 3, Arendal<\/p>\n\n<p><a href=\"https:\/\/www.arendalsuka.no\/programsoek\/details\/25201\">Link til arrangementet<\/a><\/p>\n\n<p><\/p>\n","protected":false},"excerpt":{"rendered":"<p>Neste uke er det klart for Arendalsuka, og Greenpeace er til stede med to aktuelle arrangementer. Ikke g\u00e5 glipp av disse viktige samtalene hvis du er i Arendal neste uke.<\/p>\n","protected":false},"author":93,"featured_media":65418,"comment_status":"closed","ping_status":"closed","sticky":false,"template":"","format":"standard","meta":{"ep_exclude_from_search":false,"p4_og_title":"Greenpeace p\u00e5 Arendalsuka 2025","p4_og_description":"Neste uke er det klart for Arendalsuka, og Greenpeace er til stede med to aktuelle arrangementer. ","p4_og_image":"","p4_og_image_id":"","p4_seo_canonical_url":"","p4_campaign_name":"","p4_local_project":"","p4_basket_name":"","p4_department":"","footnotes":""},"categories":[26],"tags":[64,94],"p4-page-type":[16],"class_list":["post-65417","post","type-post","status-publish","format-standard","has-post-thumbnail","hentry","category-greenpeace","tag-klimakrise","tag-equinor","p4-page-type-nyheter"],"_links":{"self":[{"href":"https:\/\/www.greenpeace.org\/norway\/wp-json\/wp\/v2\/posts\/65417","targetHints":{"allow":["GET"]}}],"collection":[{"href":"https:\/\/www.greenpeace.org\/norway\/wp-json\/wp\/v2\/posts"}],"about":[{"href":"https:\/\/www.greenpeace.org\/norway\/wp-json\/wp\/v2\/types\/post"}],"author":[{"embeddable":true,"href":"https:\/\/www.greenpeace.org\/norway\/wp-json\/wp\/v2\/users\/93"}],"replies":[{"embeddable":true,"href":"https:\/\/www.greenpeace.org\/norway\/wp-json\/wp\/v2\/comments?post=65417"}],"version-history":[{"count":4,"href":"https:\/\/www.greenpeace.org\/norway\/wp-json\/wp\/v2\/posts\/65417\/revisions"}],"predecessor-version":[{"id":65422,"href":"https:\/\/www.greenpeace.org\/norway\/wp-json\/wp\/v2\/posts\/65417\/revisions\/65422"}],"wp:featuredmedia":[{"embeddable":true,"href":"https:\/\/www.greenpeace.org\/norway\/wp-json\/wp\/v2\/media\/65418"}],"wp:attachment":[{"href":"https:\/\/www.greenpeace.org\/norway\/wp-json\/wp\/v2\/media?parent=65417"}],"wp:term":[{"taxonomy":"category","embeddable":true,"href":"https:\/\/www.greenpeace.org\/norway\/wp-json\/wp\/v2\/categories?post=65417"},{"taxonomy":"post_tag","embeddable":true,"href":"https:\/\/www.greenpeace.org\/norway\/wp-json\/wp\/v2\/tags?post=65417"},{"taxonomy":"p4-page-type","embeddable":true,"href":"https:\/\/www.greenpeace.org\/norway\/wp-json\/wp\/v2\/p4-page-type?post=65417"}],"curies":[{"name":"wp","href":"https:\/\/api.w.org\/{rel}","templated":true}]}}