{"id":66124,"date":"2025-10-30T13:57:12","date_gmt":"2025-10-30T12:57:12","guid":{"rendered":"https:\/\/www.greenpeace.org\/norway\/?p=66124"},"modified":"2025-11-03T15:47:45","modified_gmt":"2025-11-03T14:47:45","slug":"cop30-fakta-klimatoppmotet-belem-brasil-amazonas-2025","status":"publish","type":"post","link":"https:\/\/www.greenpeace.org\/norway\/nyheter\/klimaendringer\/cop30-fakta-klimatoppmotet-belem-brasil-amazonas-2025\/","title":{"rendered":"COP30: Fem ting du b\u00f8r vite om klimatoppm\u00f8tet i Bel\u00e9m 2025"},"content":{"rendered":"\n<figure class=\"wp-block-image\"><img loading=\"lazy\" decoding=\"async\" width=\"1024\" height=\"684\" src=\"https:\/\/www.greenpeace.org\/static\/planet4-norway-stateless\/2025\/10\/1e080619-gp0su6q7s-1024x684.jpg\" title=\"Greenpeace har brakt en gigantisk &quot;Amazonas&quot;-installasjon rundt om i europeiske storbyer, i opptakten til COP30 i Bel\u00e9m i Brasil. Her foran Brandenburger Tor i Berlin. Amazonas-bokstavene ble akkompagnert av r\u00f8rende meldinger, videoprojeksjoner og stemmene til representanter for urfolk. Greenpeace krever ekte klimahandling, klimarettferdighet og skogvern p\u00e5 \u00e5rets klimatoppm\u00f8te.\" alt=\"Greenpeace har brakt en gigantisk &quot;Amazonas&quot;-installasjon rundt om i europeiske storbyer, i opptakten til COP30 i Bel\u00e9m i Brasil. Her foran Brandenburger Tor i Berlin. Amazonas-bokstavene ble akkompagnert av r\u00f8rende meldinger, videoprojeksjoner og stemmene til representanter for urfolk. Greenpeace krever ekte klimahandling, klimarettferdighet og skogvern p\u00e5 \u00e5rets klimatoppm\u00f8te.\" class=\"wp-image-66134\" srcset=\"https:\/\/www.greenpeace.org\/static\/planet4-norway-stateless\/2025\/10\/1e080619-gp0su6q7s-1024x684.jpg 1024w, https:\/\/www.greenpeace.org\/static\/planet4-norway-stateless\/2025\/10\/1e080619-gp0su6q7s-300x200.jpg 300w, https:\/\/www.greenpeace.org\/static\/planet4-norway-stateless\/2025\/10\/1e080619-gp0su6q7s-768x513.jpg 768w, https:\/\/www.greenpeace.org\/static\/planet4-norway-stateless\/2025\/10\/1e080619-gp0su6q7s-510x340.jpg 510w, https:\/\/www.greenpeace.org\/static\/planet4-norway-stateless\/2025\/10\/1e080619-gp0su6q7s.jpg 1200w\" sizes=\"auto, (max-width: 1024px) 100vw, 1024px\" \/><figcaption class=\"wp-element-caption\">Greenpeace har brakt en gigantisk Amazonas-installasjon til europeiske storbyer i opptakten til COP30 i Bel\u00e9m i Brasil. Her foran Brandenburger Tor i Berlin. Amazonas-bokstavene ble akkompagnert av r\u00f8rende meldinger, videoprojeksjoner og stemmene til representanter for urfolk. Greenpeace krever ekte klimahandling, klimarettferdighet og skogvern p\u00e5 \u00e5rets klimatoppm\u00f8te.<div class=\"credit icon-left\"> \u00a9 Kevin McElvaney \/ Greenpeace<\/div><\/figcaption><\/figure>\n\n<p><strong>COP30 i Bel\u00e9m i Brasil <\/strong>blir historisk. Finn ut hva COP er, og hvorfor klimatoppm\u00f8tet 2025 er avgj\u00f8rende for verden, Amazonas og for \u00e5 bekjempe <a href=\"https:\/\/www.greenpeace.org\/norway\/klimaendringer\/\">klimaendringene<\/a>.<\/p>\n\n<hr class=\"wp-block-separator has-alpha-channel-opacity\"\/>\n\n<p>Mange forbinder <strong>FNs klimatoppm\u00f8te COP<\/strong> med endel\u00f8se taler og pressebilder. Noen ganger er det akkurat det. Men klimaforhandlingene er ogs\u00e5 et av de viktigste verkt\u00f8yene vi har for \u00e5 m\u00f8te klimakrisen sammen. Her er fem ting du b\u00f8r vite f\u00f8r verdens ledere snart samles i Bel\u00e9m ved inngangsporten til Amazonas.<\/p>\n\n<h2 class=\"wp-block-heading\">1. Hva er klimatoppm\u00f8tet COP?<\/h2>\n\n<p>COP st\u00e5r for Conference of the Parties. Dette er partsm\u00f8tet under <a href=\"https:\/\/unfccc.int\/process-and-meetings\/united-nations-framework-convention-on-climate-change\">FNs klimakonvensjon (UNFCCC)<\/a>, den internasjonale konvensjonen som ble opprettet i 1992.&nbsp;<\/p>\n\n<p><a href=\"https:\/\/cop30.br\/en\/about-cop30\/what-is-the-cop\">I dag deltar 198 land i UNFCCC<\/a>. Landene, ogs\u00e5 kalt partene, m\u00f8tes hvert \u00e5r for \u00e5 forhandle om hvordan vi skal begrense <a href=\"https:\/\/www.greenpeace.org\/norway\/klimaendringer\/klimaavtaler\/fns-klimarapport\/\">global oppvarming<\/a>, kutte utslipp, og st\u00f8tte dem som allerede er rammet av <a href=\"https:\/\/www.greenpeace.org\/norway\/klimaendringer\/konsekvenser-av-klimaendringer\/\">klimakrisen<\/a>.<\/p>\n\n<p>Inne p\u00e5 en COP finner du statsledere, forhandlere, forskere, urfolk, aktivister, journalister og lobbyister. Det er kaotisk, urettferdig og ofte sv\u00e6rt frustrerende. Men det finnes ingen annen global arena der b\u00e5de de <a href=\"https:\/\/www.greenpeace.org\/aotearoa\/story\/extreme-weather-has-already-cost-vulnerable-island-nations-141-billion\/\">minste \u00f8ystatene<\/a> og verdens st\u00f8rste \u00f8konomier sitter ved samme bord og tvinges til \u00e5 snakke sammen.&nbsp;<\/p>\n\n<p>Tenk p\u00e5 det som et gigantisk gruppeprosjekt for hele planeten: Ikke alle gj\u00f8r leksene sine, noen pr\u00f8ver til og med \u00e5 sabotere oppgaven \u2013 men alle m\u00e5 v\u00e6re med.<\/p>\n\n<section class=\"block accordion-block wp-block-planet4-blocks-accordion is-style-light\"><header><h2 class=\"page-section-header\">Fakta om FNs klimatoppm\u00f8te COP<\/h2><\/header><div class=\"accordion-content\"><div class=\"accordion-headline\" name=\"Hvem deltar p\u00e5 klimatoppm\u00f8tet?\">Hvem deltar p\u00e5 klimatoppm\u00f8tet?<\/div><div class=\"panel panel-hidden\"><p class=\"accordion-text\">198 land, de som har signert klimakonvensjonen, deltar p\u00e5 klimatoppm\u00f8tet. Representanter og statsoverhoder fra regjeringer over hele verden deltar, sammen med representanter fra sivilsamfunnet.<\/p><\/div><\/div><div class=\"accordion-content\"><div class=\"accordion-headline\" name=\"Hvor ofte er det klimatoppm\u00f8te?\">Hvor ofte er det klimatoppm\u00f8te?<\/div><div class=\"panel panel-hidden\"><p class=\"accordion-text\">Det avholdes klimatoppm\u00f8te hvert \u00e5r. I tillegg er det ogs\u00e5 mellomforhandlinger hver juni i Bonn. Her m\u00f8tes verdens land for \u00e5 forberede og forhandle om dokumenter i forkant, slik at mest mulig skal v\u00e6re klart til vedtak p\u00e5 klimatoppm\u00f8tet.\u00a0<\/p><\/div><\/div><div class=\"accordion-content\"><div class=\"accordion-headline\" name=\"Hva betyr COP30?\">Hva betyr COP30?<\/div><div class=\"panel panel-hidden\"><p class=\"accordion-text\">COP st\u00e5r for Conference of the Parties. Dette er partsm\u00f8tet under FNs klimakonvensjon (UNFCCC). COP30 er alts\u00e5 det 30. m\u00f8tet i rekken av FNs klimatoppm\u00f8ter, ogs\u00e5 kalt FNs klimaforhandlinger.\u00a0<\/p><\/div><\/div><div class=\"accordion-content\"><div class=\"accordion-headline\" name=\"Hvilke datoer foreg\u00e5r COP30?\">Hvilke datoer foreg\u00e5r COP30?<\/div><div class=\"panel panel-hidden\"><p class=\"accordion-text\">Klimatoppm\u00f8tet COP30 skal v\u00e6re fra mandag 10. november til fredag 21. november 2025. Klimatoppm\u00f8tene g\u00e5r ofte litt over tiden, og varer ofte en dag mer.<\/p><\/div><\/div><div class=\"accordion-content\"><div class=\"accordion-headline\" name=\"Hvor skal COP31 i 2026 v\u00e6re?\">Hvor skal COP31 i 2026 v\u00e6re?<\/div><div class=\"panel panel-hidden\"><p class=\"accordion-text\">Det rulleres hvert \u00e5r mellom hvilket land klimatoppm\u00f8tet er i. Neste \u00e5r, COP31, er enda ikke avklart. B\u00e5de Australia og Tyrkia \u00f8nsker \u00e5 ha klimatoppm\u00f8tet hos seg. Det m\u00e5 annonseres p\u00e5 COP30.<\/p><\/div><\/div><\/section>\n\n<h2 class=\"wp-block-heading\">2. Derfor er COP viktig<\/h2>\n\n<figure class=\"wp-block-image\"><img decoding=\"async\" src=\"https:\/\/www.greenpeace.org\/static\/planet4-norway-stateless\/2025\/10\/778a7589-gp0su3j2j.jpg\" title=\"People&#039;s Plenary at COP29 in Baku. \u00a9 Marie Jacquemin \/ Greenpeace\" alt=\"En aktivist l\u00f8fter armen i solidaritet p\u00e5 et folkem\u00f8te under fjor\u00e5rets klimatoppm\u00f8te, COP29 Baku i Aserbajdsjan.<div class=\"credit icon-left\"> \u00a9 Marie Jacquemin \/ Greenpeace<\/div>&raquo; class=&raquo;wp-image-66130&#8243;\/><figcaption class=\"wp-element-caption\">En aktivist l\u00f8fter armen i solidaritet p\u00e5 et folkem\u00f8te under fjor\u00e5rets klimatoppm\u00f8te, COP29 Baku i Aserbajdsjan.<div class=\"credit icon-left\"> \u00a9 Marie Jacquemin \/ Greenpeace<\/div><\/figcaption><\/figure>\n\n<p>Klimakrisen kjenner ingen grenser. T\u00f8rke ett sted kan \u00f8ke matprisene globalt. Smeltende isbreer i Himalaya truer mennesker tusenvis av kilometer unna. <a href=\"https:\/\/www.greenpeace.org\/india\/en\/press\/18237\/worker-groups-demand-polluters-pay-for-lost-income-amid-deadly-south-asia-heatwave\/\">Heteb\u00f8lger i S\u00f8r-Asia<\/a> dreper mennesker som har gjort minst for \u00e5 skape krisen.<\/p>\n\n<p>Derfor finnes COP. Klimaforhandlingene er det eneste stedet der regjeringer, i teorien, i hvert fall, kan samarbeide om et problem ingen land kan l\u00f8se alene.&nbsp;<\/p>\n\n<p>Uten klimaforhandlingene risikerer vi en verden der hvert land kjemper for seg selv i en global unntakstilstand. Vi vet sv\u00e6rt godt hvor farlig det er.&nbsp;<\/p>\n\n<p>I \u00e5r m\u00f8tes verdens ledere i Bel\u00e9m i Brasil, ved inngangsporten til <a href=\"https:\/\/www.greenpeace.org\/norway\/skog-og-landbruk\/regnskogen-i-amazonas\/\">Amazonas-regnskogen<\/a>. Det i seg selv gj\u00f8r COP30 historisk. <a href=\"https:\/\/www.greenpeace.org\/norway\/fakta\/skog-og-landbruk\/hvorfor-er-amazonas-sa-viktig-5-svar\/\">Her finnes ufattelig artsrikdom, millioner av mennesker og sterke urfolksbevegelser.<\/a> Men Amazonas er i fare. Forskere advarer om at regnskogen n\u00e6rmer seg et vippepunkt der den kan begynne \u00e5 slippe ut mer karbon enn den tar opp.<\/p>\n\n<p>COP30 markerer ogs\u00e5 at det er ti \u00e5r siden verden ble enige om <a href=\"https:\/\/www.greenpeace.org\/norway\/fakta\/klimaendringer\/hva-er-parisavtalen-ni-sporsmal-og-svar\/\">Parisavtalen<\/a>. Dette er et helt avgj\u00f8rende tidspunkt for \u00e5 vurdere framgang. F\u00f8r \u00e5rets COP skal verdens land legge fram oppdaterte nasjonale klimam\u00e5l. Nok tomprat. N\u00e5 gjelder det.<\/p>\n\t\t\t<section\n\t\t\tclass=\"boxout post-65913 \"\n\t\t\t\n\t\t>\n\t\t\t<a\n\t\t\t\tdata-ga-category=\"Take Action Boxout\"\n\t\t\t\tdata-ga-action=\"Image\"\n\t\t\t\tdata-ga-label=\"n\/a\"\n\t\t\t\tclass=\"cover-card-overlay\"\n\t\t\t\thref=\"https:\/\/www.greenpeace.org\/norway\/vaer-med\/signer-beskytt-amazonas\/\" \n\t\t\t><\/a>\n\t\t\t\t\t\t\t<img\n\t\t\t\t\t\tsrc=\"https:\/\/www.greenpeace.org\/static\/planet4-norway-stateless\/2025\/09\/35e1ac88-artboard-1-1024x576.jpg\"\n\t\t\t\t\t\tsrcset=\"https:\/\/www.greenpeace.org\/static\/planet4-norway-stateless\/2025\/09\/35e1ac88-artboard-1-300x169.jpg 300w, https:\/\/www.greenpeace.org\/static\/planet4-norway-stateless\/2025\/09\/35e1ac88-artboard-1-1024x576.jpg 1024w, https:\/\/www.greenpeace.org\/static\/planet4-norway-stateless\/2025\/09\/35e1ac88-artboard-1-768x432.jpg 768w, https:\/\/www.greenpeace.org\/static\/planet4-norway-stateless\/2025\/09\/35e1ac88-artboard-1-510x287.jpg 510w, https:\/\/www.greenpeace.org\/static\/planet4-norway-stateless\/2025\/09\/35e1ac88-artboard-1.jpg 1366w\"\n\t\t\t\t\t\tsizes=\"(min-width: 1000px) 358px, (min-width: 780px) 313px, 88px\"\n\t\t\t\t\t\talt=\"\" title=\"\"\n\t\t\t\t\/>\n            \t\t\t<div class=\"boxout-content\">\n\t\t\t\t\t\t\t\t\t<a\n\t\t\t\t\t\tclass=\"boxout-heading medium\"\n\t\t\t\t\t\tdata-ga-category=\"Take Action Boxout\"\n\t\t\t\t\t\tdata-ga-action=\"Title\"\n\t\t\t\t\t\tdata-ga-label=\"n\/a\"\n\t\t\t\t\t\thref=\"https:\/\/www.greenpeace.org\/norway\/vaer-med\/signer-beskytt-amazonas\/\"\n\t\t\t\t\t\t\n\t\t\t\t\t>\n\t\t\t\t\t\t&#8211; Signer: Beskytt\u00a0Amazonas\n\t\t\t\t\t<\/a>\n\t\t\t\t\t\t\t\t\t\t\t\t\t<p class=\"boxout-excerpt\">Jordas lunger, Amazonas, er truet. Krev at verdens ledere handler p\u00e5 klimatoppm\u00f8tet COP30. Skriv under n\u00e5!<\/p>\n\t\t\t\t                                    <a\n                        class=\"btn btn-primary\"\n                        data-ga-category=\"Take Action Boxout\"\n                        data-ga-action=\"Call to Action\"\n                        data-ga-label=\"n\/a\"\n                        href=\"https:\/\/www.greenpeace.org\/norway\/vaer-med\/signer-beskytt-amazonas\/\"\n                        \n                    >\n                        V\u00e6r med\n                    <\/a>\n                \t\t\t<\/div>\n\t\t\t\t\t<\/section>\n\t\n<h2 class=\"wp-block-heading\">3. Hva er resultatet av klimatoppm\u00f8tene?&nbsp;<\/h2>\n\n<p>Historien viser at klimaforhandlinger kan levere:<\/p>\n\n<ul class=\"wp-block-list\">\n<li><strong>COP21 (Paris i 2015)<\/strong>: Parisavtalen ble vedtatt. Landene ble enige om \u00e5 holde den globale oppvarmingen \u00abgodt under 2 grader\u00bb og sikte mot 1,5 grader. <a href=\"https:\/\/wayback.archive-it.org\/9650\/20200407102739\/http:\/\/p3-raw.greenpeace.org\/international\/en\/press\/releases\/2015\/reaction-COP21-Paris-climate-summit\/\">Langt ifra perfekt, men et vendepunkt<\/a>.<\/li>\n<\/ul>\n\n<ul class=\"wp-block-list\">\n<li><a href=\"https:\/\/www.greenpeace.org\/norway\/nyheter\/klimaendringer\/alt-du-bor-vite-om-klimatoppmotet-cop27-i-egypt-2022\/\"><strong>COP27 (Sharm el-Sheikh i 2022)<\/strong>:<\/a> Etter ti\u00e5r med kamp ble endelig <a href=\"https:\/\/www.greenpeace.org\/norway\/nyheter\/klimaendringer\/dette-er-utfallene-av-klimatoppmotet-cop27-i-egypt-2022\/\">tap og skade-fondet opprettet<\/a>, for \u00e5 st\u00f8tte land som blir rammet hardest av klimakatastrofer.<\/li>\n<\/ul>\n\n<ul class=\"wp-block-list\">\n<li><a href=\"https:\/\/www.greenpeace.org\/norway\/fakta\/klimaendringer\/din-guide-til-klimatoppmotet-cop28-i-dubai-2023\/\"><strong>COP28 (Dubai i 2023)<\/strong>:<\/a> For f\u00f8rste gang ble fossil energi pekt p\u00e5 som roten til klimakrisen. Det var et viktig skritt, men vi pekte p\u00e5 at verdens ledere n\u00e5 m\u00e5 gj\u00f8re mye mer. De m\u00e5 forplikte seg til en fullstendig, rask, rettferdig og finansiert utfasing av fossile brensler.<\/li>\n<\/ul>\n\n<ul class=\"wp-block-list\">\n<li><a href=\"https:\/\/www.greenpeace.org\/norway\/nyheter\/klimaendringer\/klimatoppmotet-2024-cop29-i-baku\/\"><strong>COP29 (Baku i 2024):<\/strong><\/a> Klimafinansiering sto i sentrum. Landene lovet mer penger, men <a href=\"https:\/\/www.greenpeace.org\/international\/press-release\/71474\/cop29-ends-weak-climate-finance-goal-eyes-turn-belem\">utfallet var langt fra godt nok<\/a>. Forsinkelse betyr katastrofe.<\/li>\n<\/ul>\n\n<p>Ingen av disse gjennombruddene kom av seg selv. De ble presset fram av urfolk, klimautsatte land, aktivister og millioner av mennesker som krevde handling og nektet \u00e5 gi opp.&nbsp;<\/p>\n\n<figure class=\"wp-block-embed is-type-video is-provider-youtube wp-block-embed-youtube wp-embed-aspect-16-9 wp-has-aspect-ratio\"><div class=\"wp-block-embed__wrapper\">\n<iframe loading=\"lazy\" title=\"Greenpeace activists project &#039;act for forests&#039; on Brazil landmarks ahead of COP30\" width=\"500\" height=\"281\" src=\"https:\/\/www.youtube.com\/embed\/uK7-XRDa9AI?feature=oembed\" frameborder=\"0\" allow=\"accelerometer; autoplay; clipboard-write; encrypted-media; gyroscope; picture-in-picture; web-share\" referrerpolicy=\"strict-origin-when-cross-origin\" allowfullscreen><\/iframe>\n<\/div><figcaption class=\"wp-element-caption\">Greenpeace-aktivister projiserer budskapet \u00abhandle for skogene\u00bb og \u00abhandle for klima\u00bb p\u00e5 noen av Brasils landemerker f\u00f8r COP30 2025.<\/figcaption><\/figure>\n\n<h2 class=\"wp-block-heading\">4. COP og lobbyister<\/h2>\n\n<p>La oss v\u00e6re \u00e6rlige: Lobbyisme er et enormt problem p\u00e5 COP. P\u00e5 <a href=\"https:\/\/www.theguardian.com\/environment\/2023\/dec\/05\/record-number-of-fossil-fuel-lobbyists-get-access-to-cop28-climate-talks\">COP28 var det faktisk flere fossil-lobbyister enn nesten alle nasjonale delegasjoner<\/a>. Kj\u00f8tt- og meierigigantene <a href=\"https:\/\/www.desmog.com\/2024\/11\/18\/big-ag-delegates-cop-29-azerbaijan-baku\/\">m\u00f8tte ogs\u00e5 opp for \u00e5 forsvare industrielt landbruk<\/a>.<\/p>\n\n<p>Dette er nettopp derfor sivilsamfunnet, urfolk, ungdom og aktivister m\u00e5 v\u00e6re p\u00e5 innsiden. Vi holder verdens land ansvarlige, avsl\u00f8rer <a href=\"https:\/\/www.greenpeace.org\/norway\/energi\/gronnvasking\/\">gr\u00f8nnvasking<\/a> og l\u00f8fter stemmene som ellers blir ignorert.<\/p>\n\n<p>Greenpeace deltar ikke p\u00e5 COP fordi vi tror politikerne plutselig vil redde verden. Vi drar dit fordi uten vedvarende press utenfra skjer det ingenting. Det er folket som skaper forandring.\u00a0<\/p>\n\n<figure class=\"wp-block-image\"><img loading=\"lazy\" decoding=\"async\" width=\"1200\" height=\"857\" src=\"https:\/\/www.greenpeace.org\/static\/planet4-norway-stateless\/2025\/10\/c484a71a-gp0su3j1d.jpg\" title=\"Final Greenpeace Press Conference at COP29 in Baku. \u00a9 Marie Jacquemin \/ Greenpeace\" alt=\"Den siste av Greenpeace sine pressekonferanser under klimatoppm\u00f8tet i Baku i 2024.\" class=\"wp-image-66132\" srcset=\"https:\/\/www.greenpeace.org\/static\/planet4-norway-stateless\/2025\/10\/c484a71a-gp0su3j1d.jpg 1200w, https:\/\/www.greenpeace.org\/static\/planet4-norway-stateless\/2025\/10\/c484a71a-gp0su3j1d-300x214.jpg 300w, https:\/\/www.greenpeace.org\/static\/planet4-norway-stateless\/2025\/10\/c484a71a-gp0su3j1d-1024x731.jpg 1024w, https:\/\/www.greenpeace.org\/static\/planet4-norway-stateless\/2025\/10\/c484a71a-gp0su3j1d-768x548.jpg 768w, https:\/\/www.greenpeace.org\/static\/planet4-norway-stateless\/2025\/10\/c484a71a-gp0su3j1d-476x340.jpg 476w\" sizes=\"auto, (max-width: 1200px) 100vw, 1200px\" \/><figcaption class=\"wp-element-caption\">Den siste Greenpeace-pressekonferansen under klimatoppm\u00f8tet i Baku i 2024.<div class=\"credit icon-left\"> \u00a9 Marie Jacquemin \/ Greenpeace<\/div><\/figcaption><\/figure>\n\n<h2 class=\"wp-block-heading\">5. Ett faktum som viser hvorfor COP30 er avgj\u00f8rende for \u00e5 begrense klimaendringene<\/h2>\n\n<p>Ett tall sier alt: If\u00f8lge FN f\u00f8rer <a href=\"https:\/\/www.greenpeace.org\/static\/planet4-international-stateless\/2025\/06\/5c250059-bonn-media-briefing.pdf\">dagens nasjonale klimam\u00e5l<\/a> oss mot opptil 3,1 grader global oppvarming dette \u00e5rhundret. For \u00e5 klare \u00e5 <a href=\"https:\/\/www.greenpeace.org\/international\/press-release\/78784\/climate-change-is-here-world-leaders-must-now-close-the-1-5c-ambition-gap\/\">holde oss under 1,5 grader<\/a>, m\u00e5 landene <a href=\"https:\/\/unfccc.int\/topics\/global-stocktake\/about-the-global-stocktake\/why-the-global-stocktake-is-important-for-climate-action-this-decade\">kutte utslipp med rundt 43 prosent innen 2030, sammenlignet med 2019-niv\u00e5ene<\/a>, og enda mer innen 2035.<\/p>\n\n<p>Forskjellen mellom 1,5 og 3 grader er helt enorm. Det handler om hvorvidt \u00f8kosystemer vil overleve eller kollapse. Om millioner av liv. Om hvorvidt framtidige generasjoner f\u00e5r leve p\u00e5 en levelig planet.<\/p>\n\n<p>Beslutningene som tas p\u00e5 COP, kan fjerne eller tilf\u00f8re gigatonn med karbon i atmosf\u00e6ren. Det er bokstavelig talt forskjellen mellom liv og d\u00f8d for sv\u00e6rt mange.<\/p>\n\n<hr class=\"wp-block-separator has-alpha-channel-opacity\"\/>\n\n<h2 class=\"wp-block-heading\">Ekte klimahandling starter ikke p\u00e5 klimatoppm\u00f8ter&nbsp;<\/h2>\n\n<p>Klimakampen er p\u00e5 et vippepunkt. COP30 blir \u00f8yeblikket der ledere m\u00e5 velge handling framfor ord. Men ekte forandring starter ikke p\u00e5 klimatoppm\u00f8ter. Den starter hos oss. Endring skjer n\u00e5r folk handler. N\u00e5r vi marsjerer i gatene, stemmer, saks\u00f8ker forurensere, beskytter skogene, deler historiene v\u00e5re og krever rettferdighet.<\/p>\n\n<p>Vi vet at l\u00f8sningen ikke kommer ovenfra. Den kommer n\u00e5r folk over hele verden reiser seg sammen \u2013 og krever det umulige, til det blir uunng\u00e5elig.<\/p>\n\t\t\t<section\n\t\t\tclass=\"boxout post-65913 \"\n\t\t\t\n\t\t>\n\t\t\t<a\n\t\t\t\tdata-ga-category=\"Take Action Boxout\"\n\t\t\t\tdata-ga-action=\"Image\"\n\t\t\t\tdata-ga-label=\"n\/a\"\n\t\t\t\tclass=\"cover-card-overlay\"\n\t\t\t\thref=\"https:\/\/www.greenpeace.org\/norway\/vaer-med\/signer-beskytt-amazonas\/\" \n\t\t\t><\/a>\n\t\t\t\t\t\t\t<img\n\t\t\t\t\t\tsrc=\"https:\/\/www.greenpeace.org\/static\/planet4-norway-stateless\/2025\/09\/35e1ac88-artboard-1-1024x576.jpg\"\n\t\t\t\t\t\tsrcset=\"https:\/\/www.greenpeace.org\/static\/planet4-norway-stateless\/2025\/09\/35e1ac88-artboard-1-300x169.jpg 300w, https:\/\/www.greenpeace.org\/static\/planet4-norway-stateless\/2025\/09\/35e1ac88-artboard-1-1024x576.jpg 1024w, https:\/\/www.greenpeace.org\/static\/planet4-norway-stateless\/2025\/09\/35e1ac88-artboard-1-768x432.jpg 768w, https:\/\/www.greenpeace.org\/static\/planet4-norway-stateless\/2025\/09\/35e1ac88-artboard-1-510x287.jpg 510w, https:\/\/www.greenpeace.org\/static\/planet4-norway-stateless\/2025\/09\/35e1ac88-artboard-1.jpg 1366w\"\n\t\t\t\t\t\tsizes=\"(min-width: 1000px) 358px, (min-width: 780px) 313px, 88px\"\n\t\t\t\t\t\talt=\"\" title=\"\"\n\t\t\t\t\/>\n            \t\t\t<div class=\"boxout-content\">\n\t\t\t\t\t\t\t\t\t<a\n\t\t\t\t\t\tclass=\"boxout-heading medium\"\n\t\t\t\t\t\tdata-ga-category=\"Take Action Boxout\"\n\t\t\t\t\t\tdata-ga-action=\"Title\"\n\t\t\t\t\t\tdata-ga-label=\"n\/a\"\n\t\t\t\t\t\thref=\"https:\/\/www.greenpeace.org\/norway\/vaer-med\/signer-beskytt-amazonas\/\"\n\t\t\t\t\t\t\n\t\t\t\t\t>\n\t\t\t\t\t\t&#8211; Signer: Beskytt\u00a0Amazonas\n\t\t\t\t\t<\/a>\n\t\t\t\t\t\t\t\t\t\t\t\t\t<p class=\"boxout-excerpt\">Jordas lunger, Amazonas, er truet. Krev at verdens ledere handler p\u00e5 klimatoppm\u00f8tet COP30. Skriv under n\u00e5!<\/p>\n\t\t\t\t                                    <a\n                        class=\"btn btn-primary\"\n                        data-ga-category=\"Take Action Boxout\"\n                        data-ga-action=\"Call to Action\"\n                        data-ga-label=\"n\/a\"\n                        href=\"https:\/\/www.greenpeace.org\/norway\/vaer-med\/signer-beskytt-amazonas\/\"\n                        \n                    >\n                        V\u00e6r med\n                    <\/a>\n                \t\t\t<\/div>\n\t\t\t\t\t<\/section>\n\t","protected":false},"excerpt":{"rendered":"<p>COP30 i Bel\u00e9m i Brasil blir historisk. Finn ut hva COP er, og hvorfor \u00e5rets klimatoppm\u00f8te er avgj\u00f8rende for verden, Amazonas og for \u00e5 bekjempe klimaendringene.<\/p>\n","protected":false},"author":35,"featured_media":66134,"comment_status":"closed","ping_status":"closed","sticky":false,"template":"","format":"standard","meta":{"ep_exclude_from_search":false,"p4_og_title":"","p4_og_description":"","p4_og_image":"","p4_og_image_id":"","p4_seo_canonical_url":"","p4_campaign_name":"","p4_local_project":"","p4_basket_name":"","p4_department":"","footnotes":""},"categories":[1],"tags":[64,30,62,29,79],"p4-page-type":[16],"class_list":["post-66124","post","type-post","status-publish","format-standard","has-post-thumbnail","hentry","category-klimaendringer","tag-klimakrise","tag-klimaeffekter","tag-internasjonaleavtaler","tag-fossilenergi","tag-amazonas","p4-page-type-nyheter"],"_links":{"self":[{"href":"https:\/\/www.greenpeace.org\/norway\/wp-json\/wp\/v2\/posts\/66124","targetHints":{"allow":["GET"]}}],"collection":[{"href":"https:\/\/www.greenpeace.org\/norway\/wp-json\/wp\/v2\/posts"}],"about":[{"href":"https:\/\/www.greenpeace.org\/norway\/wp-json\/wp\/v2\/types\/post"}],"author":[{"embeddable":true,"href":"https:\/\/www.greenpeace.org\/norway\/wp-json\/wp\/v2\/users\/35"}],"replies":[{"embeddable":true,"href":"https:\/\/www.greenpeace.org\/norway\/wp-json\/wp\/v2\/comments?post=66124"}],"version-history":[{"count":20,"href":"https:\/\/www.greenpeace.org\/norway\/wp-json\/wp\/v2\/posts\/66124\/revisions"}],"predecessor-version":[{"id":66193,"href":"https:\/\/www.greenpeace.org\/norway\/wp-json\/wp\/v2\/posts\/66124\/revisions\/66193"}],"wp:featuredmedia":[{"embeddable":true,"href":"https:\/\/www.greenpeace.org\/norway\/wp-json\/wp\/v2\/media\/66134"}],"wp:attachment":[{"href":"https:\/\/www.greenpeace.org\/norway\/wp-json\/wp\/v2\/media?parent=66124"}],"wp:term":[{"taxonomy":"category","embeddable":true,"href":"https:\/\/www.greenpeace.org\/norway\/wp-json\/wp\/v2\/categories?post=66124"},{"taxonomy":"post_tag","embeddable":true,"href":"https:\/\/www.greenpeace.org\/norway\/wp-json\/wp\/v2\/tags?post=66124"},{"taxonomy":"p4-page-type","embeddable":true,"href":"https:\/\/www.greenpeace.org\/norway\/wp-json\/wp\/v2\/p4-page-type?post=66124"}],"curies":[{"name":"wp","href":"https:\/\/api.w.org\/{rel}","templated":true}]}}