{"id":66622,"date":"2026-06-16T09:30:30","date_gmt":"2026-06-16T08:30:30","guid":{"rendered":"https:\/\/www.greenpeace.org\/norway\/?p=66622"},"modified":"2026-06-16T09:30:33","modified_gmt":"2026-06-16T08:30:33","slug":"vant-fram-i-banebrytende-soksmal-mot-oljeselskapet-energy-transfer","status":"publish","type":"post","link":"https:\/\/www.greenpeace.org\/norway\/nyheter\/greenpeace\/vant-fram-i-banebrytende-soksmal-mot-oljeselskapet-energy-transfer\/","title":{"rendered":"Vant fram i banebrytende s\u00f8ksm\u00e5l mot oljeselskapet Energy Transfer"},"content":{"rendered":"\n<figure class=\"wp-block-image\"><img loading=\"lazy\" decoding=\"async\" width=\"1200\" height=\"802\" title=\"Anti-SLAPP Hearing in Amsterdam\" src=\"https:\/\/www.greenpeace.org\/static\/planet4-norway-stateless\/2026\/06\/b2393368-gp0su8pf6.jpg\" alt=\"Greenpeace International staff and supporters gather outside the Amsterdam District Court to spell out the message &quot;facing down bullies&quot; to mark a hearing in Greenpeace International&#039;s anti-SLAPP lawsuit against fossil fuel pipeline company Energy Transfer filed in Amsterdam, The Netherlands.\" class=\"wp-image-67743\" srcset=\"https:\/\/www.greenpeace.org\/static\/planet4-norway-stateless\/2026\/06\/b2393368-gp0su8pf6.jpg 1200w, https:\/\/www.greenpeace.org\/static\/planet4-norway-stateless\/2026\/06\/b2393368-gp0su8pf6-300x201.jpg 300w, https:\/\/www.greenpeace.org\/static\/planet4-norway-stateless\/2026\/06\/b2393368-gp0su8pf6-1024x684.jpg 1024w, https:\/\/www.greenpeace.org\/static\/planet4-norway-stateless\/2026\/06\/b2393368-gp0su8pf6-768x513.jpg 768w, https:\/\/www.greenpeace.org\/static\/planet4-norway-stateless\/2026\/06\/b2393368-gp0su8pf6-510x340.jpg 510w\" sizes=\"auto, (max-width: 1200px) 100vw, 1200px\" \/><figcaption aria-hidden=\"true\" class=\"wp-element-caption\">Greenpeace Internationals ansatte og st\u00f8ttespillere utenfor Amsterdam tingrett i forbindelse med organisasjonens mots\u00f8ksm\u00e5l mot fossilgiganten Energy Transfer.<div class=\"credit icon-left\"> \u00a9 Milo Bos \/ Greenpeace<\/div><\/figcaption><\/figure>\n\n<p class=\"wp-block-paragraph\">Vi har nettopp vist at oljegigantene ikke st\u00e5r over loven. Tidligere i \u00e5r ble Greenpeace International og Greenpeace-organisasjoner i USA d\u00f8mt til \u00e5 betale 345 millioner dollar, omtrent 3,3 milliarder kroner, til oljeselskapet Energy Transfer, etter et grunnl\u00f8st s\u00f8ksm\u00e5l fra oljegiganten.&nbsp;<\/p>\n\n<p class=\"wp-block-paragraph\">N\u00e5 har Greenpeace International vunnet fram i et banebrytende mots\u00f8ksm\u00e5l \u2013 tross iherdige fors\u00f8k fra oljeselskapet p\u00e5 \u00e5 stanse det.<\/p>\n\n<hr class=\"wp-block-separator has-alpha-channel-opacity\"\/>\n\n<p class=\"wp-block-paragraph\">Oljegiganten Energy Transfer og milliard\u00e6rformann Kelcy Warren, som har donert store summer til Trump, har nettopp f\u00e5tt en skikkelig realitetssjekk i en nederlandsk domstol.<\/p>\n\n<p class=\"wp-block-paragraph\">I starten av juni <a href=\"https:\/\/abcnews.com\/International\/wireStory\/dutch-court-agrees-hear-greenpeace-lawsuit-us-energy-133558042\">vant Greenpeace International den innledende fasen av mots\u00f8ksm\u00e5let mot Energy Transfer<\/a> i Nederland.<\/p>\n\n<h2 class=\"wp-block-heading\">Greenpeace-organisasjoner d\u00f8mt til \u00e5 betale milliarder til oljeselskap<\/h2>\n\n<p class=\"wp-block-paragraph\">Bakgrunnen er at Greenpeace International og Greenpeace-organisasjoner i USA i februar ble <a href=\"https:\/\/www.greenpeace.org\/norway\/nyheter\/greenpeace\/greenpeace-kjemper-videre-mot-milliarddom-i-usa\/\">d\u00f8mt til \u00e5 betale omtrent 3,3 milliarder kroner til oljeselskapet Energy Transfer<\/a>.&nbsp;<\/p>\n\n<p class=\"wp-block-paragraph\">Oljeselskapets s\u00f8ksm\u00e5l mot Greenpeace-organisasjonene handlet om protestene mot Dakota Access-r\u00f8rledningen. De fredelige protestene ble ledet av urfolk ved Standing Rock, og Greenpeace deltok i solidaritet.<\/p>\n\n<p class=\"wp-block-paragraph\">Energy Transfers aggressive s\u00f8ksm\u00e5l mot Greenpeace International og Greenpeace-organisasjoner i USA (Greenpeace Inc. og Greenpeace Fund) er et \u00e5penbart fors\u00f8k p\u00e5 \u00e5 kneble ytringsfriheten.<\/p>\n\n<p class=\"wp-block-paragraph\">Saken mot Greenpeace-organisasjonene er et skoleeksempel p\u00e5 et s\u00e5kalt SLAPP-s\u00f8ksm\u00e5l (Strategic Lawsuits Against Public Participation) \u2013 strategiske kneblingss\u00f8ksm\u00e5l som har som m\u00e5l \u00e5 skremme organisasjoner og aktivister ved \u00e5 p\u00e5f\u00f8re dem store rettskostnader.<\/p>\n\n<figure class=\"wp-block-image size-large\"><img loading=\"lazy\" decoding=\"async\" width=\"1024\" height=\"683\" title=\"Photo Opp ET Anti-Slapp Lawsuit outside Courthouse in Amsterdam\" src=\"https:\/\/www.greenpeace.org\/static\/planet4-norway-stateless\/2026\/06\/aa2ccadf-gp0su62or-1024x683.jpg\" alt=\"Greenpeace International Executive director Mads Christensen. \n\nPeople gather outside the New Amsterdam Courthouse holding a banner reading &quot;Energy Transfer, Welcome To The EU Where Free Speech Is Still A Thing&quot; to mark the beginning of Greenpeace International&#039;s anti-SLAPP lawsuit against fossil fuel pipeline company Energy Transfer filed in Amsterdam, The Netherlands.\" class=\"wp-image-67745\" srcset=\"https:\/\/www.greenpeace.org\/static\/planet4-norway-stateless\/2026\/06\/aa2ccadf-gp0su62or-1024x683.jpg 1024w, https:\/\/www.greenpeace.org\/static\/planet4-norway-stateless\/2026\/06\/aa2ccadf-gp0su62or-300x200.jpg 300w, https:\/\/www.greenpeace.org\/static\/planet4-norway-stateless\/2026\/06\/aa2ccadf-gp0su62or-768x512.jpg 768w, https:\/\/www.greenpeace.org\/static\/planet4-norway-stateless\/2026\/06\/aa2ccadf-gp0su62or-510x340.jpg 510w, https:\/\/www.greenpeace.org\/static\/planet4-norway-stateless\/2026\/06\/aa2ccadf-gp0su62or.jpg 1200w\" sizes=\"auto, (max-width: 1024px) 100vw, 1024px\" \/><figcaption><div class=\"credit icon-left\"> \u00a9 Tengbeh Kamara \/ Greenpeace<\/div><\/figcaption><\/figure>\n\n<p class=\"wp-block-paragraph\">\u2013 Folk har f\u00e5tt nok av milliard\u00e6rer og forurensende selskaper som oppf\u00f8rer seg som om loven ikke gjelder for dem. Greenpeace International holder denne oljeb\u00f8llen ansvarlig for at de gjentatte ganger har pr\u00f8vd \u00e5 kneble ytringsfriheten v\u00e5r, sier Mads Christensen, generalsekret\u00e6r i Greenpeace International.<\/p>\n\n<p class=\"wp-block-paragraph\"><a href=\"https:\/\/www.greenpeace.org\/norway\/nyheter\/greenpeace\/energy-transfer-slapp-soksmal-greenpeace-usa\/\">Les mer om Energy Transfers s\u00f8ksm\u00e5l her<\/a><\/p>\n\n<h2 class=\"wp-block-heading\">Viktig delseier i mots\u00f8ksm\u00e5l i Nederland<\/h2>\n\n<p class=\"wp-block-paragraph\">Greenpeace International gikk til mots\u00f8ksm\u00e5l i Nederland, i en s\u00e5kalt anti-SLAPP-sak. Energy Transfer ba Amsterdam tingrett om \u00e5 avvise saken. Og hvis det mislyktes, \u00f8nsket de at hele saken skulle utsettes til det endelige utfallet av deres SLAPP-sak i Nord-Dakota i USA.<\/p>\n\n<p class=\"wp-block-paragraph\">Men tingretten i Amsterdam avviste alle Energy Transfers krav.<\/p>\n\n<figure class=\"wp-block-image\"><img loading=\"lazy\" decoding=\"async\" width=\"1200\" height=\"800\" title=\"Greenpeace Norway and Natur og Ungdom at Supreme Court in Oslo\" src=\"https:\/\/www.greenpeace.org\/static\/planet4-norway-stateless\/2026\/06\/85f06295-gp0su53jc.jpg\" alt=\"Klimentina Radkova, Legal Campaigner at Greenpeace Norway.\nGreenpeace Norway and Natur og Ungdom (Young Friends of the Earth Norway) gathered in Supreme Court, facing the Norwegian government. The NGOs appealed Borgarting Court of Appeal&#039;s removal of the injunctions on the three oil fields that followed the victorious judgement for the organisations in January 2024 at the Oslo district Court. The organisations are concerned about the climate impacts of three oil and gas fields in the North Sea and demand an immediate halt to their development.\nThe Oslo District Court ruling of January 2024 invalidated approvals of the three oil and gas fields for failures, under national and European Economic Area law, in the climate impact assessments. It also granted temporary injunctions for the fields. However, following an appeal from the Norwegian State, the injunctions were removed by Borgarting Court of Appeal appeal.\nThe Supreme Court ruling re-instates the injunctions on the three oil fields.\" class=\"wp-image-67746\" srcset=\"https:\/\/www.greenpeace.org\/static\/planet4-norway-stateless\/2026\/06\/85f06295-gp0su53jc.jpg 1200w, https:\/\/www.greenpeace.org\/static\/planet4-norway-stateless\/2026\/06\/85f06295-gp0su53jc-300x200.jpg 300w, https:\/\/www.greenpeace.org\/static\/planet4-norway-stateless\/2026\/06\/85f06295-gp0su53jc-1024x683.jpg 1024w, https:\/\/www.greenpeace.org\/static\/planet4-norway-stateless\/2026\/06\/85f06295-gp0su53jc-768x512.jpg 768w, https:\/\/www.greenpeace.org\/static\/planet4-norway-stateless\/2026\/06\/85f06295-gp0su53jc-510x340.jpg 510w\" sizes=\"auto, (max-width: 1200px) 100vw, 1200px\" \/><figcaption aria-hidden=\"true\" class=\"wp-element-caption\">Klimentina Radkova, juridisk fagr\u00e5dgiver i Greenpeace Norge.<div class=\"credit icon-left\"> \u00a9 Ludvik Baksaas \/ Greenpeace<\/div><\/figcaption><\/figure>\n\n<p class=\"wp-block-paragraph\">Juridisk fagr\u00e5dgiver Klimentina Radkova i Greenpeace Norge var til stede under rettssaken i Amsterdam.<\/p>\n\n<p class=\"wp-block-paragraph\">\u2013 \u00c5 sitte der og se oljebaronene p\u00e5 den andre siden av rettssalen, med de dyre dressene og luksusklokkene sine, ga meg en skikkelig urolig f\u00f8lelse i kroppen. Det var en surrealistisk opplevelse \u00e5 sitte og h\u00f8re p\u00e5 Energy Transfers villedende fremstilling av saken og Greenpeace International sitt arbeid, sier Radkova.<\/p>\n\n<p class=\"wp-block-paragraph\"><a href=\"https:\/\/www.greenpeace.org\/norway\/om-oss\/sivil-ulydighet-hva-er-det-og-hvordan-bruker-vi-det\/\">L\u00e6r mer om hvordan Greenpeace utf\u00f8rer fredelige protester og bedriver sivil ulydighet her<\/a><\/p>\n\n<h2 class=\"wp-block-heading\">Rettskampen mot Energy Transfer fortsetter i USA<\/h2>\n\n<p class=\"wp-block-paragraph\">Dette er tredje gang Energy Transfer har pr\u00f8vd og mislyktes i \u00e5 stoppe Greenpeace Internationals mots\u00f8ksm\u00e5l. To domstoler i North Dakota avviste fors\u00f8kene. N\u00e5 har ogs\u00e5 Amsterdam tingrett avvist dem.<\/p>\n\n<p class=\"wp-block-paragraph\">Tingretten i Amsterdam ga Energy Transfer en frist p\u00e5 seks uker til \u00e5 legge fram sitt hovedforsvar under nederlandsk lov.<\/p>\n\n<p class=\"wp-block-paragraph\">Parallelt med saken i Nederland fortsetter Greenpeace International og de amerikanske Greenpeace-organisasjonene rettskampen mot Energy Transfers s\u00f8ksm\u00e5l i Nord-Dakota.&nbsp;<\/p>\n\n<p class=\"wp-block-paragraph\">Greenpeace-partene krever en ny rettssak. Om n\u00f8dvendig vil avgj\u00f8relsen bli anket til h\u00f8yesterett i Nord-Dakota.<\/p>\n\t\t\t<section\n\t\t\tclass=\"boxout post-64098 \"\n\t\t\t\n\t\t>\n\t\t\t<a\n\t\t\t\tdata-ga-category=\"Take Action Boxout\"\n\t\t\t\tdata-ga-action=\"Image\"\n\t\t\t\tdata-ga-label=\"n\/a\"\n\t\t\t\tclass=\"cover-card-overlay\"\n\t\t\t\thref=\"https:\/\/www.greenpeace.org\/norway\/vaer-med\/signer-beskytt-ytringsfriheten\/\" \n\t\t\t><\/a>\n\t\t\t\t\t\t\t<img\n\t\t\t\t\t\tsrc=\"https:\/\/www.greenpeace.org\/static\/planet4-norway-stateless\/2025\/05\/da9bd0df-copy-of-fb-share-image-1024x538.png\"\n\t\t\t\t\t\tsrcset=\"https:\/\/www.greenpeace.org\/static\/planet4-norway-stateless\/2025\/05\/da9bd0df-copy-of-fb-share-image-300x158.png 300w, https:\/\/www.greenpeace.org\/static\/planet4-norway-stateless\/2025\/05\/da9bd0df-copy-of-fb-share-image-1024x538.png 1024w, https:\/\/www.greenpeace.org\/static\/planet4-norway-stateless\/2025\/05\/da9bd0df-copy-of-fb-share-image-768x403.png 768w, https:\/\/www.greenpeace.org\/static\/planet4-norway-stateless\/2025\/05\/da9bd0df-copy-of-fb-share-image-510x268.png 510w, https:\/\/www.greenpeace.org\/static\/planet4-norway-stateless\/2025\/05\/da9bd0df-copy-of-fb-share-image.png 1200w\"\n\t\t\t\t\t\tsizes=\"(min-width: 1000px) 358px, (min-width: 780px) 313px, 88px\"\n\t\t\t\t\t\talt=\"\" title=\"\"\n\t\t\t\t\/>\n            \t\t\t<div class=\"boxout-content\">\n\t\t\t\t\t\t\t\t\t<a\n\t\t\t\t\t\tclass=\"boxout-heading medium\"\n\t\t\t\t\t\tdata-ga-category=\"Take Action Boxout\"\n\t\t\t\t\t\tdata-ga-action=\"Title\"\n\t\t\t\t\t\tdata-ga-label=\"n\/a\"\n\t\t\t\t\t\thref=\"https:\/\/www.greenpeace.org\/norway\/vaer-med\/signer-beskytt-ytringsfriheten\/\"\n\t\t\t\t\t\t\n\t\t\t\t\t>\n\t\t\t\t\t\tVis motstand mot Trump: Signer for ytringsfriheten\n\t\t\t\t\t<\/a>\n\t\t\t\t\t\t\t\t\t\t\t\t\t<p class=\"boxout-excerpt\">Demokratiet v\u00e5rt er under angrep. Donald Trump og olje- og tekmilliard\u00e6rer hindrer klimahandling, knebler ytringsfriheten og knuser rettigheter. Bli med oss i kampen for \u00e5 forsvare demokratiet og en levelig planet. Signer oppropet!<\/p>\n\t\t\t\t                                    <a\n                        class=\"btn btn-primary\"\n                        data-ga-category=\"Take Action Boxout\"\n                        data-ga-action=\"Call to Action\"\n                        data-ga-label=\"n\/a\"\n                        href=\"https:\/\/www.greenpeace.org\/norway\/vaer-med\/signer-beskytt-ytringsfriheten\/\"\n                        \n                    >\n                        V\u00e6r med\n                    <\/a>\n                \t\t\t<\/div>\n\t\t\t\t\t<\/section>\n\t\n<h2 class=\"wp-block-heading\">Kortfilm med Javier Bardem og Yasmin Finney om s\u00e5kalte SLAPP-s\u00f8ksm\u00e5l<\/h2>\n\n<figure class=\"wp-block-image\"><img loading=\"lazy\" decoding=\"async\" width=\"1200\" height=\"800\" title=\"SLAPP Suit - starring Javier Bardem &amp; Yasmin Finney (Behind the Scenes)\" src=\"https:\/\/www.greenpeace.org\/static\/planet4-norway-stateless\/2026\/06\/faed7096-gp0su9036.jpg\" alt=\"Academy Award-winning actor Javier Bardem and Children&#039;s and Family Emmy Award-nominated actress Yasmin Finney star in a new film, SLAPP Suit, that dramatises the threat of \u2014 and resistance to  \u2014 abusive SLAPP lawsuits, released globally today by Greenpeace International.  \n\nBillionaire bullies and corporate polluters use Strategic Lawsuits Against Public Participation (SLAPP) to bury activists, journalists, whistleblowers, and non-profit organisations in legal fees, drain their time and resources, and ultimately make the cost of dissent too high. US-based fossil fuel pipeline company Energy Transfer has been waging back-to-back abusive SLAPP lawsuits against Greenpeace in the US and Greenpeace International for nearly a decade in a blatant attempt to silence free speech, erase Indigenous leadership of the Standing Rock movement, and punish solidarity with peaceful resistance to the Dakota Access Pipeline.\" class=\"wp-image-67744\" srcset=\"https:\/\/www.greenpeace.org\/static\/planet4-norway-stateless\/2026\/06\/faed7096-gp0su9036.jpg 1200w, https:\/\/www.greenpeace.org\/static\/planet4-norway-stateless\/2026\/06\/faed7096-gp0su9036-300x200.jpg 300w, https:\/\/www.greenpeace.org\/static\/planet4-norway-stateless\/2026\/06\/faed7096-gp0su9036-1024x683.jpg 1024w, https:\/\/www.greenpeace.org\/static\/planet4-norway-stateless\/2026\/06\/faed7096-gp0su9036-768x512.jpg 768w, https:\/\/www.greenpeace.org\/static\/planet4-norway-stateless\/2026\/06\/faed7096-gp0su9036-510x340.jpg 510w\" sizes=\"auto, (max-width: 1200px) 100vw, 1200px\" \/><figcaption aria-hidden=\"true\" class=\"wp-element-caption\">Den Oscar-vinnende skuespilleren Javier Bardem og skuespilleren Yasmin Finney spiller rollene i en ny kortfilm om SLAPP-s\u00f8ksm\u00e5l, eller kneblingss\u00f8ksm\u00e5l.<div class=\"credit icon-left\"> \u00a9 Greenpeace<\/div><\/figcaption><\/figure>\n\n<p class=\"wp-block-paragraph\">For \u00e5 skape oppmerksomhet rundt kneblingss\u00f8ksm\u00e5l og kampen mot dem, har Greenpeace nylig samarbeidet med de prisvinnende skuespillerne og aktivistene Javier Bardem og Yasmin Finney om en kortfilm. <\/p>\n\n<p class=\"wp-block-paragraph\">Filmen SLAPP Suit synliggj\u00f8r den uhyggelige trusselen fra selskaper som tyr til b\u00f8llete og sleipe metoder. Samtidig minner den oss om at vi sammen kan vise motstand mot disse selskapene.<\/p>\n\n<figure class=\"wp-block-embed is-type-video is-provider-youtube wp-block-embed-youtube wp-embed-aspect-16-9 wp-has-aspect-ratio\"><div class=\"wp-block-embed__wrapper\">\n<iframe loading=\"lazy\" title=\"SLAPP Suit (ft. Javier Bardem &amp; Yasmin Finney)\" width=\"500\" height=\"281\" src=\"https:\/\/www.youtube.com\/embed\/ai5COjEQ9og?feature=oembed\" frameborder=\"0\" allow=\"accelerometer; autoplay; clipboard-write; encrypted-media; gyroscope; picture-in-picture; web-share\" referrerpolicy=\"strict-origin-when-cross-origin\" allowfullscreen><\/iframe>\n<\/div><\/figure>\n\n<p class=\"wp-block-paragraph\"><em>Vi kan ikke la denne saken skape presedens for andre angrep p\u00e5 ytringsfriheten og fredelige protester, verken i USA eller i resten av verden.<\/em><\/p>\n\n<p class=\"wp-block-paragraph\"><em>Kampen mot Energy Transfers grunnl\u00f8se s\u00f8ksm\u00e5l er langt fra over. <\/em><a href=\"https:\/\/bidra.greenpeace.org\/d\/~min-donasjon\"><em>Bidraget ditt vil hjelpe oss \u00e5 fortsette kampen mot fossilb\u00f8llene<\/em>.<\/a><\/p>\n\t\t\t<section\n\t\t\tclass=\"boxout post-1229  sticky-bottom-mobile collapse show\"\n\t\t\tid=\"action-card\"\n\t\t>\n\t\t\t<a\n\t\t\t\tdata-ga-category=\"Take Action Boxout\"\n\t\t\t\tdata-ga-action=\"Image\"\n\t\t\t\tdata-ga-label=\"n\/a\"\n\t\t\t\tclass=\"cover-card-overlay\"\n\t\t\t\thref=\"https:\/\/www.greenpeace.org\/norway\/vaer-med\/stott-oss\/\" \n\t\t\t><\/a>\n\t\t\t\t\t\t\t<img\n\t\t\t\t\t\tsrc=\"https:\/\/www.greenpeace.org\/static\/planet4-norway-stateless\/2022\/02\/487ac5d0-gp1swsny-1024x767.jpg\"\n\t\t\t\t\t\tsrcset=\"https:\/\/www.greenpeace.org\/static\/planet4-norway-stateless\/2022\/02\/487ac5d0-gp1swsny-300x225.jpg 300w, https:\/\/www.greenpeace.org\/static\/planet4-norway-stateless\/2022\/02\/487ac5d0-gp1swsny-1024x767.jpg 1024w, https:\/\/www.greenpeace.org\/static\/planet4-norway-stateless\/2022\/02\/487ac5d0-gp1swsny-768x575.jpg 768w, https:\/\/www.greenpeace.org\/static\/planet4-norway-stateless\/2022\/02\/487ac5d0-gp1swsny-454x340.jpg 454w, https:\/\/www.greenpeace.org\/static\/planet4-norway-stateless\/2022\/02\/487ac5d0-gp1swsny.jpg 1200w\"\n\t\t\t\t\t\tsizes=\"(min-width: 1000px) 358px, (min-width: 780px) 313px, 88px\"\n\t\t\t\t\t\talt=\"Flyfoto av en \u00f8y formet som et hjerte\" title=\"Flyfoto av en \u00f8y formet som et hjerte\"\n\t\t\t\t\/>\n            \t\t\t<div class=\"boxout-content\">\n\t\t\t\t\t\t\t\t\t<a\n\t\t\t\t\t\tclass=\"boxout-heading medium\"\n\t\t\t\t\t\tdata-ga-category=\"Take Action Boxout\"\n\t\t\t\t\t\tdata-ga-action=\"Title\"\n\t\t\t\t\t\tdata-ga-label=\"n\/a\"\n\t\t\t\t\t\thref=\"https:\/\/www.greenpeace.org\/norway\/vaer-med\/stott-oss\/\"\n\t\t\t\t\t\t\n\t\t\t\t\t>\n\t\t\t\t\t\tSt\u00f8tt arbeidet v\u00e5rt for klima og milj\u00f8\n\t\t\t\t\t<\/a>\n\t\t\t\t\t\t\t\t\t\t\t\t\t<p class=\"boxout-excerpt\">Sammen utgj\u00f8r vi en forskjell for den s\u00e5rbare planeten v\u00e5r.<\/p>\n\t\t\t\t                                    <a\n                        class=\"btn btn-primary\"\n                        data-ga-category=\"Take Action Boxout\"\n                        data-ga-action=\"Call to Action\"\n                        data-ga-label=\"n\/a\"\n                        href=\"https:\/\/www.greenpeace.org\/norway\/vaer-med\/stott-oss\/\"\n                        \n                    >\n                        V\u00e6r med\n                    <\/a>\n                \t\t\t<\/div>\n\t\t\t\t\t\t\t<a\n\t\t\t\t\tclass=\"not-now\"\n\t\t\t\t\trole=\"button\"\n\t\t\t\t\tdata-bs-toggle=\"collapse\"\n\t\t\t\t\thref=\"#action-card\"\n\t\t\t\t><\/a>\n\t\t\t\t\t<\/section>\n\t","protected":false},"excerpt":{"rendered":"<p>Tidligere i \u00e5r ble Greenpeace International og Greenpeace-organisasjoner i USA d\u00f8mt til \u00e5 betale omtrent 3,3 milliarder kroner til oljeselskapet Energy Transfer, etter et grunnl\u00f8st s\u00f8ksm\u00e5l fra oljegiganten.\u00a0N\u00e5 har Greenpeace International vunnet fram i et banebrytende mots\u00f8ksm\u00e5l.<\/p>\n","protected":false},"author":35,"featured_media":67747,"comment_status":"closed","ping_status":"closed","sticky":false,"template":"","format":"standard","meta":{"_acf_changed":false,"ep_exclude_from_search":false,"p4_og_title":"","p4_og_description":"","p4_og_image":"","p4_og_image_id":"","p4_seo_canonical_url":"","p4_campaign_name":"","p4_local_project":"","p4_basket_name":"","p4_department":"","footnotes":""},"categories":[26],"tags":[83,41,29,53],"p4-page-type":[16],"class_list":["post-66622","post","type-post","status-publish","format-standard","has-post-thumbnail","hentry","category-greenpeace","tag-urfolksrettigheter","tag-sivilulydighet","tag-fossilenergi","tag-greenpeacefakta","p4-page-type-nyheter"],"acf":[],"_links":{"self":[{"href":"https:\/\/www.greenpeace.org\/norway\/wp-json\/wp\/v2\/posts\/66622","targetHints":{"allow":["GET"]}}],"collection":[{"href":"https:\/\/www.greenpeace.org\/norway\/wp-json\/wp\/v2\/posts"}],"about":[{"href":"https:\/\/www.greenpeace.org\/norway\/wp-json\/wp\/v2\/types\/post"}],"author":[{"embeddable":true,"href":"https:\/\/www.greenpeace.org\/norway\/wp-json\/wp\/v2\/users\/35"}],"replies":[{"embeddable":true,"href":"https:\/\/www.greenpeace.org\/norway\/wp-json\/wp\/v2\/comments?post=66622"}],"version-history":[{"count":12,"href":"https:\/\/www.greenpeace.org\/norway\/wp-json\/wp\/v2\/posts\/66622\/revisions"}],"predecessor-version":[{"id":67759,"href":"https:\/\/www.greenpeace.org\/norway\/wp-json\/wp\/v2\/posts\/66622\/revisions\/67759"}],"wp:featuredmedia":[{"embeddable":true,"href":"https:\/\/www.greenpeace.org\/norway\/wp-json\/wp\/v2\/media\/67747"}],"wp:attachment":[{"href":"https:\/\/www.greenpeace.org\/norway\/wp-json\/wp\/v2\/media?parent=66622"}],"wp:term":[{"taxonomy":"category","embeddable":true,"href":"https:\/\/www.greenpeace.org\/norway\/wp-json\/wp\/v2\/categories?post=66622"},{"taxonomy":"post_tag","embeddable":true,"href":"https:\/\/www.greenpeace.org\/norway\/wp-json\/wp\/v2\/tags?post=66622"},{"taxonomy":"p4-page-type","embeddable":true,"href":"https:\/\/www.greenpeace.org\/norway\/wp-json\/wp\/v2\/p4-page-type?post=66622"}],"curies":[{"name":"wp","href":"https:\/\/api.w.org\/{rel}","templated":true}]}}