{"id":67005,"date":"2026-04-28T11:47:36","date_gmt":"2026-04-28T10:47:36","guid":{"rendered":"https:\/\/www.greenpeace.org\/norway\/?p=67005"},"modified":"2026-04-28T11:53:02","modified_gmt":"2026-04-28T10:53:02","slug":"gode-nyheter-for-havet-2026","status":"publish","type":"post","link":"https:\/\/www.greenpeace.org\/norway\/nyheter\/hav\/gode-nyheter-for-havet-2026\/","title":{"rendered":"Gode nyheter for havet 2026"},"content":{"rendered":"\n<figure class=\"wp-block-image\"><img decoding=\"async\" src=\"https:\/\/www.greenpeace.org\/static\/planet4-norway-stateless\/2026\/04\/a894d85a-gp0su06x6.jpg\" title=\"Dolphins in the Colombian Pacific Ocean. \u00a9 Diana Rey Melo \/ Greenpeace\" alt=\"Delfin i Stillehavet, utenfor Colombia.<div class=\"credit icon-left\"> \u00a9 Diana Rey Melo \/ Greenpeace<\/div>&raquo; class=&raquo;wp-image-67009&#8243;\/><figcaption class=\"wp-element-caption\">Delfin i Stillehavet, utenfor Colombia.<div class=\"credit icon-left\"> \u00a9 Diana Rey Melo \/ Greenpeace<\/div><\/figcaption><\/figure>\n\n<p>Les om noen nylige seire for <a href=\"https:\/\/www.greenpeace.org\/norway\/hav\/\">havene v\u00e5re<\/a>. Med disse gode nyhetene ligger 2026 an til \u00e5 bli et skikkelig godt hav\u00e5r!<\/p>\n\n<h2 class=\"wp-block-heading\">1. Store norske sj\u00f8omr\u00e5der beskyttes<\/h2>\n\n<ol class=\"wp-block-list\"><\/ol>\n\n<p>Regjeringen har vedtatt \u00e5 <a href=\"https:\/\/www.regjeringen.no\/no\/aktuelt\/verna-fire-nye-sjoomrade\/id3149000\/\">verne fire nye sj\u00f8omr\u00e5der<\/a> med et samlet areal p\u00e5 nesten 400 kvadratkilometer: Krossfjorden, Ytre Hardangerfjorden og Dalsfjorden i Vestland fylke, og Kr\u00e5kv\u00e5g og Bjugnfjorden i Tr\u00f8ndelag.<\/p>\n\n<p>Her finnes s\u00e5rbar og uerstattelig natur, blant annet korallrev, tareskog og \u00e5legrasenger, som er sv\u00e6rt artsrike systemer.<\/p>\n\n<p>Vi vet at vern virker \u2013 det beskytter naturen mot skadelige inngrep og gj\u00f8r at artene i havet kan blomstre. Dette er derfor fantastiske nyheter for livet i havet!<\/p>\n\n<h2 class=\"wp-block-heading\">2. Mer havvern i vente<\/h2>\n\n<ol start=\"2\" class=\"wp-block-list\"><\/ol>\n\n<p>Fram til n\u00e5 har det bare v\u00e6rt mulig \u00e5 opprette havvern n\u00e6r kysten av Norge. De fire sj\u00f8omr\u00e5dene som regjeringen nylig vedtok \u00e5 verne, er eksempler p\u00e5 det. <a href=\"https:\/\/www.regjeringen.no\/no\/aktuelt\/ny-lov-om-vern-av-norske-havomrade\/id3109365\/\">En fersk havvernlov<\/a> gj\u00f8r det mulig \u00e5 verne enda mer uerstattelig marin natur, i alle norske havomr\u00e5der!<\/p>\n\n<p>I januar tr\u00e5dte ogs\u00e5 <a href=\"https:\/\/www.greenpeace.org\/norway\/nyheter\/greenpeace\/hurra-gode-nyheter-for-klima-og-miljo-fra-2025\/#fn\">FNs globale havavtale <\/a>i kraft. FN-avtalen er et kraftfullt verkt\u00f8y som kan brukes til \u00e5 opprette marine verneomr\u00e5der \u2013 omr\u00e5der der det blir forbudt med destruktive menneskelige aktiviteter som bunntr\u00e5ling, overfiske, gruvedrift og oljeboring.<\/p>\n\n<p>Disse nye reglene gj\u00f8r det alts\u00e5 mulig \u00e5 verne mer natur til havs, ogs\u00e5 i omr\u00e5der der det tidligere ikke har eksistert noe lovverk for beskyttelse.<\/p>\n\n<p>En <a href=\"https:\/\/www.nordlandsforskning.no\/nyheter\/et-hav-av-flelser-ny-forskning-undersker-vr-forbindelse-til-havet\">kartlegging fra Nordlandsforskning<\/a> viser at nesten tre av fire nordmenn mener myndighetene m\u00e5 gj\u00f8re mer for \u00e5 beskytte havet. For f\u00f8rste gang p\u00e5 lenge har politikerne faktisk f\u00e5tt verkt\u00f8yene som trengs for \u00e5 gj\u00f8re nettopp det.<\/p>\n\n<p>Greenpeace har kjempet for dette i over 20 \u00e5r. Vi skal fortsette \u00e5 jobbe for at disse avtalene faktisk gir reelt vern.<\/p>\n\n<p>LES OGS\u00c5: <a href=\"https:\/\/www.greenpeace.org\/norway\/nyheter\/greenpeace\/trenger-du-noen-gode-nyheter-fire-seire-fra-starten-av-2026\/\">Fire gode nyheter fra starten av 2026<\/a><\/p>\n\n<h2 class=\"wp-block-heading\">3. Seire i kampen mot gruvedrift p\u00e5 havbunnen<\/h2>\n\n<ol start=\"3\" class=\"wp-block-list\"><\/ol>\n\n<p>I det siste har vi gjort flere viktige framskritt i det viktige arbeidet for \u00e5 beskytte dyphavet mot skadelig <a href=\"https:\/\/www.greenpeace.org\/norway\/hav\/gruvedrift-pa-havbunnen\/\">gruvedrift<\/a>:<\/p>\n\n<ul class=\"wp-block-list\">\n<li>Et gruveselskap i Aotearoa (maorienes navn p\u00e5 New Zealand) fikk nylig <a href=\"https:\/\/www.greenpeace.org\/aotearoa\/press-release\/massive-win-for-moana-as-taranaki-seabed-mining-application-rejected\/\">avslag p\u00e5 planene<\/a> om \u00e5 framskynde gruvedrift p\u00e5 havbunnen i et viktig omr\u00e5de for bl\u00e5hvaler, pingviner og delfiner.<br><\/li>\n\n\n\n<li>I India ble planene om en lisensrunde for gruvedrift p\u00e5 havbunnen <a href=\"https:\/\/www.reuters.com\/world\/india\/india-does-not-plan-revive-offshore-mining-auction-near-term-sources-say-2026-04-01\/\">skrinlagt <\/a>p\u00e5 grunn av manglende interesse fra selskaper. Det l\u00f8nner seg rett og slett ikke \u00e5 gamble med livet i havet.<br><\/li>\n\n\n\n<li>Her hjemme klarte vi f\u00f8r jul \u00e5 <a href=\"https:\/\/www.greenpeace.org\/norway\/nyheter\/klimaendringer\/statsbudsjettet-ingen-gruvedrift-pa-havbunnen-ap-svikter-klima\/\">stoppe regjeringens planer om gruvedrift p\u00e5 havbunnen<\/a> de neste fire \u00e5rene. Det vil ikke bli gitt noen lisenser for gruvedrift p\u00e5 havbunnen i Arktis, fram til tidligst 2029.<\/li>\n<\/ul>\n\n<ul class=\"wp-block-list\">\n<li>Noen uker tidligere ble <a href=\"https:\/\/www.greenpeace.org\/aotearoa\/story\/cook-islands-seabed-mining-decision-delayed-following-local-opposition\/\">planene om gruvedrift p\u00e5 havbunnen p\u00e5 Cook\u00f8yene<\/a> i Stillehavet stanset fram til 2032. Det skjedde etter press fra lokalsamfunn og Greenpeace Aotearoa.<\/li>\n<\/ul>\n\n<p>Selskapene som vil utnytte havbunnen for kortsiktig profitt, m\u00f8ter kraftig motstand!<\/p>\n\n<h2 class=\"wp-block-heading\">Neste steg for \u00e5 sikre at havet beskyttes: en ekspedisjon til Arktis<\/h2>\n\n<figure class=\"wp-block-image\"><img loading=\"lazy\" decoding=\"async\" width=\"1200\" height=\"800\" src=\"https:\/\/www.greenpeace.org\/static\/planet4-norway-stateless\/2026\/04\/fedbbeda-gp0su1wgo.jpg\" title=\"Norwegian Deep Sea Mining ship tour - Hydrophone survey. \u00a9 Christian \u00c5slund \/ Greenpeace\" alt=\"Greenpeace-skipet The Witness under en vitenskapelig ekspedisjon i Arktis i august 2024.\" class=\"wp-image-67007\" srcset=\"https:\/\/www.greenpeace.org\/static\/planet4-norway-stateless\/2026\/04\/fedbbeda-gp0su1wgo.jpg 1200w, https:\/\/www.greenpeace.org\/static\/planet4-norway-stateless\/2026\/04\/fedbbeda-gp0su1wgo-300x200.jpg 300w, https:\/\/www.greenpeace.org\/static\/planet4-norway-stateless\/2026\/04\/fedbbeda-gp0su1wgo-1024x683.jpg 1024w, https:\/\/www.greenpeace.org\/static\/planet4-norway-stateless\/2026\/04\/fedbbeda-gp0su1wgo-768x512.jpg 768w, https:\/\/www.greenpeace.org\/static\/planet4-norway-stateless\/2026\/04\/fedbbeda-gp0su1wgo-510x340.jpg 510w\" sizes=\"auto, (max-width: 1200px) 100vw, 1200px\" \/><figcaption class=\"wp-element-caption\">Greenpeace-skipet The Witness under en forskningsekspedisjon i Arktis i august 2024.<div class=\"credit icon-left\"> \u00a9 Christian \u00c5slund \/ Greenpeace<\/div><\/figcaption><\/figure>\n\n<p>Arbeidet for \u00e5 beskytte de vakre havene v\u00e5re virker. Greenpeace sitt neste store oppdrag er en unik dyphavsekspedisjon i Arktis i mai og juni 2026.<\/p>\n\n<p>Sammen med verdensledende forskere skal vi utforske dypets underverker og skaffe bevisene vi trenger for \u00e5 beskytte denne magiske verdenen. F\u00f8lg med!<\/p>\n\t\t\t<section\n\t\t\tclass=\"boxout post-49889 \"\n\t\t\t\n\t\t>\n\t\t\t<a\n\t\t\t\tdata-ga-category=\"Take Action Boxout\"\n\t\t\t\tdata-ga-action=\"Image\"\n\t\t\t\tdata-ga-label=\"n\/a\"\n\t\t\t\tclass=\"cover-card-overlay\"\n\t\t\t\thref=\"https:\/\/www.greenpeace.org\/norway\/vaer-med\/nyhetsbrev\/\" \n\t\t\t><\/a>\n\t\t\t\t\t\t\t<img\n\t\t\t\t\t\tsrc=\"https:\/\/www.greenpeace.org\/static\/planet4-norway-stateless\/2022\/01\/a8ed7000-image.png\"\n\t\t\t\t\t\tsrcset=\"https:\/\/www.greenpeace.org\/static\/planet4-norway-stateless\/2022\/01\/a8ed7000-image-300x200.png 300w, https:\/\/www.greenpeace.org\/static\/planet4-norway-stateless\/2022\/01\/a8ed7000-image-768x512.png 768w, https:\/\/www.greenpeace.org\/static\/planet4-norway-stateless\/2022\/01\/a8ed7000-image-510x340.png 510w, https:\/\/www.greenpeace.org\/static\/planet4-norway-stateless\/2022\/01\/a8ed7000-image.png 800w\"\n\t\t\t\t\t\tsizes=\"(min-width: 1000px) 358px, (min-width: 780px) 313px, 88px\"\n\t\t\t\t\t\talt=\"\" title=\"\"\n\t\t\t\t\/>\n            \t\t\t<div class=\"boxout-content\">\n\t\t\t\t\t\t\t\t\t<a\n\t\t\t\t\t\tclass=\"boxout-heading medium\"\n\t\t\t\t\t\tdata-ga-category=\"Take Action Boxout\"\n\t\t\t\t\t\tdata-ga-action=\"Title\"\n\t\t\t\t\t\tdata-ga-label=\"n\/a\"\n\t\t\t\t\t\thref=\"https:\/\/www.greenpeace.org\/norway\/vaer-med\/nyhetsbrev\/\"\n\t\t\t\t\t\t\n\t\t\t\t\t>\n\t\t\t\t\t\tMeld deg p\u00e5 Greenpeace sitt nyhetsbrev\n\t\t\t\t\t<\/a>\n\t\t\t\t\t\t\t\t\t\t\t\t\t<p class=\"boxout-excerpt\">F\u00e5 nyheter, oppdateringer og tips om klima og milj\u00f8 p\u00e5 e-post. Du kan vente deg oppdateringer fra oss noen ganger i m\u00e5neden, og kan melde deg av n\u00e5r som helst.<\/p>\n\t\t\t\t                                    <a\n                        class=\"btn btn-primary\"\n                        data-ga-category=\"Take Action Boxout\"\n                        data-ga-action=\"Call to Action\"\n                        data-ga-label=\"n\/a\"\n                        href=\"https:\/\/www.greenpeace.org\/norway\/vaer-med\/nyhetsbrev\/\"\n                        \n                    >\n                        V\u00e6r med\n                    <\/a>\n                \t\t\t<\/div>\n\t\t\t\t\t<\/section>\n\t","protected":false},"excerpt":{"rendered":"<p>Les om noen nylige seire for havene v\u00e5re. Med disse gode nyhetene ligger 2026 an til \u00e5 bli et skikkelig godt hav\u00e5r!<\/p>\n","protected":false},"author":35,"featured_media":67009,"comment_status":"closed","ping_status":"closed","sticky":false,"template":"","format":"standard","meta":{"ep_exclude_from_search":false,"p4_og_title":"","p4_og_description":"","p4_og_image":"","p4_og_image_id":"","p4_seo_canonical_url":"","p4_campaign_name":"","p4_local_project":"","p4_basket_name":"","p4_department":"","footnotes":""},"categories":[59],"tags":[93,66,32,78,75,33],"p4-page-type":[16],"class_list":["post-67005","post","type-post","status-publish","format-standard","has-post-thumbnail","hentry","category-hav","tag-seire","tag-arktis","tag-beskytthavet","tag-gruvedrift","tag-havindustri","tag-biologiskmangfold","p4-page-type-nyheter"],"_links":{"self":[{"href":"https:\/\/www.greenpeace.org\/norway\/wp-json\/wp\/v2\/posts\/67005","targetHints":{"allow":["GET"]}}],"collection":[{"href":"https:\/\/www.greenpeace.org\/norway\/wp-json\/wp\/v2\/posts"}],"about":[{"href":"https:\/\/www.greenpeace.org\/norway\/wp-json\/wp\/v2\/types\/post"}],"author":[{"embeddable":true,"href":"https:\/\/www.greenpeace.org\/norway\/wp-json\/wp\/v2\/users\/35"}],"replies":[{"embeddable":true,"href":"https:\/\/www.greenpeace.org\/norway\/wp-json\/wp\/v2\/comments?post=67005"}],"version-history":[{"count":6,"href":"https:\/\/www.greenpeace.org\/norway\/wp-json\/wp\/v2\/posts\/67005\/revisions"}],"predecessor-version":[{"id":67018,"href":"https:\/\/www.greenpeace.org\/norway\/wp-json\/wp\/v2\/posts\/67005\/revisions\/67018"}],"wp:featuredmedia":[{"embeddable":true,"href":"https:\/\/www.greenpeace.org\/norway\/wp-json\/wp\/v2\/media\/67009"}],"wp:attachment":[{"href":"https:\/\/www.greenpeace.org\/norway\/wp-json\/wp\/v2\/media?parent=67005"}],"wp:term":[{"taxonomy":"category","embeddable":true,"href":"https:\/\/www.greenpeace.org\/norway\/wp-json\/wp\/v2\/categories?post=67005"},{"taxonomy":"post_tag","embeddable":true,"href":"https:\/\/www.greenpeace.org\/norway\/wp-json\/wp\/v2\/tags?post=67005"},{"taxonomy":"p4-page-type","embeddable":true,"href":"https:\/\/www.greenpeace.org\/norway\/wp-json\/wp\/v2\/p4-page-type?post=67005"}],"curies":[{"name":"wp","href":"https:\/\/api.w.org\/{rel}","templated":true}]}}