{"id":7379,"date":"2020-07-17T10:07:55","date_gmt":"2020-07-17T09:07:55","guid":{"rendered":"https:\/\/www.greenpeace.org\/norway\/?p=7379"},"modified":"2023-08-10T14:51:23","modified_gmt":"2023-08-10T13:51:23","slug":"nye-bilder-viser-ulovlige-branner-som-herjer-i-amazonas","status":"publish","type":"post","link":"https:\/\/www.greenpeace.org\/norway\/nyheter\/skog-og-landbruk\/nye-bilder-viser-ulovlige-branner-som-herjer-i-amazonas\/","title":{"rendered":"Nye bilder viser ulovlige branner som herjer i Amazonas"},"content":{"rendered":"\n<figure class=\"wp-block-image size-large  caption-style-blue-overlay caption-alignment-center\"><img loading=\"lazy\" decoding=\"async\" width=\"800\" height=\"533\" src=\"https:\/\/www.greenpeace.org\/static\/planet4-norway-stateless\/2020\/07\/4532d2fb-gp1su5ab_web_size_with_credit_line.jpg\" alt=\"Branner i Amazonas, i Alta Floresta i delstaten Mato Grosso, tatt i juli 2020. \" class=\"wp-image-7381\" srcset=\"https:\/\/www.greenpeace.org\/static\/planet4-norway-stateless\/2020\/07\/4532d2fb-gp1su5ab_web_size_with_credit_line.jpg 800w, https:\/\/www.greenpeace.org\/static\/planet4-norway-stateless\/2020\/07\/4532d2fb-gp1su5ab_web_size_with_credit_line-300x200.jpg 300w, https:\/\/www.greenpeace.org\/static\/planet4-norway-stateless\/2020\/07\/4532d2fb-gp1su5ab_web_size_with_credit_line-768x512.jpg 768w, https:\/\/www.greenpeace.org\/static\/planet4-norway-stateless\/2020\/07\/4532d2fb-gp1su5ab_web_size_with_credit_line-510x340.jpg 510w\" sizes=\"auto, (max-width: 800px) 100vw, 800px\" \/><figcaption class=\"wp-element-caption\">Brann i Amazonas, i Alta Floresta i delstaten Mato Grosso. Bildene er tatt av Greenpeace i juli 2020.<\/figcaption><\/figure>\n\n<p><strong>Nye bilder fra Greenpeace viser ulovlige branner over hele delstaten Mato Grosso i Brasil, i regnskogen i Amazonas. Bildene ble tatt da Greenpeace fl\u00f8y over omr\u00e5det 7.-10. juli for \u00e5 dokumentere branner.<\/strong><\/p>\n\n<p>Ettersom det er forbud mot brann i delstaten fra juli til september, er alle de dokumenterte brannene ulovlige. Greenpeace dokumentere ogs\u00e5 b\u00e5de utbrente omr\u00e5der og steder som ble forberedt for brann. Brannene dokumenteres samtidig som avskogingen \u00f8ker. Bare i juni i \u00e5r forsvant brasiliansk regnskog tilsvarende et omr\u00e5de dobbelt s\u00e5 stort som Oslo. Det er den verste avskogingen i juni p\u00e5 13 \u00e5r.&nbsp;<\/p>\n\n<p>Mato Grosso er den delstaten med flest antall branner s\u00e5 langt i 2020. Hele 4437 s\u00e5kalte hotspots har blitt dokumentert, noe som utgj\u00f8r nesten halvparten av alle brannene i den brasilianske regnskogen s\u00e5 langt i 2020 (antall hotspots fra 1. januar til 13. juli, basert p\u00e5 data fra Brasils romforskningsinstitutt, INPE).<\/p>\n\n<figure class=\"wp-block-image size-large  caption-style-blue-overlay caption-alignment-center\"><img loading=\"lazy\" decoding=\"async\" width=\"800\" height=\"534\" src=\"https:\/\/www.greenpeace.org\/static\/planet4-norway-stateless\/2020\/07\/058d01cf-gp1su5ae_web_size_with_credit_line.jpg\" alt=\"\" class=\"wp-image-7393\" srcset=\"https:\/\/www.greenpeace.org\/static\/planet4-norway-stateless\/2020\/07\/058d01cf-gp1su5ae_web_size_with_credit_line.jpg 800w, https:\/\/www.greenpeace.org\/static\/planet4-norway-stateless\/2020\/07\/058d01cf-gp1su5ae_web_size_with_credit_line-300x200.jpg 300w, https:\/\/www.greenpeace.org\/static\/planet4-norway-stateless\/2020\/07\/058d01cf-gp1su5ae_web_size_with_credit_line-768x513.jpg 768w, https:\/\/www.greenpeace.org\/static\/planet4-norway-stateless\/2020\/07\/058d01cf-gp1su5ae_web_size_with_credit_line-510x340.jpg 510w\" sizes=\"auto, (max-width: 800px) 100vw, 800px\" \/><figcaption class=\"wp-element-caption\">Skogrester brenner i et omr\u00e5de i Juara i Mato Grosso, delstaten i Brasil med flest antall branner s\u00e5 langt i 2020.<\/figcaption><\/figure>\n\n<p> \u2013 Disse bildene og rekordh\u00f8ye tall p\u00e5 avskoging er det \u00f8nskede resultatet fra Bolsonaros langsiktige strategi for Amazonas. Regjeringen hans har plukket fra hverandre lover og sl\u00e5tt beina under institusjonene som er ment \u00e5 beskytte milj\u00f8et. De har attp\u00e5til misbrukt koronakrisen til \u00e5 fremme ytterlige avskoging, hogst, og gruveaktivitet i Amazonas, sier Romulo Batista fra Greenpeace Brasil.<\/p>\n\n<p><strong>Bli med og krev at den norske regjeringen sier nei til handelsavtale med Brasil inntil avskogingen er under kontroll og urfolks rettigheter kan garanteres<\/strong>, <strong><a href=\"https:\/\/www.greenpeace.org\/norway\/vaer-med\/beskytt-amazonas\/amazon-aea\/\">skriv under her.<\/a><\/strong><\/p>\n\n<figure class=\"wp-block-image size-large  caption-style-blue-overlay caption-alignment-center\"><img loading=\"lazy\" decoding=\"async\" width=\"800\" height=\"534\" src=\"https:\/\/www.greenpeace.org\/static\/planet4-norway-stateless\/2020\/07\/240c5e9d-gp1su5aj_web_size_with_credit_line.jpg\" alt=\"\" class=\"wp-image-7394\" srcset=\"https:\/\/www.greenpeace.org\/static\/planet4-norway-stateless\/2020\/07\/240c5e9d-gp1su5aj_web_size_with_credit_line.jpg 800w, https:\/\/www.greenpeace.org\/static\/planet4-norway-stateless\/2020\/07\/240c5e9d-gp1su5aj_web_size_with_credit_line-300x200.jpg 300w, https:\/\/www.greenpeace.org\/static\/planet4-norway-stateless\/2020\/07\/240c5e9d-gp1su5aj_web_size_with_credit_line-768x513.jpg 768w, https:\/\/www.greenpeace.org\/static\/planet4-norway-stateless\/2020\/07\/240c5e9d-gp1su5aj_web_size_with_credit_line-510x340.jpg 510w\" sizes=\"auto, (max-width: 800px) 100vw, 800px\" \/><figcaption class=\"wp-element-caption\">Alta Floresta i Mato Grosso. Hvert \u00e5r flyr Greenpeace over Amazonas for \u00e5 overv\u00e5ke og dokumentere avskoging og skogbranner. <\/figcaption><\/figure>\n\n<h2 class=\"wp-block-heading\">Brannene i Amazonas p\u00e5satt<\/h2>\n\n<p>I juni ble 2248 \u201chotspots\u201d dokumentert i Amazonas, noe som er en 20 prosent \u00f8kning sammenlignet med katastrofe\u00e5ret i fjor, og den h\u00f8yeste m\u00e5lingen for juni siden 2007. Hotspots er sannsynlige branner som oppdages med satellitt. Det kan ogs\u00e5 forekomme branner som ikke blir oppdaget fra satellitt, blant p\u00e5 grunn av v\u00e6rforhold. Bare mellom 1. og 13. juli ble 1057 branner dokumentert i regnskogen.&nbsp;<\/p>\n\n<p>Store branner i Amazonas oppst\u00e5r ikke naturlig, men blir p\u00e5satt av godseiere og storb\u00f8nder som \u00f8nsker \u00e5 ta til seg mer land for kvegdrift og industrielt landbruk. Etter at Brasils president Jair Bolsonaro kom til makten har situasjonen blitt enda verre. Smog og luftforurensing fra branner utgj\u00f8r en alvorlig risiko for helsen til urfolk som allerede kjemper <a href=\"https:\/\/www.greenpeace.org\/international\/story\/30212\/illegal-indigenous-people-threat-self-isolate-covid19\/\">mot korona og forf\u00f8lgelse<\/a>.&nbsp;&nbsp;&nbsp;&nbsp;<\/p>\n\n<p><a href=\"https:\/\/www.nrk.no\/urix\/presset-mot-bolsonaro-regjeringens-politikk-i-amazonas-oker-1.15090139\">Flere har reagert p\u00e5 den brasilianske regjeringens angrep<\/a> p\u00e5 regnskogen og urfolk. Storebrand med flere norske og utenlandske investorer varslet at de kan trekke sine investeringer hvis landet ikke endrer regnskogpolitikk. Brasilianske selskaper har ogs\u00e5 uttrykt bekymring for hvordan Bolsonaros politikk truer milj\u00f8 og menneskerettigheter.&nbsp;<\/p>\n\n<p><strong>LES OGS\u00c5:<\/strong> <a href=\"https:\/\/www.greenpeace.org\/norway\/nyheter\/7533\/hvorfor-er-amazonas-sa-viktig-5-svar\/?_thumbnail_id=7535\">Hvorfor er Amazonas s\u00e5 viktig? 5 svar<\/a><\/p>\n\n<h2 class=\"wp-block-heading\">M\u00e5 si nei til handelsavtalen med Brasil<\/h2>\n\n<figure class=\"wp-block-embed is-type-video is-provider-youtube wp-block-embed-youtube wp-embed-aspect-4-3 wp-has-aspect-ratio\"><div class=\"wp-block-embed__wrapper\">\n<lite-youtube style=\"background-image: url('https:\/\/i.ytimg.com\/vi\/8t_rLbD-qlI\/hqdefault.jpg');\" videoid=\"8t_rLbD-qlI\" params=\"rel=0\"><\/lite-youtube>\n<\/div><\/figure>\n\n<p>Den norske regjeringen har imidlertid v\u00e6rt stille siden de skrev under p\u00e5 <a href=\"https:\/\/www.aftenposten.no\/verden\/i\/awp85M\/norge-og-resten-av-efta-har-inngaatt-handelsavtale-med-brasil-og-nabola\">utkastet til en handelsavtale mens brannene herjet<\/a> i fjor.<br><br>\u2013 Det er p\u00e5 h\u00f8y tid at Norge slutter \u00e5 v\u00e6re feig og begynner \u00e5 stille krav. Hvis ikke kaster vi bensin p\u00e5 b\u00e5let og taper kampen om regnskogen. Vi krever at regjeringa sier nei til handelsavtalen med Brasil inntil avskoginga er under kontroll og urfolks rettigheter kan garanteres, sa Frode Pleym, leder i Greenpeace Norge til NRK.<\/p>\n\n<p>Tiltakene til den brasilianske regjeringen har s\u00e5langt ikke v\u00e6rt tilstrekkelige. Et eksempel er kostbare milit\u00e6re operasjoner for \u00e5 bekjempe avskoging, ofte med et PR-team p\u00e5 slep. De har ogs\u00e5 varslet et midlertidig forbud mot branner som skal vare i 120 dager, men det er liten tro til at det vil v\u00e6re effektivt.<\/p>\n\n<figure class=\"wp-block-image size-large  caption-style-blue-overlay caption-alignment-center\"><img loading=\"lazy\" decoding=\"async\" width=\"800\" height=\"534\" src=\"https:\/\/www.greenpeace.org\/static\/planet4-norway-stateless\/2020\/07\/016c8047-gp1su5ad_web_size_with_credit_line.jpg\" alt=\"\" class=\"wp-image-7396\" srcset=\"https:\/\/www.greenpeace.org\/static\/planet4-norway-stateless\/2020\/07\/016c8047-gp1su5ad_web_size_with_credit_line.jpg 800w, https:\/\/www.greenpeace.org\/static\/planet4-norway-stateless\/2020\/07\/016c8047-gp1su5ad_web_size_with_credit_line-300x200.jpg 300w, https:\/\/www.greenpeace.org\/static\/planet4-norway-stateless\/2020\/07\/016c8047-gp1su5ad_web_size_with_credit_line-768x513.jpg 768w, https:\/\/www.greenpeace.org\/static\/planet4-norway-stateless\/2020\/07\/016c8047-gp1su5ad_web_size_with_credit_line-510x340.jpg 510w\" sizes=\"auto, (max-width: 800px) 100vw, 800px\" \/><figcaption class=\"wp-element-caption\"> Itanhang\u00e1 i Mato Grosso. Greenpeace krever at den norske regjeringen sier nei til handelsavtalen med Brasil inntil avskogingen er under kontroll og urfolks rettigheter kan garanteres.<\/figcaption><\/figure>\n\n<p>\u2013 Bildene av Amazonas som brenner i delstaten mato Grosso er et tydelig eksempel p\u00e5 at et forbud mot branner i seg selv ikke er nok. Det er avgj\u00f8rende at det f\u00f8lges opp med kapasitet til \u00e5 overv\u00e5ke og situasjonen og forvalte loven, noe som Bolsonaro bevisst har undergravd. De som roper p\u00e5 handling fra Bolsonaro kan ikke la seg lure av slepphendte PR-stunt som ikke har noen reell virkning, sier Batista.&nbsp;<\/p>\n\n<p>Greenpeace Norge mener det er totalt uforsvarlig at Norge vurderer \u00e5 godkjenne en handelsavtale med Brasil f\u00f8r avskogingen er under kontroll og urfolks rettigheter kan garanteres. <strong>Bli med p\u00e5 oppropet og krev at Norge sier nei til avtalen her<\/strong>:<\/p>\n\n<div class=\"wp-block-buttons is-layout-flex wp-block-buttons-is-layout-flex\">\n<div class=\"wp-block-button is-style-cta\"><a class=\"wp-block-button__link has-background wp-element-button\" href=\"https:\/\/www.greenpeace.org\/norway\/vaer-med\/beskytt-amazonas\/amazon-aea\/\" style=\"background-color:#f36d3a\">SKRIV UNDER<\/a><\/div>\n<\/div>\n\t\t\t<section\n\t\t\tclass=\"boxout  \"\n\t\t\t\n\t\t>\n\t\t\t<a\n\t\t\t\tdata-ga-category=\"Take Action Boxout\"\n\t\t\t\tdata-ga-action=\"Image\"\n\t\t\t\tdata-ga-label=\"n\/a\"\n\t\t\t\tclass=\"cover-card-overlay\"\n\t\t\t\thref=\"https:\/\/www.greenpeace.org\/norway\/vaer-med\/beskytt-amazonas\/amazon-aea\/\" target=\"_blank\"\n\t\t\t><\/a>\n\t\t\t\t\t\t\t<img\n\t\t\t\t\t\tsrc=\"https:\/\/www.greenpeace.org\/static\/planet4-norway-stateless\/2020\/07\/953d2d0e-gp0stttl7_web_size_with_credit_line.jpg\"\n\t\t\t\t\t\tsrcset=\"https:\/\/www.greenpeace.org\/static\/planet4-norway-stateless\/2020\/07\/953d2d0e-gp0stttl7_web_size_with_credit_line-300x190.jpg 300w, https:\/\/www.greenpeace.org\/static\/planet4-norway-stateless\/2020\/07\/953d2d0e-gp0stttl7_web_size_with_credit_line-768x486.jpg 768w, https:\/\/www.greenpeace.org\/static\/planet4-norway-stateless\/2020\/07\/953d2d0e-gp0stttl7_web_size_with_credit_line-510x323.jpg 510w, https:\/\/www.greenpeace.org\/static\/planet4-norway-stateless\/2020\/07\/953d2d0e-gp0stttl7_web_size_with_credit_line.jpg 800w\"\n\t\t\t\t\t\tsizes=\"(min-width: 1000px) 358px, (min-width: 780px) 313px, 88px\"\n\t\t\t\t\t\talt=\"\" title=\"\"\n\t\t\t\t\/>\n            \t\t\t<div class=\"boxout-content\">\n\t\t\t\t\t\t\t\t\t<a\n\t\t\t\t\t\tclass=\"boxout-heading medium\"\n\t\t\t\t\t\tdata-ga-category=\"Take Action Boxout\"\n\t\t\t\t\t\tdata-ga-action=\"Title\"\n\t\t\t\t\t\tdata-ga-label=\"n\/a\"\n\t\t\t\t\t\thref=\"https:\/\/www.greenpeace.org\/norway\/vaer-med\/beskytt-amazonas\/amazon-aea\/\"\n\t\t\t\t\t\ttarget=\"_blank\"\n\t\t\t\t\t>\n\t\t\t\t\t\tNORGE: SI NEI TIL HANDELSAVTALEN MED BRASIL\n\t\t\t\t\t<\/a>\n\t\t\t\t\t\t\t\t\t\t\t\t\t<p class=\"boxout-excerpt\">Vi krever at den norske regjeringen legger press p\u00e5 Brasil for \u00e5 beskytte den livsviktige regnskogen i Amazonas. Handelsavtalen med Brasil M\u00c5 STOPPES inntil avskogingen er under kontroll!\n\n<\/p>\n\t\t\t\t                                    <a\n                        class=\"btn btn-primary\"\n                        data-ga-category=\"Take Action Boxout\"\n                        data-ga-action=\"Call to Action\"\n                        data-ga-label=\"n\/a\"\n                        href=\"https:\/\/www.greenpeace.org\/norway\/vaer-med\/beskytt-amazonas\/amazon-aea\/\"\n                        target=\"_blank\"\n                    >\n                        Skriv under\n                    <\/a>\n                \t\t\t<\/div>\n\t\t\t\t\t<\/section>\n\t\n<p><\/p>\n","protected":false},"excerpt":{"rendered":"<p>Nye bilder fra Greenpeace viser ulovlige branner i Brasil, i regnskogen i Amazonas. Greenpeace fl\u00f8y over omr\u00e5det i juli for \u00e5 dokumentere branner og avskoging.<\/p>\n","protected":false},"author":27,"featured_media":7387,"comment_status":"closed","ping_status":"open","sticky":false,"template":"","format":"standard","meta":{"ep_exclude_from_search":false,"p4_og_title":"Nye bilder av ulovlige branner i Amazonas","p4_og_description":"","p4_og_image":"","p4_og_image_id":"","p4_seo_canonical_url":"","p4_campaign_name":"not set","p4_local_project":"not set","p4_basket_name":"not set","p4_department":"","footnotes":""},"categories":[60],"tags":[37,79,38,83],"p4-page-type":[16],"class_list":["post-7379","post","type-post","status-publish","format-standard","has-post-thumbnail","hentry","category-skog-og-landbruk","tag-skogbruk","tag-amazonas","tag-forurensning","tag-urfolksrettigheter","p4-page-type-nyheter"],"_links":{"self":[{"href":"https:\/\/www.greenpeace.org\/norway\/wp-json\/wp\/v2\/posts\/7379","targetHints":{"allow":["GET"]}}],"collection":[{"href":"https:\/\/www.greenpeace.org\/norway\/wp-json\/wp\/v2\/posts"}],"about":[{"href":"https:\/\/www.greenpeace.org\/norway\/wp-json\/wp\/v2\/types\/post"}],"author":[{"embeddable":true,"href":"https:\/\/www.greenpeace.org\/norway\/wp-json\/wp\/v2\/users\/27"}],"replies":[{"embeddable":true,"href":"https:\/\/www.greenpeace.org\/norway\/wp-json\/wp\/v2\/comments?post=7379"}],"version-history":[{"count":20,"href":"https:\/\/www.greenpeace.org\/norway\/wp-json\/wp\/v2\/posts\/7379\/revisions"}],"predecessor-version":[{"id":57037,"href":"https:\/\/www.greenpeace.org\/norway\/wp-json\/wp\/v2\/posts\/7379\/revisions\/57037"}],"wp:featuredmedia":[{"embeddable":true,"href":"https:\/\/www.greenpeace.org\/norway\/wp-json\/wp\/v2\/media\/7387"}],"wp:attachment":[{"href":"https:\/\/www.greenpeace.org\/norway\/wp-json\/wp\/v2\/media?parent=7379"}],"wp:term":[{"taxonomy":"category","embeddable":true,"href":"https:\/\/www.greenpeace.org\/norway\/wp-json\/wp\/v2\/categories?post=7379"},{"taxonomy":"post_tag","embeddable":true,"href":"https:\/\/www.greenpeace.org\/norway\/wp-json\/wp\/v2\/tags?post=7379"},{"taxonomy":"p4-page-type","embeddable":true,"href":"https:\/\/www.greenpeace.org\/norway\/wp-json\/wp\/v2\/p4-page-type?post=7379"}],"curies":[{"name":"wp","href":"https:\/\/api.w.org\/{rel}","templated":true}]}}