{"id":7470,"date":"2020-08-24T15:17:32","date_gmt":"2020-08-24T14:17:32","guid":{"rendered":"https:\/\/www.greenpeace.org\/norway\/?p=7470"},"modified":"2023-08-30T11:10:09","modified_gmt":"2023-08-30T10:10:09","slug":"raseringen-av-amazonas-fortsetter-det-ma-presset-mot-bolsonaro-ogsa","status":"publish","type":"post","link":"https:\/\/www.greenpeace.org\/norway\/nyheter\/skog-og-landbruk\/raseringen-av-amazonas-fortsetter-det-ma-presset-mot-bolsonaro-ogsa\/","title":{"rendered":"Raseringen av Amazonas fortsetter. Det m\u00e5 presset mot Bolsonaro ogs\u00e5."},"content":{"rendered":"\n<figure class=\"wp-block-image size-large  caption-style-blue-overlay caption-alignment-center\"><img loading=\"lazy\" decoding=\"async\" width=\"800\" height=\"533\" src=\"https:\/\/www.greenpeace.org\/static\/planet4-norway-stateless\/2020\/08\/22ba9b60-gp0stupvd_web_size_with_credit_line.jpg\" alt=\"\" class=\"wp-image-7472\" srcset=\"https:\/\/www.greenpeace.org\/static\/planet4-norway-stateless\/2020\/08\/22ba9b60-gp0stupvd_web_size_with_credit_line.jpg 800w, https:\/\/www.greenpeace.org\/static\/planet4-norway-stateless\/2020\/08\/22ba9b60-gp0stupvd_web_size_with_credit_line-300x200.jpg 300w, https:\/\/www.greenpeace.org\/static\/planet4-norway-stateless\/2020\/08\/22ba9b60-gp0stupvd_web_size_with_credit_line-768x512.jpg 768w, https:\/\/www.greenpeace.org\/static\/planet4-norway-stateless\/2020\/08\/22ba9b60-gp0stupvd_web_size_with_credit_line-510x340.jpg 510w\" sizes=\"auto, (max-width: 800px) 100vw, 800px\" \/><figcaption class=\"wp-element-caption\">Brann i Porto Velho i Rond\u00f4nia i august 2020. Hvert \u00e5r flyr Greenpeace over Amazonas for \u00e5 overv\u00e5ke og dokumentere avskoging og skogbranner.<\/figcaption><\/figure>\n\n<p><strong>N\u00e5 trekker Tyskland i bremsene for handelsavtale med Brasil. Bli med og krev at Norge f\u00f8lger etter.<\/strong><\/p>\n\n<p>I forrige uke tok Greenpeace nye bilder av brannene i Amazonas. <a href=\"https:\/\/unearthed.greenpeace.org\/2020\/08\/13\/amazon-rainforest-fires-brazil-protected-areas\/\">De ti f\u00f8rste dagene i august var de verste p\u00e5 ti \u00e5r<\/a> og ingenting tyder p\u00e5 at utviklingen vil snu til det bedre. Angela Merkel <a href=\"https:\/\/www.dw.com\/en\/merkel-amazon-deforestation-threatens-eu-mercosur-deal\/a-54651194\">sier at Tyskland sannsynligvis ikke vil signere handelsavtale med Brasil<\/a> slik situasjonen er n\u00e5. N\u00e5 m\u00e5 ogs\u00e5 Norge stille krav til handelsavtalen med Mercosur-landene.<\/p>\n\n<p>Etter press fra blant andre norske investorer kunngjorde Brasils president, Jair Bolsonaro, at han ville innf\u00f8re et 120 dager langt midlertidig forbud mot branner i regnskogen. Greenpeace og andre milj\u00f8organisasjoner uttrykte skepsis, fordi Bolsonaro bevisst har loppet institusjonene som h\u00e5ndhever slike lover for n\u00f8dvendige ressurser. Dessuten er de aller fleste brannene allerede ulovlige, s\u00e5 en ny lov det ikke finnes kapasitet til \u00e5 h\u00e5ndheve utgj\u00f8r liten forskjell. N\u00e5 ser det dessverre ut til at vi har f\u00e5tt rett. <a href=\"https:\/\/www.greenpeace.org\/usa\/news\/illegal-fires-surge-in-amazon-rainforest-with-impunity\/\">Forbudet har hatt tiln\u00e6rmet null effekt<\/a>, og 2020 ligger an til \u00e5 blir det verste \u00e5ret i Amazonas p\u00e5 over ti \u00e5r.&nbsp;<\/p>\n\n<figure class=\"wp-block-image size-large  caption-style-blue-overlay caption-alignment-center\"><img decoding=\"async\" src=\"https:\/\/www.greenpeace.org\/static\/planet4-norway-stateless\/2020\/08\/f0b05774-gp1su07j_web_size_with_credit_line.jpg\" title=\"Gruvedrift p\u00e5 urfolket Yanomamis territorium i Brasil\" alt=\"\" class=\"wp-image-7473\"\/><figcaption class=\"wp-element-caption\">Greenpeace fl\u00f8y over Roraima i mai 2020 og dokumenterte gruvearbeideres invasjon av Yanomami-folkets omr\u00e5der.<\/figcaption><\/figure>\n\n<h2 class=\"wp-block-heading\">Nytt gullrush i Amazonas<\/h2>\n\n<p>At det er mangel p\u00e5 vilje til \u00e5 h\u00e5ndheve lover som skal beskytte regnskog og urfolk underbygges av en ny analyse av Greenpeace som viser at 73 prosent av all avskoging fra gruveaktivitet skjer i beskyttede omr\u00e5der. \u00d8kte gullpriser har s\u00f8rget for et nytt gullrush i Amazonas, noe som rammer urfolksomr\u00e5der hardt.<\/p>\n\n<p>\u2013 Uttalelser fra Bolsonaros regjering, reduksjon i inspeksjoner og fors\u00f8k p\u00e5 \u00e5 lovliggj\u00f8re slik aktivitet i urfolksterritorier p\u00e5f\u00f8rer regnskogen \u00f8kt p\u00e5kjenning og bryter urfolks rettigheter, sier Carolina Mar\u00e7al fra Greenpeace Brasil.&nbsp;<\/p>\n\n<figure class=\"wp-block-image size-large  caption-style-blue-overlay caption-alignment-center\"><img loading=\"lazy\" decoding=\"async\" width=\"800\" height=\"533\" src=\"https:\/\/www.greenpeace.org\/static\/planet4-norway-stateless\/2020\/08\/b22f177d-gp1su06v_web_size_with_credit_line.jpg\" alt=\"\" class=\"wp-image-7474\" srcset=\"https:\/\/www.greenpeace.org\/static\/planet4-norway-stateless\/2020\/08\/b22f177d-gp1su06v_web_size_with_credit_line.jpg 800w, https:\/\/www.greenpeace.org\/static\/planet4-norway-stateless\/2020\/08\/b22f177d-gp1su06v_web_size_with_credit_line-300x200.jpg 300w, https:\/\/www.greenpeace.org\/static\/planet4-norway-stateless\/2020\/08\/b22f177d-gp1su06v_web_size_with_credit_line-768x512.jpg 768w, https:\/\/www.greenpeace.org\/static\/planet4-norway-stateless\/2020\/08\/b22f177d-gp1su06v_web_size_with_credit_line-510x340.jpg 510w\" sizes=\"auto, (max-width: 800px) 100vw, 800px\" \/><figcaption class=\"wp-element-caption\">Roraima i Brasil. Avskogingen i urfolkenes omr\u00e5der \u00f8kte med 64 prosent i de fire f\u00f8rste m\u00e5nedene i \u00e5r sammenliknet med 2019.<\/figcaption><\/figure>\n\n<p>At et f\u00e5tall forretningsfolk og godseiere skal f\u00e5 rasere klodens st\u00f8rste regnskog i jakt p\u00e5 profitt, er helt uansvarlig politikk som ikke h\u00f8rer hjemme i det 21. \u00e5rhundre. Det internasjonale samfunnet har et ansvar for \u00e5 sette foten ned.<\/p>\n\n<p><em>Les ogs\u00e5: <a href=\"https:\/\/www.greenpeace.org\/norway\/nyheter\/7533\/hvorfor-er-amazonas-sa-viktig-5-svar\/?_thumbnail_id=7535\">Hvorfor er Amazonas s\u00e5 viktig? 5 svar<\/a><\/em><\/p>\n\n<h2 class=\"wp-block-heading\">Utrolig feigt av Norge<\/h2>\n\n<p>\u2013 Det er et etterlengtet signal som n\u00e5 kommer fra Tyskland. Samtidig er det utrolig feigt av Norge \u00e5 ikke stille krav til mer forsvarlig regnskogpolitikk f\u00f8r handelsavtalen inng\u00e5s, sier regnskogr\u00e5dgiver Esben Marcussen i Greenpeace. \u2013 S\u00e6rlig med tanke p\u00e5 hvor mye Norge har investert i regnskogbevaring i Brasil.<\/p>\n\n<p>Greenpeace krever at avskogingen kommer under niv\u00e5et som normalt gir bel\u00f8nning i regnskogsamarbeidet mellom Brasil og Norge, og at partene viser at de etterlever forpliktelsene i utkastet til handelsavtalen <em>f\u00f8r<\/em> avtalen legges fram for godkjenning i Stortinget. Spesielt viktig er det at Brasil viser at de ivaretar urfolks rettigheter, bekjemper ulovlig hogst og implementerer Parisavtalen.<\/p>\n\n<p><strong>Bli med og krev at den norske regjeringen sier nei til handelsavtale med Brasil inntil avskogingen er under kontroll og urfolks rettigheter kan garanteres, skriv under her.<\/strong><\/p>\n\t\t\t<section\n\t\t\tclass=\"boxout post-2221 \"\n\t\t\t\n\t\t>\n\t\t\t<a\n\t\t\t\tdata-ga-category=\"Take Action Boxout\"\n\t\t\t\tdata-ga-action=\"Image\"\n\t\t\t\tdata-ga-label=\"n\/a\"\n\t\t\t\tclass=\"cover-card-overlay\"\n\t\t\t\thref=\"https:\/\/www.greenpeace.org\/norway\/vaer-med\/redd-amazonas\/\" \n\t\t\t><\/a>\n\t\t\t\t\t\t\t<img\n\t\t\t\t\t\tsrc=\"https:\/\/www.greenpeace.org\/static\/planet4-norway-stateless\/2020\/11\/ba6fd645-gp0stqfkj_web_size_with_credit_line.jpg\"\n\t\t\t\t\t\tsrcset=\"https:\/\/www.greenpeace.org\/static\/planet4-norway-stateless\/2020\/11\/ba6fd645-gp0stqfkj_web_size_with_credit_line-300x200.jpg 300w, https:\/\/www.greenpeace.org\/static\/planet4-norway-stateless\/2020\/11\/ba6fd645-gp0stqfkj_web_size_with_credit_line-768x513.jpg 768w, https:\/\/www.greenpeace.org\/static\/planet4-norway-stateless\/2020\/11\/ba6fd645-gp0stqfkj_web_size_with_credit_line-510x340.jpg 510w, https:\/\/www.greenpeace.org\/static\/planet4-norway-stateless\/2020\/11\/ba6fd645-gp0stqfkj_web_size_with_credit_line.jpg 800w\"\n\t\t\t\t\t\tsizes=\"(min-width: 1000px) 358px, (min-width: 780px) 313px, 88px\"\n\t\t\t\t\t\talt=\"\" title=\"\"\n\t\t\t\t\/>\n            \t\t\t<div class=\"boxout-content\">\n\t\t\t\t\t\t\t\t\t<a\n\t\t\t\t\t\tclass=\"boxout-heading medium\"\n\t\t\t\t\t\tdata-ga-category=\"Take Action Boxout\"\n\t\t\t\t\t\tdata-ga-action=\"Title\"\n\t\t\t\t\t\tdata-ga-label=\"n\/a\"\n\t\t\t\t\t\thref=\"https:\/\/www.greenpeace.org\/norway\/vaer-med\/redd-amazonas\/\"\n\t\t\t\t\t\t\n\t\t\t\t\t>\n\t\t\t\t\t\tRedd Amazonas\n\t\t\t\t\t<\/a>\n\t\t\t\t\t\t\t\t\t\t\t\t\t<p class=\"boxout-excerpt\">Amazonas, den mest artsrike skogen p\u00e5 jorda, blir rasert og brent for kortsiktig gevinst. Mister vi Amazonas, taper vi kampen mot klimakrisen. Signer oppropet.<\/p>\n\t\t\t\t                                    <a\n                        class=\"btn btn-primary\"\n                        data-ga-category=\"Take Action Boxout\"\n                        data-ga-action=\"Call to Action\"\n                        data-ga-label=\"n\/a\"\n                        href=\"https:\/\/www.greenpeace.org\/norway\/vaer-med\/redd-amazonas\/\"\n                        \n                    >\n                        V\u00e6r med\n                    <\/a>\n                \t\t\t<\/div>\n\t\t\t\t\t<\/section>\n\t\n<p><\/p>\n","protected":false},"excerpt":{"rendered":"<p>Skogbrannene i Amazonas de ti f\u00f8rste dagene i august var de verste p\u00e5 ti \u00e5r. Norge m\u00e5 stille krav til handelsavtalen med Mercosur-landene.<\/p>\n","protected":false},"author":27,"featured_media":7477,"comment_status":"closed","ping_status":"open","sticky":false,"template":"","format":"standard","meta":{"ep_exclude_from_search":false,"p4_og_title":"Amazonas-brannene: Presset m\u00e5 \u00f8ke","p4_og_description":"<p>I forrige uke tok Greenpeace nye bilder av brannene i Amazonas. De ti f\u00f8rste dagene i august var de verste p\u00e5 ti \u00e5r. Norge m\u00e5 stille krav til handelsavtalen med Mercosur-landene.<\/p>","p4_og_image":"","p4_og_image_id":"","p4_seo_canonical_url":"","p4_campaign_name":"not set","p4_local_project":"not set","p4_basket_name":"not set","p4_department":"","footnotes":""},"categories":[60],"tags":[37,79,88],"p4-page-type":[16],"class_list":["post-7470","post","type-post","status-publish","format-standard","has-post-thumbnail","hentry","category-skog-og-landbruk","tag-skogbruk","tag-amazonas","tag-regnskog","p4-page-type-nyheter"],"_links":{"self":[{"href":"https:\/\/www.greenpeace.org\/norway\/wp-json\/wp\/v2\/posts\/7470","targetHints":{"allow":["GET"]}}],"collection":[{"href":"https:\/\/www.greenpeace.org\/norway\/wp-json\/wp\/v2\/posts"}],"about":[{"href":"https:\/\/www.greenpeace.org\/norway\/wp-json\/wp\/v2\/types\/post"}],"author":[{"embeddable":true,"href":"https:\/\/www.greenpeace.org\/norway\/wp-json\/wp\/v2\/users\/27"}],"replies":[{"embeddable":true,"href":"https:\/\/www.greenpeace.org\/norway\/wp-json\/wp\/v2\/comments?post=7470"}],"version-history":[{"count":9,"href":"https:\/\/www.greenpeace.org\/norway\/wp-json\/wp\/v2\/posts\/7470\/revisions"}],"predecessor-version":[{"id":57449,"href":"https:\/\/www.greenpeace.org\/norway\/wp-json\/wp\/v2\/posts\/7470\/revisions\/57449"}],"wp:featuredmedia":[{"embeddable":true,"href":"https:\/\/www.greenpeace.org\/norway\/wp-json\/wp\/v2\/media\/7477"}],"wp:attachment":[{"href":"https:\/\/www.greenpeace.org\/norway\/wp-json\/wp\/v2\/media?parent=7470"}],"wp:term":[{"taxonomy":"category","embeddable":true,"href":"https:\/\/www.greenpeace.org\/norway\/wp-json\/wp\/v2\/categories?post=7470"},{"taxonomy":"post_tag","embeddable":true,"href":"https:\/\/www.greenpeace.org\/norway\/wp-json\/wp\/v2\/tags?post=7470"},{"taxonomy":"p4-page-type","embeddable":true,"href":"https:\/\/www.greenpeace.org\/norway\/wp-json\/wp\/v2\/p4-page-type?post=7470"}],"curies":[{"name":"wp","href":"https:\/\/api.w.org\/{rel}","templated":true}]}}