{"id":7555,"date":"2020-09-10T19:34:41","date_gmt":"2020-09-10T18:34:41","guid":{"rendered":"https:\/\/www.greenpeace.org\/norway\/?p=7555"},"modified":"2023-08-28T10:43:09","modified_gmt":"2023-08-28T09:43:09","slug":"greenpeace-stopper-norskeid-oljetankskip-og-ber-lofven-velge-paris-ikke-preem","status":"publish","type":"post","link":"https:\/\/www.greenpeace.org\/norway\/nyheter\/klimaendringer\/greenpeace-stopper-norskeid-oljetankskip-og-ber-lofven-velge-paris-ikke-preem\/","title":{"rendered":"Lysekil: Greenpeace stopper norskeid oljetankskip og ber L\u00f6fven velge Paris, ikke Preem"},"content":{"rendered":"\n<figure class=\"wp-block-image size-large  caption-style-medium caption-alignment-center\"><img loading=\"lazy\" decoding=\"async\" width=\"1024\" height=\"683\" src=\"https:\/\/www.greenpeace.org\/static\/planet4-norway-stateless\/2020\/09\/d11da1b8-186a4362-1024x683.jpg\" alt=\"\" class=\"wp-image-7556\" srcset=\"https:\/\/www.greenpeace.org\/static\/planet4-norway-stateless\/2020\/09\/d11da1b8-186a4362-1024x683.jpg 1024w, https:\/\/www.greenpeace.org\/static\/planet4-norway-stateless\/2020\/09\/d11da1b8-186a4362-300x200.jpg 300w, https:\/\/www.greenpeace.org\/static\/planet4-norway-stateless\/2020\/09\/d11da1b8-186a4362-768x512.jpg 768w, https:\/\/www.greenpeace.org\/static\/planet4-norway-stateless\/2020\/09\/d11da1b8-186a4362-1536x1024.jpg 1536w, https:\/\/www.greenpeace.org\/static\/planet4-norway-stateless\/2020\/09\/d11da1b8-186a4362-2048x1366.jpg 2048w, https:\/\/www.greenpeace.org\/static\/planet4-norway-stateless\/2020\/09\/d11da1b8-186a4362-510x340.jpg 510w\" sizes=\"auto, (max-width: 1024px) 100vw, 1024px\" \/><figcaption class=\"wp-element-caption\">Rainbow Warrior ankret opp i innseilingen til Brofjorden havn 19.30 torsdag kveld. Foto: Greenpeace<\/figcaption><\/figure>\n\n<p>Lysekil, 10. september 2020 \u2013 Greenpeace-skipet Rainbow Warrior blokkerer akkurat n\u00e5 innseilingen til Brofjorden havn p\u00e5 den svenske vestkysten. Hensikten med den fredelige protesten er \u00e5 hindre det norskeide tankskipet Grena Knutsen fra \u00e5 anl\u00f8pe oljeselskapet Preems raffineri p\u00e5 stedet.\u00a0<\/p>\n\n<p>Greenpeace krever at Sveriges statsminister Stefan L\u00f6fven og den svenske regjeringen velger Parisavtalen over Preem, og stopper planene om utvidelse av oljeraffineriet Preemraff.<\/p>\n\n<p>\u2013 Grena Knutsen frakter r\u00e5olje fra Gullfaks-feltet via Preemraff og videre ut i verden. Klimaendringene stopper ikke ved svenskegrensa, og den norske regjeringen er ansvarlig for de klimagassutslippene vi eksporterer. Norge er verdens syvende st\u00f8rste eksport\u00f8r av CO2, midt i en p\u00e5g\u00e5ende klimakrise. Utslippene Norge eksporterer er nesten ti ganger st\u00f8rre enn utslippene her hjemme, sier Frode Pleym, leder i Greenpeace Norge.<\/p>\n\n<p>Hvis den svenske regjeringen innvilger Preems s\u00f8knad om utvidelse av raffineriet i Lysekil, vil CO2-utslippene fra anlegget \u00f8ke med \u00e9n million tonn hvert \u00e5r, og gj\u00f8re det til Sveriges st\u00f8rste enkeltkilde til CO2-utslipp.<\/p>\n\n<p><strong>\u2013<\/strong> Sverige er et av de landene i verden som har best forutsetninger til \u00e5 omstille seg vekk fra olje til et mer b\u00e6rekraftig samfunn. Beslutningen om utvidelse av Preemraff er en lakmustest for regjeringen. Det er ikke mulig \u00e5 v\u00e6re en klimaleder og samtidig tillate en utvidelse av et oljeraffineri som l\u00e5ser oss fast til en fossil infrastruktur i flere ti\u00e5r framover. L\u00f6fven m\u00e5 velge Parisavtalen, ikke Preem, sier Isadora Wronski, leder for Greenpeace Sverige.<\/p>\n\n<p>\u2013 Det finnes ikke et eneste godt klimaargument for \u00e5 utvide dette oljeraffineriet. Den globale oljeproduksjonen m\u00e5 minst halveres innen 2030 dersom vi skal unng\u00e5 de verste konsekvensene av klimakrisa. Dersom Preemraff utvides vil det bli umulig for Sverige \u00e5 n\u00e5 nasjonale klimam\u00e5l og forpliktelsene i Parisavtalen. Omstillingen m\u00e5 skje n\u00e5, sier Pleym.&nbsp;<\/p>\n\n<p>Som et smitteverntiltak har b\u00e5de aktivister og mannskap om bord p\u00e5 Rainbow Warrior v\u00e6rt i karantene og testet negativt f\u00f8r aksjonen. Greenpeace har benyttet ikkevoldelige direkte aksjoner og sivil ulydighet for \u00e5 p\u00e5virke beslutningstakere og skape offentlig debatt siden grunnleggelsen i 1971. Les mer om hvorfor vi gj\u00f8r det <a href=\"https:\/\/www.greenpeace.org\/norway\/nyheter\/450\/derfor-bruker-vi-sivil-ulydighet\/\">her<\/a>.<\/p>\n\n<p><strong>Vil du st\u00e5 sammen med oss<\/strong> i arbeidet v\u00e5rt for \u00e5 f\u00e5 til et skifte fra fossil til fornybar energi?<a href=\"https:\/\/bidra.greenpeace.org\/d\/bli-manedlig-giver\"> Bli m\u00e5nedsgiver her<\/a> eller <a href=\"https:\/\/bidra.greenpeace.org\/d\/engangsbidrag\">gi et engangsbidrag her<\/a>.<\/p>\n\n<p><strong>Bakgrunn:<\/strong><\/p>\n\n<ul class=\"wp-block-list\">\n<li><a href=\"https:\/\/media.greenpeace.org\/collection\/27MDHUDE9J2\">Foto og video fra aktiviteten<\/a><\/li>\n\n\n\n<li><a href=\"https:\/\/www.naturskyddsforeningen.se\/klimat\/preemraff-overklagan\">Bakgrunn om Preemraff-rettssaken og ankene<\/a><\/li>\n\n\n\n<li>I juni avsl\u00f8rte Greenpeace Preems gr\u00f8nnvasking. <a href=\"https:\/\/preemwashing.se\/\">Les mer her.<\/a>&nbsp;<\/li>\n<\/ul>\n\n<p><strong>Kontaktpersoner:<\/strong><\/p>\n\n<p>Oda Gr\u00f8nbekk, kommunikasjonsr\u00e5dgiver Greenpeace Norge<br><a>oda.gronbekk@greenpeace.org<br><\/a>+47 92 42 12 15<\/p>\n\n<p>Fanny J\u00f6nsson, kommunikasjonsr\u00e5dgiver Greenpeace Sverige<br><a>fanny.jonsson@greenpeace.org<br><\/a>+46 70 283 30 36<\/p>\n\n<p><\/p>\n\t\t\t<section\n\t\t\tclass=\"boxout post-1229 \"\n\t\t\t\n\t\t>\n\t\t\t<a\n\t\t\t\tdata-ga-category=\"Take Action Boxout\"\n\t\t\t\tdata-ga-action=\"Image\"\n\t\t\t\tdata-ga-label=\"n\/a\"\n\t\t\t\tclass=\"cover-card-overlay\"\n\t\t\t\thref=\"https:\/\/www.greenpeace.org\/norway\/vaer-med\/stott-oss\/\" \n\t\t\t><\/a>\n\t\t\t\t\t\t\t<img\n\t\t\t\t\t\tsrc=\"https:\/\/www.greenpeace.org\/static\/planet4-norway-stateless\/2022\/02\/487ac5d0-gp1swsny-1024x767.jpg\"\n\t\t\t\t\t\tsrcset=\"https:\/\/www.greenpeace.org\/static\/planet4-norway-stateless\/2022\/02\/487ac5d0-gp1swsny-300x225.jpg 300w, https:\/\/www.greenpeace.org\/static\/planet4-norway-stateless\/2022\/02\/487ac5d0-gp1swsny-1024x767.jpg 1024w, https:\/\/www.greenpeace.org\/static\/planet4-norway-stateless\/2022\/02\/487ac5d0-gp1swsny-768x575.jpg 768w, https:\/\/www.greenpeace.org\/static\/planet4-norway-stateless\/2022\/02\/487ac5d0-gp1swsny-454x340.jpg 454w, https:\/\/www.greenpeace.org\/static\/planet4-norway-stateless\/2022\/02\/487ac5d0-gp1swsny.jpg 1200w\"\n\t\t\t\t\t\tsizes=\"(min-width: 1000px) 358px, (min-width: 780px) 313px, 88px\"\n\t\t\t\t\t\talt=\"Flyfoto av en \u00f8y formet som et hjerte\" title=\"Flyfoto av en \u00f8y formet som et hjerte\"\n\t\t\t\t\/>\n            \t\t\t<div class=\"boxout-content\">\n\t\t\t\t\t\t\t\t\t<a\n\t\t\t\t\t\tclass=\"boxout-heading medium\"\n\t\t\t\t\t\tdata-ga-category=\"Take Action Boxout\"\n\t\t\t\t\t\tdata-ga-action=\"Title\"\n\t\t\t\t\t\tdata-ga-label=\"n\/a\"\n\t\t\t\t\t\thref=\"https:\/\/www.greenpeace.org\/norway\/vaer-med\/stott-oss\/\"\n\t\t\t\t\t\t\n\t\t\t\t\t>\n\t\t\t\t\t\tSt\u00f8tt arbeidet v\u00e5rt for klima og milj\u00f8\n\t\t\t\t\t<\/a>\n\t\t\t\t\t\t\t\t\t\t\t\t\t<p class=\"boxout-excerpt\">Sammen utgj\u00f8r vi en forskjell for den s\u00e5rbare planeten v\u00e5r.<\/p>\n\t\t\t\t                                    <a\n                        class=\"btn btn-primary\"\n                        data-ga-category=\"Take Action Boxout\"\n                        data-ga-action=\"Call to Action\"\n                        data-ga-label=\"n\/a\"\n                        href=\"https:\/\/www.greenpeace.org\/norway\/vaer-med\/stott-oss\/\"\n                        \n                    >\n                        V\u00e6r med\n                    <\/a>\n                \t\t\t<\/div>\n\t\t\t\t\t<\/section>\n\t","protected":false},"excerpt":{"rendered":"<p>Greenpeace-skipet Rainbow Warrior blokkerer innseilingen til Brofjorden havn p\u00e5 den svenske vestkysten. Vi krever at Sverige velger Parisavtalen over Preem.<\/p>\n","protected":false},"author":27,"featured_media":7556,"comment_status":"closed","ping_status":"open","sticky":false,"template":"","format":"standard","meta":{"ep_exclude_from_search":false,"p4_og_title":"Lysekil: Aksjon mot norskeid oljetankskip","p4_og_description":"","p4_og_image":"","p4_og_image_id":"","p4_seo_canonical_url":"","p4_campaign_name":"not set","p4_local_project":"not set","p4_basket_name":"not set","p4_department":"","footnotes":""},"categories":[58,1],"tags":[30,63,29,64],"p4-page-type":[16],"class_list":["post-7555","post","type-post","status-publish","format-standard","has-post-thumbnail","hentry","category-energi","category-klimaendringer","tag-klimaeffekter","tag-vareskip","tag-fossilenergi","tag-klimakrise","p4-page-type-nyheter"],"_links":{"self":[{"href":"https:\/\/www.greenpeace.org\/norway\/wp-json\/wp\/v2\/posts\/7555","targetHints":{"allow":["GET"]}}],"collection":[{"href":"https:\/\/www.greenpeace.org\/norway\/wp-json\/wp\/v2\/posts"}],"about":[{"href":"https:\/\/www.greenpeace.org\/norway\/wp-json\/wp\/v2\/types\/post"}],"author":[{"embeddable":true,"href":"https:\/\/www.greenpeace.org\/norway\/wp-json\/wp\/v2\/users\/27"}],"replies":[{"embeddable":true,"href":"https:\/\/www.greenpeace.org\/norway\/wp-json\/wp\/v2\/comments?post=7555"}],"version-history":[{"count":11,"href":"https:\/\/www.greenpeace.org\/norway\/wp-json\/wp\/v2\/posts\/7555\/revisions"}],"predecessor-version":[{"id":57382,"href":"https:\/\/www.greenpeace.org\/norway\/wp-json\/wp\/v2\/posts\/7555\/revisions\/57382"}],"wp:featuredmedia":[{"embeddable":true,"href":"https:\/\/www.greenpeace.org\/norway\/wp-json\/wp\/v2\/media\/7556"}],"wp:attachment":[{"href":"https:\/\/www.greenpeace.org\/norway\/wp-json\/wp\/v2\/media?parent=7555"}],"wp:term":[{"taxonomy":"category","embeddable":true,"href":"https:\/\/www.greenpeace.org\/norway\/wp-json\/wp\/v2\/categories?post=7555"},{"taxonomy":"post_tag","embeddable":true,"href":"https:\/\/www.greenpeace.org\/norway\/wp-json\/wp\/v2\/tags?post=7555"},{"taxonomy":"p4-page-type","embeddable":true,"href":"https:\/\/www.greenpeace.org\/norway\/wp-json\/wp\/v2\/p4-page-type?post=7555"}],"curies":[{"name":"wp","href":"https:\/\/api.w.org\/{rel}","templated":true}]}}