{"id":756,"date":"2014-05-22T16:38:00","date_gmt":"2014-05-22T16:38:00","guid":{"rendered":"https:\/\/master.k8s.p4.greenpeace.org\/norway\/nyheter\/756\/9-ting-du-ikke-visste-om-bjornoya\/"},"modified":"2023-08-31T10:50:53","modified_gmt":"2023-08-31T09:50:53","slug":"9-ting-du-ikke-visste-om-bjornoya","status":"publish","type":"post","link":"https:\/\/www.greenpeace.org\/norway\/fakta\/energi\/9-ting-du-ikke-visste-om-bjornoya\/","title":{"rendered":"9 ting du ikke visste om Bj\u00f8rn\u00f8ya"},"content":{"rendered":"<div class=\"post-content\">\n<div>\n<p class=\"western\" lang=\"da-DK\"><span style=\"font-family: 'Helvetica Neue';\"><span lang=\"en-GB\">Det er en viss mulighet for at du ikke har h\u00f8rt om Bj\u00f8rn\u00f8ya f\u00f8r. Men slapp av, det hadde ikke jeg heller for to \u00e5r siden. S\u00e5 hvorfor trenger jeg \u00e5 vite om Bj\u00f8rn\u00f8ya, tenker du kanskje. For det f\u00f8rste, fordi det i dag er FNs internasjonale dag for biomangfold, med fokus p\u00e5 \u00f8yer.<\/span><\/span><\/p>\n<p class=\"western\" lang=\"da-DK\"><span style=\"font-family: 'Helvetica Neue';\"><span lang=\"en-GB\">For det andre, fordi Bj\u00f8rn\u00f8ya er <\/span><span lang=\"en-GB\">en helt unik plass som n\u00e5 trues av Statoils oljeboringplaner. De gode nyhetene er <a href=\"http:\/\/www.greenpeace.org\/norway\/no\/getinvolved\/Online-actions\/Arktis\/bearisland\/\">at det enn\u00e5 ikke er for sent \u00e5 redde Bj\u00f8rn\u00f8ya<\/a>. Er du enn\u00e5 ikke overbevist? Her er 9 ting jeg har l\u00e6rt under bes\u00f8ket v\u00e5rt p\u00e5 \u00f8ya med Greenpeace-skipet Esperanza.<\/span><\/span><\/p>\n<p class=\"western\" lang=\"da-DK\"><span style=\"font-family: 'Helvetica Neue';\"><span lang=\"en-GB\"><strong>1. India?<\/strong><\/span><\/span><\/p>\n<p class=\"western\" lang=\"da-DK\"><span style=\"font-family: 'Helvetica Neue';\"><strong><span lang=\"en-GB\"><img loading=\"lazy\" decoding=\"async\" src=\"https:\/\/www.greenpeace.org\/static\/planet4-norway-stateless\/2019\/04\/b4949c28-b4949c28-ikke-india.jpg\" alt=\"\" width=\"269\" height=\"269\" \/><br \/><\/span><\/strong><\/span><span style=\"font-family: 'Helvetica Neue';\"><span lang=\"en-GB\">Nederlenderen Willem Barents fors\u00f8kte \u00e5 finne en sj\u00f8rute til India da han oppdaget \u00f8ya, hvor han s\u00e5 en isbj\u00f8rn sv\u00f8mme i land \u2013 dermed fikk \u00f8ya navnet Bj\u00f8rn\u00f8ya. Isbj\u00f8rner kommer iblant til \u00f8ya p\u00e5 drivis.<\/span><\/span>\u00a0<\/p>\n<p class=\"western\" lang=\"da-DK\"><strong>2. Den er et fuglebonanza<\/strong><\/p>\n<p class=\"western\" lang=\"en-GB\"><img loading=\"lazy\" decoding=\"async\" src=\"https:\/\/www.greenpeace.org\/static\/planet4-norway-stateless\/2019\/04\/6d8857f3-6d8857f3-tyrkia-7.jpg\" alt=\"                               \" width=\"573\" height=\"430\" \/><\/p>\n<p class=\"western\" lang=\"en-GB\"><span style=\"font-family: 'Helvetica Neue';\">I hekketida fylles fuglefjellene her opp av omtrent en million sj\u00f8fugl, og gj\u00f8r \u00f8ya til en av de st\u00f8rste fuglekoloniene p\u00e5 den nordlige halvkule. Noen av klippene skyter 400 meter rett opp av havet. Den vanligste fuglen her p\u00e5 \u00f8ya er lomvi, men min favoritt er lundefugl.<\/span>\u00a0<\/p>\n<p class=\"western\" lang=\"da-DK\"><span style=\"font-family: 'Helvetica Neue';\"><strong><span lang=\"en-GB\">3. og hjem for en haug andre dyr<\/span><\/strong><\/span><\/p>\n<p class=\"western\" lang=\"da-DK\"><span style=\"font-family: 'Helvetica Neue';\"><strong><span lang=\"en-GB\"><img loading=\"lazy\" decoding=\"async\" src=\"https:\/\/www.greenpeace.org\/static\/planet4-norway-stateless\/2019\/04\/1c417f34-1c417f34-tyrkia-10-1.jpg\" alt=\"\" width=\"570\" height=\"380\" \/><\/span><\/strong><\/span><span style=\"font-family: 'Helvetica Neue';\"><span lang=\"en-GB\">Isbj\u00f8rnen og fuglene er langt fra alene p\u00e5 \u00f8ya. \u00c5ret rundt snuser fjellrevene rundt. Jeg tipper egg st\u00e5r p\u00e5 menyen mesteparten av sommeren. Alle fiskene er mat for fuglene, men ogs\u00e5 for <\/span><span lang=\"en-GB\">ringsel, narhval, hvithval og gr\u00f8nlandshval. F\u00f8r var det mye hvalross her, men n\u00e5 er det f\u00e6rre av dem rundt \u00f8ya.<\/span><\/span>\u00a0<\/p>\n<p class=\"western\" lang=\"en-GB\"><span style=\"font-family: 'Helvetica Neue';\"><strong>4. \u00d8ya er vernet<\/strong><\/span><\/p>\n<p class=\"western\" lang=\"en-GB\"><span style=\"font-family: 'Helvetica Neue';\"><strong><img loading=\"lazy\" decoding=\"async\" src=\"https:\/\/www.greenpeace.org\/static\/planet4-norway-stateless\/2019\/04\/c8d0f831-c8d0f831-sf-20020816-0903-01-01.gif\" alt=\"\" width=\"383\" height=\"543\" \/><br \/><\/strong><\/span><span style=\"font-family: 'Helvetica Neue';\">Bj\u00f8rn\u00f8ya er et av de f\u00e5 stedene I Arktis som Arktis R\u00e5d anerkjenner som et naturreservat. Verneomr\u00e5det strekker seg 12 nautiske mil, eller ca 22 km, utenfor \u00f8ya.<\/span>\u00a0<\/p>\n<p class=\"western\" lang=\"en-GB\"><span style=\"font-family: 'Helvetica Neue';\"><strong>5. Statoil er en trussel<\/strong><\/span><\/p>\n<p class=\"western\" lang=\"en-GB\"><span style=\"font-family: 'Helvetica Neue';\"><strong><img loading=\"lazy\" decoding=\"async\" src=\"https:\/\/www.greenpeace.org\/static\/planet4-norway-stateless\/2019\/04\/80d0134c-80d0134c-gp0stod4i_press.jpg\" alt=\"\" width=\"649\" height=\"432\" \/><br \/><\/strong><\/span><span style=\"font-family: 'Helvetica Neue';\">Hvis det skjer et oljeutslipp fra det n\u00e6rliggende omr\u00e5det Statoil planlegger \u00e5 bore n\u00e5 I sommer, kan oljes\u00f8let havne I fuglefjellene p\u00e5 Bj\u00f8rn\u00f8ya p\u00e5 mindre enn en uke.<\/span>\u00a0<\/p>\n<p class=\"western\" lang=\"en-GB\"><span style=\"font-family: 'Helvetica Neue';\"><strong>6. Det er t\u00f8ffe forhold her<\/strong><\/span><\/p>\n<p class=\"western\" lang=\"en-GB\"><span style=\"font-family: 'Helvetica Neue';\"><strong><img loading=\"lazy\" decoding=\"async\" src=\"https:\/\/www.greenpeace.org\/static\/planet4-norway-stateless\/2019\/04\/c9aa6238-c9aa6238-petrozavodsk-yr.jpg\" alt=\"\" width=\"650\" height=\"366\" \/><br \/><\/strong><\/span><span style=\"font-family: 'Helvetica Neue';\">I 2009 <a href=\"http:\/\/barentsobserver.com\/en\/articles\/no-removal-russian-shipwreck-bear-island\" target=\"_blank\" rel=\"noopener noreferrer\">gikk lasteskipet Petrozavodsk p\u00e5 grunn nedenfor de majestetiske klippene<\/a>. Giftige kjemikalier og drivstoff ble pumpet vekk fra skipet, men de m\u00e5tte gi opp \u00e5 fjerne mer av skipet av sikkerhetshensyn, p\u00e5 grunn av faren for steinras. Vraket ligger n\u00e5 forlatt og ruster I b\u00f8lgene. Du kan lure p\u00e5 hvordan de skal klare \u00e5 rydde opp et oljes\u00f8l fra disse steinete strendene\u2026<\/span>\u00a0<\/p>\n<p class=\"western\" lang=\"en-GB\"><span style=\"font-family: 'Helvetica Neue';\"><strong>7. Om vinteren er det m\u00f8rkt<\/strong><\/span><\/p>\n<p class=\"western\" lang=\"en-GB\"><span style=\"font-family: 'Helvetica Neue';\"><strong><img loading=\"lazy\" decoding=\"async\" src=\"https:\/\/www.greenpeace.org\/static\/planet4-norway-stateless\/2019\/04\/6dddd1f4-6dddd1f4-gp0stodjm_press.jpg\" alt=\"\" width=\"606\" height=\"404\" \/><br \/><\/strong><\/span><span style=\"font-family: 'Helvetica Neue';\">Alts\u00e5 <em>hele\u00a0<\/em>vinteren.\u00a074\u00b0 nord i Barentshavet f\u00e5r Bj\u00f8rn\u00f8ya b\u00e5de sommerens midnattssol og vinterens polarnatt. Polarnatta varer fra 8. november til 3. februar. Mellom 2 mai og 11 august g\u00e5r sola aldri ned.<\/span>\u00a0<\/p>\n<p class=\"western\" lang=\"en-GB\"><span style=\"font-family: 'Helvetica Neue';\"><strong>8. Det fins en nakenbaderklubb<\/strong><\/span><\/p>\n<p class=\"western\" lang=\"en-GB\"><span style=\"font-family: 'Helvetica Neue';\"><strong><img loading=\"lazy\" decoding=\"async\" src=\"https:\/\/www.greenpeace.org\/static\/planet4-norway-stateless\/2019\/04\/7ab1d1c6-7ab1d1c6-2689410648_7c0c246ec7_b.jpg\" alt=\"\" width=\"591\" height=\"394\" \/><br \/><\/strong><\/span><span style=\"font-family: 'Helvetica Neue';\">\u00d8ya har en eksklusiv nakenbaderklubb, hvor blant annet flere h\u00f8ytst\u00e5ende norske politikere er medlemmer.<\/span>\u00a0<\/p>\n<p class=\"western\" lang=\"en-GB\"><span style=\"font-family: 'Helvetica Neue';\"><strong>9. Det bor 9 stk der<\/strong><\/span><\/p>\n<p class=\"western\" lang=\"en-GB\"><span style=\"font-family: 'Helvetica Neue';\"><strong><img loading=\"lazy\" decoding=\"async\" src=\"https:\/\/www.greenpeace.org\/static\/planet4-norway-stateless\/2019\/04\/2cf0af2d-2cf0af2d-bjornoyahus_layout.jpg\" alt=\"\" width=\"600\" height=\"400\" \/><br \/><\/strong><\/span><span style=\"font-family: 'Helvetica Neue';\">I dag har \u00f8ya ni innbyggere. En v\u00e6rstasjon p\u00e5 \u00f8ya s\u00f8rger for ferske v\u00e6rmeldinger og bidrar dermed til trygg skipsfart. Ved siden av meteorologene bor det et par biologer der, som studerer de unike dyrene og floraen p\u00e5 \u00f8ya.<\/span><\/p>\n<p class=\"western\" lang=\"da-DK\"><span style=\"font-family: 'Helvetica Neue';\"><span lang=\"en-GB\">Det er ikke uten grunn at FN setter fokus p\u00e5 biologisk mangfold. Mangfoldet av dyr blir mindre verden over. Menneskehetens effekt p\u00e5 biosf\u00e6ren har blitt beskrevet av forskerne som <a href=\"http:\/\/www.wired.com\/2014\/05\/one-of-the-6-biggest-ecological-disasters-in-the-last-4-5-billion-years-is-happening-right-now\/\">den sjette store masseutryddelsen p\u00e5 Jorda<\/a>. Den mest kjente masseutryddelsen er sannsynligvis utryddelsen av dinosaurene for 65 millioner \u00e5r siden.<\/span><\/span><\/p>\n<p class=\"western\" lang=\"en-GB\"><span style=\"font-family: 'Helvetica Neue';\">Her p\u00e5 Bj\u00f8rn\u00f8ya ser vi et utrolig \u00f8kosystem i veldig t\u00f8ffe, arktiske forhold. Men dette \u00f8kosystemet er veldig s\u00e5rbart. Oljeboring i Arktis er farlig. Det utgj\u00f8r en stor risiko for dyrelivet, og oljen vil bidra til en global oppvarming som allerede p\u00e5virker millioner av liv verden over \u2013 det p\u00e5virker ogs\u00e5 Bj\u00f8rn\u00f8ya, siden temperaturen I Arktis har \u00f8kt langt mer enn p\u00e5 resten av kloden.<\/span><\/p>\n<p class=\"western\" lang=\"en-GB\"><span style=\"font-family: 'Helvetica Neue';\">Vi er millioner av mennesker som st\u00e5r sammen for \u00e5 beskytte Arktis. Bli med oss til Bj\u00f8rn\u00f8ya. <a href=\"http:\/\/www.savethearctic.org\/\">Hold deg ombord p\u00e5 skipet, og si nei til arktisk olje<\/a>.<\/span>\u00a0<\/p>\n<p class=\"western\" lang=\"da-DK\"><span style=\"font-family: 'Helvetica Neue';\"><span lang=\"en-GB\">Erlend Tellnes<br \/><\/span><\/span><span style=\"font-family: 'Helvetica Neue';\"><span lang=\"en-GB\">Ar<\/span><span lang=\"en-GB\">ktisr\u00e5dgiver<\/span><span lang=\"en-GB\"> o<\/span><span lang=\"en-GB\">m<\/span><span lang=\"en-GB\">bord <\/span><span lang=\"en-GB\">p\u00e5<\/span><span lang=\"en-GB\"> Esperanza<\/span><\/span><\/p>\n<p class=\"western\" lang=\"en-GB\"><em>PS. Noen av bildene her har vi f\u00e5tt bruke fra de t\u00f8ffe folka i\u00a0<\/em><cite class=\"_Kd\">www.<strong>bj\u00f8rn\u00f8yathemovie<\/strong>.no\/<br \/><\/cite><em>Den er verdt \u00e5 sjekke ut!<\/em><\/p>\n<p class=\"western\" lang=\"en-GB\">\u00a0<\/p>\n<p class=\"western\" lang=\"en-GB\">\u00a0<\/p>\n<\/div>\n<\/div>\n\t\t\t<section\n\t\t\tclass=\"boxout post-49889  sticky-bottom-mobile collapse show\"\n\t\t\tid=\"action-card\"\n\t\t>\n\t\t\t<a\n\t\t\t\tdata-ga-category=\"Take Action Boxout\"\n\t\t\t\tdata-ga-action=\"Image\"\n\t\t\t\tdata-ga-label=\"n\/a\"\n\t\t\t\tclass=\"cover-card-overlay\"\n\t\t\t\thref=\"https:\/\/www.greenpeace.org\/norway\/vaer-med\/nyhetsbrev\/\" \n\t\t\t><\/a>\n\t\t\t\t\t\t\t<img\n\t\t\t\t\t\tsrc=\"https:\/\/www.greenpeace.org\/static\/planet4-norway-stateless\/2022\/01\/a8ed7000-image.png\"\n\t\t\t\t\t\tsrcset=\"https:\/\/www.greenpeace.org\/static\/planet4-norway-stateless\/2022\/01\/a8ed7000-image-300x200.png 300w, https:\/\/www.greenpeace.org\/static\/planet4-norway-stateless\/2022\/01\/a8ed7000-image-768x512.png 768w, https:\/\/www.greenpeace.org\/static\/planet4-norway-stateless\/2022\/01\/a8ed7000-image-510x340.png 510w, https:\/\/www.greenpeace.org\/static\/planet4-norway-stateless\/2022\/01\/a8ed7000-image.png 800w\"\n\t\t\t\t\t\tsizes=\"(min-width: 1000px) 358px, (min-width: 780px) 313px, 88px\"\n\t\t\t\t\t\talt=\"\" title=\"\"\n\t\t\t\t\/>\n            \t\t\t<div class=\"boxout-content\">\n\t\t\t\t\t\t\t\t\t<a\n\t\t\t\t\t\tclass=\"boxout-heading medium\"\n\t\t\t\t\t\tdata-ga-category=\"Take Action Boxout\"\n\t\t\t\t\t\tdata-ga-action=\"Title\"\n\t\t\t\t\t\tdata-ga-label=\"n\/a\"\n\t\t\t\t\t\thref=\"https:\/\/www.greenpeace.org\/norway\/vaer-med\/nyhetsbrev\/\"\n\t\t\t\t\t\t\n\t\t\t\t\t>\n\t\t\t\t\t\tMeld deg p\u00e5 Greenpeace sitt nyhetsbrev\n\t\t\t\t\t<\/a>\n\t\t\t\t\t\t\t\t\t\t\t\t\t<p class=\"boxout-excerpt\">F\u00e5 nyheter, oppdateringer og tips om klima og milj\u00f8 p\u00e5 e-post. Du kan vente deg oppdateringer fra oss noen ganger i m\u00e5neden, og kan melde deg av n\u00e5r som helst.<\/p>\n\t\t\t\t                                    <a\n                        class=\"btn btn-primary\"\n                        data-ga-category=\"Take Action Boxout\"\n                        data-ga-action=\"Call to Action\"\n                        data-ga-label=\"n\/a\"\n                        href=\"https:\/\/www.greenpeace.org\/norway\/vaer-med\/nyhetsbrev\/\"\n                        \n                    >\n                        V\u00e6r med\n                    <\/a>\n                \t\t\t<\/div>\n\t\t\t\t\t\t\t<a\n\t\t\t\t\tclass=\"not-now\"\n\t\t\t\t\trole=\"button\"\n\t\t\t\t\tdata-bs-toggle=\"collapse\"\n\t\t\t\t\thref=\"#action-card\"\n\t\t\t\t><\/a>\n\t\t\t\t\t<\/section>\n\t","protected":false},"excerpt":{"rendered":"<p>Hvorfor trenger jeg \u00e5 vite om Bj\u00f8rn\u00f8ya, tenker du kanskje? For det f\u00f8rste, fordi det i dag er FNs internasjonale dag for biomangfold, med fokus p\u00e5 \u00f8yer.<\/p>\n","protected":false},"author":26,"featured_media":757,"comment_status":"open","ping_status":"open","sticky":false,"template":"","format":"standard","meta":{"ep_exclude_from_search":false,"p4_og_title":"","p4_og_description":"","p4_og_image":"","p4_og_image_id":"","p4_seo_canonical_url":"","p4_campaign_name":"not set","p4_local_project":"not set","p4_basket_name":"not set","p4_department":"","footnotes":""},"categories":[58],"tags":[66,33,29],"p4-page-type":[49],"class_list":["post-756","post","type-post","status-publish","format-standard","has-post-thumbnail","hentry","category-energi","tag-arktis","tag-biologiskmangfold","tag-fossilenergi","p4-page-type-fakta"],"_links":{"self":[{"href":"https:\/\/www.greenpeace.org\/norway\/wp-json\/wp\/v2\/posts\/756","targetHints":{"allow":["GET"]}}],"collection":[{"href":"https:\/\/www.greenpeace.org\/norway\/wp-json\/wp\/v2\/posts"}],"about":[{"href":"https:\/\/www.greenpeace.org\/norway\/wp-json\/wp\/v2\/types\/post"}],"author":[{"embeddable":true,"href":"https:\/\/www.greenpeace.org\/norway\/wp-json\/wp\/v2\/users\/26"}],"replies":[{"embeddable":true,"href":"https:\/\/www.greenpeace.org\/norway\/wp-json\/wp\/v2\/comments?post=756"}],"version-history":[{"count":7,"href":"https:\/\/www.greenpeace.org\/norway\/wp-json\/wp\/v2\/posts\/756\/revisions"}],"predecessor-version":[{"id":57506,"href":"https:\/\/www.greenpeace.org\/norway\/wp-json\/wp\/v2\/posts\/756\/revisions\/57506"}],"wp:featuredmedia":[{"embeddable":true,"href":"https:\/\/www.greenpeace.org\/norway\/wp-json\/wp\/v2\/media\/757"}],"wp:attachment":[{"href":"https:\/\/www.greenpeace.org\/norway\/wp-json\/wp\/v2\/media?parent=756"}],"wp:term":[{"taxonomy":"category","embeddable":true,"href":"https:\/\/www.greenpeace.org\/norway\/wp-json\/wp\/v2\/categories?post=756"},{"taxonomy":"post_tag","embeddable":true,"href":"https:\/\/www.greenpeace.org\/norway\/wp-json\/wp\/v2\/tags?post=756"},{"taxonomy":"p4-page-type","embeddable":true,"href":"https:\/\/www.greenpeace.org\/norway\/wp-json\/wp\/v2\/p4-page-type?post=756"}],"curies":[{"name":"wp","href":"https:\/\/api.w.org\/{rel}","templated":true}]}}