{"id":7655,"date":"2020-09-18T11:54:23","date_gmt":"2020-09-18T10:54:23","guid":{"rendered":"https:\/\/www.greenpeace.org\/norway\/?p=7655"},"modified":"2023-08-10T11:28:39","modified_gmt":"2023-08-10T10:28:39","slug":"brannene-i-amazonas-og-pantanal-slar-nye-rekorder-i-september","status":"publish","type":"post","link":"https:\/\/www.greenpeace.org\/norway\/nyheter\/skog-og-landbruk\/brannene-i-amazonas-og-pantanal-slar-nye-rekorder-i-september\/","title":{"rendered":"Brannene i Amazonas og Pantanal sl\u00e5r nye rekorder i september"},"content":{"rendered":"\n<figure class=\"wp-block-image  caption-style-blue-overlay caption-alignment-center\"><img decoding=\"async\" src=\"https:\/\/lh3.googleusercontent.com\/RQ-fHnf__Qj1MJ_5uawfOlrQ8Em04sfKAncoJZ9n4ged9ILI4a2XWory_EcNpHT-nZdunSofWrMhpGgNQ-r0YLYujDGgVUfHqPnQQwrlGu2wOmonQPzZshauUQ732FbTcwGqV7zH\" alt=\"Flyfoto viser r\u00f8yk og brennende regnskog i Amazonas i august 2020.\"\/><figcaption class=\"wp-element-caption\">Amazonas, august 2020. Foto: Christian Braga \/ Greenpeace<\/figcaption><\/figure>\n\n<p><strong>Til tross for et brannforbud har antallet skogbranner i Amazonas hittil sl\u00e5tt en ti\u00e5rig rekord i l\u00f8pet av septembers f\u00f8rste to uker. Og i verdens st\u00f8rste v\u00e5tmarksomr\u00e5de, Pantanal, har det ikke brent s\u00e5 mye som n\u00e5 siden 1998.&nbsp;<\/strong><\/p>\n\n<p>I de f\u00f8rste to ukene av september har antallet branner i Amazonas og Pantanal allerede n\u00e5dd nye rekorder, til tross for den brasilianske regjeringens brannforbud, som tr\u00e5dte i kraft 16. juli. If\u00f8lge Brasils romforskningsinstitutt, INPE, har 20&nbsp;486 skogbranner blitt registrert i Amazonas, en \u00f8kning p\u00e5 86 prosent sammenlignet med samme periode i fjor, det h\u00f8yeste antallet branner p\u00e5 et ti\u00e5r. Hittil i \u00e5r har 64&nbsp;498 skogbranner blitt registrert i verdens st\u00f8rste regnskog, en \u00f8kning p\u00e5 11,54 prosent sammenlignet med katastrofe\u00e5ret 2019.<\/p>\n\n<p><em>Les ogs\u00e5: <\/em><a href=\"https:\/\/www.greenpeace.org\/norway\/nyheter\/5958\/amazonas-forventer-rekordstore-branner-og-avskoging-i-2020\/\"><em>Amazonas: Forventer rekordstore branner og avskoging i 2020<\/em><\/a><em>&nbsp;<\/em><\/p>\n\n<p><strong>Storbranner i s\u00e5rbare Pantanal<\/strong><\/p>\n\n<p>I Pantanal, verdens st\u00f8rste v\u00e5tmarksomr\u00e5de, har 5&nbsp;300 skogbranner blitt registrert mellom 1. og 14. september, en \u00f8kning p\u00e5 hele 219 prosent sammenlignet med med samme periode i fjor. I slutten av august hadde hele 12 prosent av dette sarte \u00f8kosystemet blitt \u00f8delagt, samtidig som tusentalls dyr har d\u00f8dd og millioner av dyr har blitt tvunget p\u00e5 flukt fra de naturlige leveomr\u00e5dene sine. Pantanal er kjent for artsmangfoldet sitt av ville dyr, og er blant annet hjemmet til flere hundre fuglearter, som den sjeldne hyasintaraen, verdens st\u00f8rste flyvedyktige papeg\u00f8ye, og andre truede dyr som jaguarer, mankeulver og kjempemaurslukere.<\/p>\n\n<figure class=\"wp-block-image  caption-style-blue-overlay caption-alignment-center\"><img decoding=\"async\" src=\"https:\/\/lh3.googleusercontent.com\/43-152DAwzlFjV2xwZ1Sk0flL8VC_QB3ziX3pjWL3FuSil0DinVqQOxGfe3g6LrDC51ONW26mODNxihjtetMs6EDgkAHx2SZL7uxJe6ytC3aY2QQklhMCAY-CRoxeSNBacZ3Cs3J\" alt=\"N\u00e6rbilde av en kjempemaursluker omgitt av gr\u00f8nt gress.\"\/><figcaption class=\"wp-element-caption\">Kjempemaursluker i Matto Grosso, Brasil. Foto: Victor Moriyama<\/figcaption><\/figure>\n\n<p>\u2013 Brasil brenner, og brannsesongen i Amazonas i 2020 ser ut til \u00e5 bli den verste p\u00e5 et ti\u00e5r. Denne \u00f8deleggelsen er en konsekvens av president Bolsonaros milj\u00f8farlige agenda som har fortsatt \u00e5 demontere milj\u00f8vernet i Brasil helt siden han kom til makten. Regjeringen hans fortsetter \u00e5 fornekte forskning og oppmuntrer angrep p\u00e5 \u00f8kosystemer som er livsviktige for overlevelsen v\u00e5r her p\u00e5 planeten, sier R\u00f4mulo Batista i Greenpeace Brasil.<\/p>\n\n<p>\u2013 Bolsonaros hensynsl\u00f8se handlinger f\u00e5r virkelig katastrofale konsekvenser. Mens brannmenn, milit\u00e6ret og frivillige risikerer livene sine for \u00e5 slukke disse katastrofale brannene, ler Bolsonaro av katastrofen som p\u00e5g\u00e5r i Pantanal og gir de som arbeider for \u00e5 beskytte b\u00e5de Amazonas og planetens helse en d\u00f8dsdom. Verdens politiske ledere og n\u00e6ringslivsledere m\u00e5 umiddelbart ford\u00f8mme oppfordringen hans til vold og kreve slutt p\u00e5 denne \u00f8deleggelsen, fortsetter Batista.&nbsp;<\/p>\n\n<p><em>St\u00f8tt v\u00e5rt arbeid for \u00e5 beskytte Amazonas: <\/em><a href=\"https:\/\/bidra.greenpeace.org\/d\/bli-manedlig-giver-amazon\"><em>Bli fast giver her<\/em><\/a><em>, eller<\/em> <a href=\"https:\/\/bidra.greenpeace.org\/d\/engangsbidrag-amazonas\"><em>gi et engangsbidrag her<\/em><\/a>.<\/p>\n\n<p><strong>Brannstifting med katastrofale konsekvenser<\/strong><\/p>\n\n<p>Cerradoen, verdens mest artsrike tropiske savanne, brenner ogs\u00e5. If\u00f8lge INPE ble 13&nbsp;619 skogbranner registrert i l\u00f8pet av de samme septemberukene, en \u00f8kning p\u00e5 9,2 prosent fra samme periode forrige \u00e5r. I \u00e5r alene har hittil 37&nbsp;824 branner blitt registrert i dette \u00f8kosystemet, og regjeringen har ikke satt i gang noen tiltak for \u00e5 stoppe denne \u00f8kende milj\u00f8katastrofen.&nbsp;<\/p>\n\n<p>Brannene i Amazonas, Pantanal og store deler av cerradoen er ikke naturlige. De stiftes for det meste ulovlig av jordbrukere og skogbrukere for \u00e5 frilegge omr\u00e5der til jordbruk og husdyrhold. <a href=\"https:\/\/www.greenpeace.org\/norway\/nyheter\/7533\/hvorfor-er-amazonas-sa-viktig-5-svar\/\">Som vi tidligere har skrevet om<\/a>, f\u00e5r \u00f8deleggelsen av Amazonas konsekvenser for hele planeten: for klimaet, for biologisk mangfold og for menneskers helse. I skyggen av koronapandemien h\u00f8rer vi ikke like mye om milj\u00f8katastrofene i Brasil i nyhetene, men vi m\u00e5 ikke miste fokus n\u00e5 n\u00e5r Amazonas og de som har sine hjem der trenger oss som.<\/p>\n\n<p><strong>Du kan hjelpe Brasils natur og folk<\/strong><\/p>\n\n<p>Samtidig med at skrekktallene for tap av regnskog og v\u00e5tmark i Brasil \u00f8ker, er Norge i ferd med \u00e5 inng\u00e5 en handelsavtale med landet. <strong>Dette kan bety enda mer natur\u00f8deleggelse og forf\u00f8lgelse av folk som bor i skogen.<\/strong><\/p>\n\n<p>Bli med og krev at Norge sier nei til avtalen. <a href=\"https:\/\/www.greenpeace.org\/norway\/vaer-med\/beskytt-amazonas\/amazon-aea\/\">Signer oppropet v\u00e5rt her<\/a>.<\/p>\n\n<p>Greenpeace har jobbet med unders\u00f8kelser, forskning, rapportering og overv\u00e5kning i Amazonas i mer enn to ti\u00e5r, og er i en unik posisjon til \u00e5 skape internasjonal oppmerksomhet rundt denne saken. Men siden vi arbeider helt uten tilskudd fra stater eller n\u00e6ringsliv, er vi avhengige av st\u00f8tte fra enkeltpersoner som deg dersom vi skal kunne fortsette det viktige arbeidet. Derfor h\u00e5per vi at du har mulighet <a href=\"https:\/\/bidra.greenpeace.org\/d\/bli-manedlig-giver-amazon\">til \u00e5 bidra til \u00e5 beskytte Amazonas <\/a>mens det fremdeles er tid til \u00e5 mobilisere det internasjonale samfunnet. Bidraget ditt hjelper alle kampanjene v\u00e5re for planeten v\u00e5r og menneskene p\u00e5 den. Du kan ogs\u00e5 sende GREENPEACE til 2474 for \u00e5 gi 150 kr\/mnd.<\/p>\n<div class=\"EmptyMessage\">Block content is empty. Check the block&#8217;s settings or remove it.<\/div>","protected":false},"excerpt":{"rendered":"<p>I de f\u00f8rste to ukene av september 2020 har antallet branner i Amazonas og Pantanal allerede n\u00e5dd nye rekorder, til tross for Brasils regjerings brannforbud.<\/p>\n","protected":false},"author":27,"featured_media":7633,"comment_status":"closed","ping_status":"open","sticky":false,"template":"","format":"standard","meta":{"ep_exclude_from_search":false,"p4_og_title":"Skogbranner i Amazonas sl\u00e5r nye rekorder","p4_og_description":"","p4_og_image":"","p4_og_image_id":"","p4_seo_canonical_url":"","p4_campaign_name":"not set","p4_local_project":"not set","p4_basket_name":"not set","p4_department":"","footnotes":""},"categories":[60],"tags":[33,34,37,88,79],"p4-page-type":[16],"class_list":["post-7655","post","type-post","status-publish","format-standard","has-post-thumbnail","hentry","category-skog-og-landbruk","tag-biologiskmangfold","tag-naturkrise","tag-skogbruk","tag-regnskog","tag-amazonas","p4-page-type-nyheter"],"_links":{"self":[{"href":"https:\/\/www.greenpeace.org\/norway\/wp-json\/wp\/v2\/posts\/7655","targetHints":{"allow":["GET"]}}],"collection":[{"href":"https:\/\/www.greenpeace.org\/norway\/wp-json\/wp\/v2\/posts"}],"about":[{"href":"https:\/\/www.greenpeace.org\/norway\/wp-json\/wp\/v2\/types\/post"}],"author":[{"embeddable":true,"href":"https:\/\/www.greenpeace.org\/norway\/wp-json\/wp\/v2\/users\/27"}],"replies":[{"embeddable":true,"href":"https:\/\/www.greenpeace.org\/norway\/wp-json\/wp\/v2\/comments?post=7655"}],"version-history":[{"count":8,"href":"https:\/\/www.greenpeace.org\/norway\/wp-json\/wp\/v2\/posts\/7655\/revisions"}],"predecessor-version":[{"id":56947,"href":"https:\/\/www.greenpeace.org\/norway\/wp-json\/wp\/v2\/posts\/7655\/revisions\/56947"}],"wp:featuredmedia":[{"embeddable":true,"href":"https:\/\/www.greenpeace.org\/norway\/wp-json\/wp\/v2\/media\/7633"}],"wp:attachment":[{"href":"https:\/\/www.greenpeace.org\/norway\/wp-json\/wp\/v2\/media?parent=7655"}],"wp:term":[{"taxonomy":"category","embeddable":true,"href":"https:\/\/www.greenpeace.org\/norway\/wp-json\/wp\/v2\/categories?post=7655"},{"taxonomy":"post_tag","embeddable":true,"href":"https:\/\/www.greenpeace.org\/norway\/wp-json\/wp\/v2\/tags?post=7655"},{"taxonomy":"p4-page-type","embeddable":true,"href":"https:\/\/www.greenpeace.org\/norway\/wp-json\/wp\/v2\/p4-page-type?post=7655"}],"curies":[{"name":"wp","href":"https:\/\/api.w.org\/{rel}","templated":true}]}}