{"id":7988,"date":"2020-12-02T16:15:08","date_gmt":"2020-12-02T15:15:08","guid":{"rendered":"https:\/\/www.greenpeace.org\/norway\/?p=7988"},"modified":"2023-08-31T13:20:01","modified_gmt":"2023-08-31T12:20:01","slug":"skuffet-over-statsbudsjettet-for-2021","status":"publish","type":"post","link":"https:\/\/www.greenpeace.org\/norway\/nyheter\/klimaendringer\/skuffet-over-statsbudsjettet-for-2021\/","title":{"rendered":"Skuffet over statsbudsjettet for 2021"},"content":{"rendered":"\n<figure class=\"wp-block-image size-large  caption-style-medium caption-alignment-center\"><img loading=\"lazy\" decoding=\"async\" width=\"1024\" height=\"683\" src=\"https:\/\/www.greenpeace.org\/static\/planet4-norway-stateless\/56e28af7-sedler_norges_bank-1024x683.jpg\" title=\"Norske pengesedler i de ulike val\u00f8rene.\" alt=\"\" class=\"wp-image-7989\"\/><figcaption class=\"wp-element-caption\">Foto: Norges Bank<\/figcaption><\/figure>\n\n<p><strong>Greenpeace er skuffet over et statsbudsjett som virker \u00e5 prioritere billig snus og alkohol foran klimakrisen og de unges framtid. Organisasjonen mener regjeringen ignorerer forskerne.<\/strong><\/p>\n\n<p>\u2013 Hovedretningen i statsbudsjettet er st\u00f8 kurs mot klimakrise. Tiltakene for utslippskutt blir et piss i havet i forhold til den helhetlige omleggingen Norge m\u00e5 gjennom for \u00e5 ha et levelig klima og skape trygge jobber, sier Frode Pleym, leder i Greenpeace Norge.<\/p>\n\n<p>Det er absolutt flere positive enkelttiltak i budsjettet, men de drukner fullstendig i den massive satsingen p\u00e5 olje. Det er en fallitterkl\u00e6ring at vi ikke n\u00e5r klimam\u00e5lene uten massive kvotekj\u00f8p. Solberg har \u00e5penbart ikke noen plan for \u00e5 ta Norge og verden ut av klimakrisa.&nbsp;&nbsp;<\/p>\n\n<p>\u2013 Klima er den viktigste saken for folk i Norge. Politikerne har et veldig tydelig mandat fra velgerne om kraftige utslippskutt. Ved stortingsvalget om under ett \u00e5r kommer regjeringa og opposisjonen til \u00e5 m\u00e5les p\u00e5 hvor mye de har f\u00e5tt til, men da m\u00e5 de levere p\u00e5 det viktigste verkt\u00f8yet de har; statsbudsjettet, sier Pleym.<\/p>\n\n<p>Budsjettet legger opp til vekst i oljen\u00e6ringen i en tid der alle seri\u00f8se forskere er klare p\u00e5 at oljeproduksjonen m\u00e5 ned, ikke opp. Det er ingenting i dette budsjettet som viser at regjeringa kommer til \u00e5 kutte utslipp s\u00e5 raskt som vitenskapen sier er n\u00f8dvendig for \u00e5 n\u00e5 m\u00e5let om \u00e5 holde verdens temperatur\u00f8kning under 1,5 grader.<\/p>\n\n<p>\u2013 N\u00e5 forventer vi at Stortinget viser seg som de voksne i rommet. Norge og verden trenger handling som kutter utslippene massivt og skaper trygge jobber, ikke billigere alkohol og snus, sier Pleym.<\/p>\n\t\t\t<section\n\t\t\tclass=\"boxout post-1229 \"\n\t\t\t\n\t\t>\n\t\t\t<a\n\t\t\t\tdata-ga-category=\"Take Action Boxout\"\n\t\t\t\tdata-ga-action=\"Image\"\n\t\t\t\tdata-ga-label=\"n\/a\"\n\t\t\t\tclass=\"cover-card-overlay\"\n\t\t\t\thref=\"https:\/\/www.greenpeace.org\/norway\/vaer-med\/stott-oss\/\" \n\t\t\t><\/a>\n\t\t\t\t\t\t\t<img\n\t\t\t\t\t\tsrc=\"https:\/\/www.greenpeace.org\/static\/planet4-norway-stateless\/2022\/02\/487ac5d0-gp1swsny-1024x767.jpg\"\n\t\t\t\t\t\tsrcset=\"https:\/\/www.greenpeace.org\/static\/planet4-norway-stateless\/2022\/02\/487ac5d0-gp1swsny-300x225.jpg 300w, https:\/\/www.greenpeace.org\/static\/planet4-norway-stateless\/2022\/02\/487ac5d0-gp1swsny-1024x767.jpg 1024w, https:\/\/www.greenpeace.org\/static\/planet4-norway-stateless\/2022\/02\/487ac5d0-gp1swsny-768x575.jpg 768w, https:\/\/www.greenpeace.org\/static\/planet4-norway-stateless\/2022\/02\/487ac5d0-gp1swsny-454x340.jpg 454w, https:\/\/www.greenpeace.org\/static\/planet4-norway-stateless\/2022\/02\/487ac5d0-gp1swsny.jpg 1200w\"\n\t\t\t\t\t\tsizes=\"(min-width: 1000px) 358px, (min-width: 780px) 313px, 88px\"\n\t\t\t\t\t\talt=\"Flyfoto av en \u00f8y formet som et hjerte\" title=\"Flyfoto av en \u00f8y formet som et hjerte\"\n\t\t\t\t\/>\n            \t\t\t<div class=\"boxout-content\">\n\t\t\t\t\t\t\t\t\t<a\n\t\t\t\t\t\tclass=\"boxout-heading medium\"\n\t\t\t\t\t\tdata-ga-category=\"Take Action Boxout\"\n\t\t\t\t\t\tdata-ga-action=\"Title\"\n\t\t\t\t\t\tdata-ga-label=\"n\/a\"\n\t\t\t\t\t\thref=\"https:\/\/www.greenpeace.org\/norway\/vaer-med\/stott-oss\/\"\n\t\t\t\t\t\t\n\t\t\t\t\t>\n\t\t\t\t\t\tSt\u00f8tt arbeidet v\u00e5rt for klima og milj\u00f8\n\t\t\t\t\t<\/a>\n\t\t\t\t\t\t\t\t\t\t\t\t\t<p class=\"boxout-excerpt\">Sammen utgj\u00f8r vi en forskjell for den s\u00e5rbare planeten v\u00e5r.<\/p>\n\t\t\t\t                                    <a\n                        class=\"btn btn-primary\"\n                        data-ga-category=\"Take Action Boxout\"\n                        data-ga-action=\"Call to Action\"\n                        data-ga-label=\"n\/a\"\n                        href=\"https:\/\/www.greenpeace.org\/norway\/vaer-med\/stott-oss\/\"\n                        \n                    >\n                        V\u00e6r med\n                    <\/a>\n                \t\t\t<\/div>\n\t\t\t\t\t<\/section>\n\t","protected":false},"excerpt":{"rendered":"<p>Greenpeace er skuffet over et statsbudsjett som virker \u00e5 prioritere billig snus og alkohol foran klimakrisen og de unges framtid.<\/p>\n","protected":false},"author":41,"featured_media":7989,"comment_status":"closed","ping_status":"open","sticky":false,"template":"","format":"standard","meta":{"ep_exclude_from_search":false,"p4_og_title":"","p4_og_description":"","p4_og_image":"","p4_og_image_id":"","p4_seo_canonical_url":"","p4_campaign_name":"not set","p4_local_project":"not set","p4_basket_name":"not set","p4_department":"","footnotes":""},"categories":[1],"tags":[30,62,29,69],"p4-page-type":[16],"class_list":["post-7988","post","type-post","status-publish","format-standard","has-post-thumbnail","hentry","category-klimaendringer","tag-klimaeffekter","tag-internasjonaleavtaler","tag-fossilenergi","tag-menneskerettigheter","p4-page-type-nyheter"],"_links":{"self":[{"href":"https:\/\/www.greenpeace.org\/norway\/wp-json\/wp\/v2\/posts\/7988","targetHints":{"allow":["GET"]}}],"collection":[{"href":"https:\/\/www.greenpeace.org\/norway\/wp-json\/wp\/v2\/posts"}],"about":[{"href":"https:\/\/www.greenpeace.org\/norway\/wp-json\/wp\/v2\/types\/post"}],"author":[{"embeddable":true,"href":"https:\/\/www.greenpeace.org\/norway\/wp-json\/wp\/v2\/users\/41"}],"replies":[{"embeddable":true,"href":"https:\/\/www.greenpeace.org\/norway\/wp-json\/wp\/v2\/comments?post=7988"}],"version-history":[{"count":4,"href":"https:\/\/www.greenpeace.org\/norway\/wp-json\/wp\/v2\/posts\/7988\/revisions"}],"predecessor-version":[{"id":57530,"href":"https:\/\/www.greenpeace.org\/norway\/wp-json\/wp\/v2\/posts\/7988\/revisions\/57530"}],"wp:featuredmedia":[{"embeddable":true,"href":"https:\/\/www.greenpeace.org\/norway\/wp-json\/wp\/v2\/media\/7989"}],"wp:attachment":[{"href":"https:\/\/www.greenpeace.org\/norway\/wp-json\/wp\/v2\/media?parent=7988"}],"wp:term":[{"taxonomy":"category","embeddable":true,"href":"https:\/\/www.greenpeace.org\/norway\/wp-json\/wp\/v2\/categories?post=7988"},{"taxonomy":"post_tag","embeddable":true,"href":"https:\/\/www.greenpeace.org\/norway\/wp-json\/wp\/v2\/tags?post=7988"},{"taxonomy":"p4-page-type","embeddable":true,"href":"https:\/\/www.greenpeace.org\/norway\/wp-json\/wp\/v2\/p4-page-type?post=7988"}],"curies":[{"name":"wp","href":"https:\/\/api.w.org\/{rel}","templated":true}]}}