{"id":8007,"date":"2020-12-04T14:55:19","date_gmt":"2020-12-04T13:55:19","guid":{"rendered":"https:\/\/www.greenpeace.org\/norway\/?p=8007"},"modified":"2023-10-03T14:42:41","modified_gmt":"2023-10-03T13:42:41","slug":"frivillig-arbeid-utgjor-en-stor-forskjell","status":"publish","type":"post","link":"https:\/\/www.greenpeace.org\/norway\/historier\/greenpeace\/frivillig-arbeid-utgjor-en-stor-forskjell\/","title":{"rendered":"Frivillig arbeid utgj\u00f8r en stor forskjell"},"content":{"rendered":"\n<figure class=\"wp-block-image size-large  caption-style-medium caption-alignment-center\"><img loading=\"lazy\" decoding=\"async\" width=\"1200\" height=\"795\" src=\"https:\/\/www.greenpeace.org\/static\/planet4-norway-stateless\/3b643ca8-gp0stoke0_medium_res_with_credit_line.jpg\" alt=\"\" class=\"wp-image-8008\"\/><\/figure>\n\n<p><strong>\u00c5 v\u00e6re frivillig i Greenpeace har gitt meg muligheter, kunnskap og venner fra hele Europa.<\/strong><\/p>\n\n<p>Jeg heter Manuel, og jobber som forskningsingeni\u00f8r innen fornybar energi og milj\u00f8teknologi i Bergen.<\/p>\n\n<p>Som en profesjonell p\u00e5 feltet har jeg v\u00e6rt vitne til hvordan viktig teknologi har utviklet seg over \u00e5rene. Mulighetene innenfor ren energi, alternative mobilitetskonsepter og gr\u00f8nn skipsfart begrenses ikke lenger av teknologien.<\/p>\n\n<p>Vitenskapen har gitt oss gjennomf\u00f8rbare l\u00f8sninger som kan hjelpe oss med \u00e5 l\u00f8se de viktigste milj\u00f8- og klimautfordringene. Det gr\u00f8nne skiftet er ikke lenger et teknisk problem. I dag er den st\u00f8rste hindringen samfunns\u00f8konomiske faktorer, som kan p\u00e5virkes av politikk, reguleringer og \u00f8kt bevissthet.<\/p>\n\n<p><strong>Derfor ble jeg med som frivillig i Greenpeace. <\/strong>Jeg ville hjelpe til med \u00e5 skape offentlig oppmerksomhet rundt viktige saker og fremme krav om \u00e5 iverksette det som er mulig allerede i dag. \u00c5 v\u00e6re frivillig i Greenpeace ga meg muligheten til \u00e5 bli kjent med likesinnede, delta i workshops og f\u00e5 verdifull oppl\u00e6ring for \u00e5 hjelpe til med \u00e5 st\u00f8tte nasjonale og globale kampanjer. Underveis har jeg f\u00e5tt sjansen til \u00e5 bes\u00f8ke noen av Greenpeace-skipene, delta i aksjoner og f\u00e5 venner fra hele Europa.<\/p>\n\n<figure class=\"wp-block-image size-large  caption-style-medium caption-alignment-center\"><img loading=\"lazy\" decoding=\"async\" width=\"1200\" height=\"795\" src=\"https:\/\/www.greenpeace.org\/static\/planet4-norway-stateless\/8efc6a9b-gp0stoke3_medium_res_with_credit_line.jpg\" alt=\"\" class=\"wp-image-8009\"\/><\/figure>\n\n<p>Oppgavene de frivillige driver med varierer enormt mellom person, land og kampanje. Alle kan bidra med sine individuelle ferdigheter og interesser, enten det m\u00e5tte v\u00e6re \u00e5 planlegge arrangementer, holde presentasjoner for skoleklasser, innsamling av penger, eller kampanjevirksomhet p\u00e5 gateplan. Alle er nyttige og alle er alltid velkommen til \u00e5 bli med p\u00e5 laget og gi av tiden sin i kampen for rettferdighet for milj\u00f8et og klimaet.<\/p>\n\n<p><strong>Er du interessert i \u00e5 bli frivillig i Greenpeace? <a href=\"https:\/\/www.greenpeace.org\/norway\/vaer-med\/bli-frivillig\/\">Les mer her.<\/a><\/strong><\/p>\n\t\t\t<section\n\t\t\tclass=\"boxout post-1344 \"\n\t\t\t\n\t\t>\n\t\t\t<a\n\t\t\t\tdata-ga-category=\"Take Action Boxout\"\n\t\t\t\tdata-ga-action=\"Image\"\n\t\t\t\tdata-ga-label=\"n\/a\"\n\t\t\t\tclass=\"cover-card-overlay\"\n\t\t\t\thref=\"https:\/\/www.greenpeace.org\/norway\/vaer-med\/bli-frivillig\/\" \n\t\t\t><\/a>\n\t\t\t\t\t\t\t<img\n\t\t\t\t\t\tsrc=\"https:\/\/www.greenpeace.org\/static\/planet4-norway-stateless\/2019\/04\/35e4d35d-gp0stqnls_medium_res-678x1024.jpg\"\n\t\t\t\t\t\tsrcset=\"https:\/\/www.greenpeace.org\/static\/planet4-norway-stateless\/2019\/04\/35e4d35d-gp0stqnls_medium_res-199x300.jpg 199w, https:\/\/www.greenpeace.org\/static\/planet4-norway-stateless\/2019\/04\/35e4d35d-gp0stqnls_medium_res-768x1160.jpg 768w, https:\/\/www.greenpeace.org\/static\/planet4-norway-stateless\/2019\/04\/35e4d35d-gp0stqnls_medium_res-678x1024.jpg 678w, https:\/\/www.greenpeace.org\/static\/planet4-norway-stateless\/2019\/04\/35e4d35d-gp0stqnls_medium_res-225x340.jpg 225w, https:\/\/www.greenpeace.org\/static\/planet4-norway-stateless\/2019\/04\/35e4d35d-gp0stqnls_medium_res.jpg 794w\"\n\t\t\t\t\t\tsizes=\"(min-width: 1000px) 358px, (min-width: 780px) 313px, 88px\"\n\t\t\t\t\t\talt=\"\" title=\"\"\n\t\t\t\t\/>\n            \t\t\t<div class=\"boxout-content\">\n\t\t\t\t\t\t\t\t\t<a\n\t\t\t\t\t\tclass=\"boxout-heading medium\"\n\t\t\t\t\t\tdata-ga-category=\"Take Action Boxout\"\n\t\t\t\t\t\tdata-ga-action=\"Title\"\n\t\t\t\t\t\tdata-ga-label=\"n\/a\"\n\t\t\t\t\t\thref=\"https:\/\/www.greenpeace.org\/norway\/vaer-med\/bli-frivillig\/\"\n\t\t\t\t\t\t\n\t\t\t\t\t>\n\t\t\t\t\t\tFrivillig arbeid i Greenpeace\n\t\t\t\t\t<\/a>\n\t\t\t\t\t\t\t\t\t\t\t\t\t<p class=\"boxout-excerpt\">Som frivillig i Greenpeace er du med og utgj\u00f8r en forskjell for klima og milj\u00f8. Her kan du l\u00e6re mer om frivillig arbeid i Greenpeace og hvordan du kan bidra.<\/p>\n\t\t\t\t                                    <a\n                        class=\"btn btn-primary\"\n                        data-ga-category=\"Take Action Boxout\"\n                        data-ga-action=\"Call to Action\"\n                        data-ga-label=\"n\/a\"\n                        href=\"https:\/\/www.greenpeace.org\/norway\/vaer-med\/bli-frivillig\/\"\n                        \n                    >\n                        V\u00e6r med\n                    <\/a>\n                \t\t\t<\/div>\n\t\t\t\t\t<\/section>\n\t","protected":false},"excerpt":{"rendered":"<p>\u00c5 v\u00e6re frivillig i Greenpeace har gitt meg muligheter, kunnskap og venner fra hele Europa, forteller Manuel. Les historien hans her.<\/p>\n","protected":false},"author":41,"featured_media":8008,"comment_status":"closed","ping_status":"open","sticky":false,"template":"","format":"standard","meta":{"ep_exclude_from_search":false,"p4_og_title":"","p4_og_description":"","p4_og_image":"","p4_og_image_id":"","p4_seo_canonical_url":"","p4_campaign_name":"not set","p4_local_project":"not set","p4_basket_name":"not set","p4_department":"","footnotes":""},"categories":[26],"tags":[28],"p4-page-type":[47],"class_list":["post-8007","post","type-post","status-publish","format-standard","has-post-thumbnail","hentry","category-greenpeace","tag-engasjer-deg","p4-page-type-historier"],"_links":{"self":[{"href":"https:\/\/www.greenpeace.org\/norway\/wp-json\/wp\/v2\/posts\/8007","targetHints":{"allow":["GET"]}}],"collection":[{"href":"https:\/\/www.greenpeace.org\/norway\/wp-json\/wp\/v2\/posts"}],"about":[{"href":"https:\/\/www.greenpeace.org\/norway\/wp-json\/wp\/v2\/types\/post"}],"author":[{"embeddable":true,"href":"https:\/\/www.greenpeace.org\/norway\/wp-json\/wp\/v2\/users\/41"}],"replies":[{"embeddable":true,"href":"https:\/\/www.greenpeace.org\/norway\/wp-json\/wp\/v2\/comments?post=8007"}],"version-history":[{"count":6,"href":"https:\/\/www.greenpeace.org\/norway\/wp-json\/wp\/v2\/posts\/8007\/revisions"}],"predecessor-version":[{"id":57907,"href":"https:\/\/www.greenpeace.org\/norway\/wp-json\/wp\/v2\/posts\/8007\/revisions\/57907"}],"wp:featuredmedia":[{"embeddable":true,"href":"https:\/\/www.greenpeace.org\/norway\/wp-json\/wp\/v2\/media\/8008"}],"wp:attachment":[{"href":"https:\/\/www.greenpeace.org\/norway\/wp-json\/wp\/v2\/media?parent=8007"}],"wp:term":[{"taxonomy":"category","embeddable":true,"href":"https:\/\/www.greenpeace.org\/norway\/wp-json\/wp\/v2\/categories?post=8007"},{"taxonomy":"post_tag","embeddable":true,"href":"https:\/\/www.greenpeace.org\/norway\/wp-json\/wp\/v2\/tags?post=8007"},{"taxonomy":"p4-page-type","embeddable":true,"href":"https:\/\/www.greenpeace.org\/norway\/wp-json\/wp\/v2\/p4-page-type?post=8007"}],"curies":[{"name":"wp","href":"https:\/\/api.w.org\/{rel}","templated":true}]}}