{"id":8352,"date":"2021-02-04T10:59:01","date_gmt":"2021-02-04T09:59:01","guid":{"rendered":"https:\/\/www.greenpeace.org\/norway\/?p=8352"},"modified":"2023-10-29T19:46:23","modified_gmt":"2023-10-29T18:46:23","slug":"klimakatastrofer-i-2020-som-viser-at-klimakrisen-er-her","status":"publish","type":"post","link":"https:\/\/www.greenpeace.org\/norway\/nyheter\/klimaendringer\/klimakatastrofer-i-2020-som-viser-at-klimakrisen-er-her\/","title":{"rendered":"Klimakatastrofer i 2020"},"content":{"rendered":"\n<p>Fjor\u00e5ret ble ikke bare preget av koronapandemien alene. <a href=\"https:\/\/www.greenpeace.org\/norway\/klimaendringer\/\">Klimaendringene <\/a>er her. Noen av tidenes verste <strong>klimakatastrofer <\/strong>traff verden med voldsom kraft, og verdens fattigste ble hardest rammet av klimakatastrofene.<\/p>\n\n<p>Det f\u00f8ltes som om livet ble satt p\u00e5 pause. Vi m\u00e5tte holde avstand til hverandre og begrense kontakten med venner og familie. Mange var bekymret for at de selv eller noen av deres n\u00e6rmeste skulle bli smittet. Helsearbeidere gjorde sitt ytterste for \u00e5 ta vare p\u00e5 alle syke, men dessverre mistet noen av oss v\u00e5re kj\u00e6re. Selv om verden stanset opp, s\u00e5 dundret klimakrisa ufortr\u00f8dent videre og gjorde stor skade i 2020, noe som er lett \u00e5 glemme under de r\u00e5dende omstendighetene.\u00a0<\/p>\n\n<p><a href=\"https:\/\/www.greenpeace.org\/norway\/vaer-med\/klimakrisen\/\">Bruk stemmen din og krev klimahandling<\/a><\/p>\n\n<h2 class=\"wp-block-heading\">9 klimakatastrofer i verden i 2020 som viser at klimakrisen er her<\/h2>\n\n<p>2020 ble <a href=\"https:\/\/www.met.no\/nyhetsarkiv\/2020-er-det-varmeste-aret-noensinne\">Norges varmeste \u00e5r noensinne<\/a>, og temperaturen l\u00e5 i snitt rundt 2,5 grader over normalen. Avskogingen i Amazonas n\u00e5dde nye h\u00f8yder. FN slo alarm om akutt krise for det biologiske mangfoldet og rapporterte om en nedgang i antall ville dyr med to tredjedeler siden 70-tallet. Tusenvis av mennesker kjempet for \u00e5 overleve konsekvensene av klimakrisen. 2020 besto av en rekke farlige fenomen som skogbranner, varmeb\u00f8lger, orkaner og supertyfoner, noe som igjen f\u00f8rte til massive oversv\u00f8mmelser flere steder i verden.&nbsp;<\/p>\n\n<p>Her finner du et utvalg bilder fra noen av de verste naturkatastrofene i verden i 2020:<\/p>\n\n<h2 class=\"wp-block-heading\">\u00d8deleggende skogbranner i Australia<\/h2>\n\n<figure class=\"wp-block-image size-large caption-style-medium caption-alignment-center\"><img loading=\"lazy\" decoding=\"async\" width=\"799\" height=\"527\" src=\"https:\/\/www.greenpeace.org\/static\/planet4-norway-stateless\/2021\/02\/8974cefd-1.jpg\" alt=\"Mark Bennett l\u00f8pet gjennom skogen for \u00e5 kunne n\u00e5 flammene i Numeralla, Australia. Mark er 70 \u00e5r og har v\u00e6rt frivillig brannslukker i 46.\" class=\"wp-image-8353\" srcset=\"https:\/\/www.greenpeace.org\/static\/planet4-norway-stateless\/2021\/02\/8974cefd-1.jpg 799w, https:\/\/www.greenpeace.org\/static\/planet4-norway-stateless\/2021\/02\/8974cefd-1-300x198.jpg 300w, https:\/\/www.greenpeace.org\/static\/planet4-norway-stateless\/2021\/02\/8974cefd-1-768x507.jpg 768w, https:\/\/www.greenpeace.org\/static\/planet4-norway-stateless\/2021\/02\/8974cefd-1-510x336.jpg 510w\" sizes=\"auto, (max-width: 799px) 100vw, 799px\" \/><figcaption class=\"wp-element-caption\">Mark Bennett l\u00f8pet gjennom skogen for \u00e5 kunne n\u00e5 flammene i Numeralla, Australia. Mark er 70 \u00e5r og har v\u00e6rt frivillig brannslukker i 46.<\/figcaption><\/figure>\n\n<p>Skogbrannsesongen i Australia g\u00e5r inn i historien som <a href=\"https:\/\/www.greenpeace.org\/norway\/nyheter\/2602\/de-katastrofale-brannene-i-australia-dette-ma-du-vite\/\">en av de verste noensinne. <\/a>Det rapporteres om at mer enn 1 milliard fugler, pattedyr og reptiler ble skadd eller omkom i brannene.&nbsp;<\/p>\n\n<h2 class=\"wp-block-heading\">Klimakatastrofen i Antarktis<\/h2>\n\n<figure class=\"wp-block-image size-large caption-style-medium caption-alignment-center\"><img loading=\"lazy\" decoding=\"async\" width=\"800\" height=\"533\" src=\"https:\/\/www.greenpeace.org\/static\/planet4-norway-stateless\/2021\/02\/35277d5b-2.jpg\" alt=\"Ringpingvin p\u00e5 Elephant Island i Antarktis \u2013 hjemmet til en av verdens st\u00f8rste kolonier.\" class=\"wp-image-8359\" srcset=\"https:\/\/www.greenpeace.org\/static\/planet4-norway-stateless\/2021\/02\/35277d5b-2.jpg 800w, https:\/\/www.greenpeace.org\/static\/planet4-norway-stateless\/2021\/02\/35277d5b-2-300x200.jpg 300w, https:\/\/www.greenpeace.org\/static\/planet4-norway-stateless\/2021\/02\/35277d5b-2-768x512.jpg 768w, https:\/\/www.greenpeace.org\/static\/planet4-norway-stateless\/2021\/02\/35277d5b-2-510x340.jpg 510w\" sizes=\"auto, (max-width: 800px) 100vw, 800px\" \/><figcaption class=\"wp-element-caption\">Ringpingvin p\u00e5 Elephant Island i Antarktis \u2013 hjemmet til en av verdens st\u00f8rste kolonier.<\/figcaption><\/figure>\n\n<p>P\u00e5 ny\u00e5ret var Greenpeace i Antarktis. I samarbeid med en gruppe forskere unders\u00f8kte og dokumenterte vi effektene av klimakrisen i omr\u00e5det. Et av de s\u00f8rgelige funnene var at <a href=\"https:\/\/www.greenpeace.org\/sweden\/pressmeddelanden\/5451\/pingvinkollaps-kolonier-i-antarktis-har-minskat-med-77-pa-50-ar\/\" target=\"_blank\" rel=\"noreferrer noopener\">pingvinbestanden minker drastisk.<\/a> Siden 70-tallet har flere pingvinkolonier hatt en nedgang p\u00e5 70 prosent p\u00e5 grunn av klimaendringer.<\/p>\n\n<h2 class=\"wp-block-heading\">Naturkatastrofer p\u00e5 Filippinene<\/h2>\n\n<figure class=\"wp-block-image size-large caption-style-medium caption-alignment-center\"><img loading=\"lazy\" decoding=\"async\" width=\"800\" height=\"534\" src=\"https:\/\/www.greenpeace.org\/static\/planet4-norway-stateless\/2021\/02\/3ee820db-3.jpg\" alt=\"En mann b\u00e6rer hunden sin gjennom en oversv\u00f8mt gate, full av gj\u00f8rme etter tyfonen Ulysses \u2013 byen Rodriguez i Rizal-provinsen \u00f8st for Manila.\" class=\"wp-image-8355\" srcset=\"https:\/\/www.greenpeace.org\/static\/planet4-norway-stateless\/2021\/02\/3ee820db-3.jpg 800w, https:\/\/www.greenpeace.org\/static\/planet4-norway-stateless\/2021\/02\/3ee820db-3-300x200.jpg 300w, https:\/\/www.greenpeace.org\/static\/planet4-norway-stateless\/2021\/02\/3ee820db-3-768x513.jpg 768w, https:\/\/www.greenpeace.org\/static\/planet4-norway-stateless\/2021\/02\/3ee820db-3-510x340.jpg 510w\" sizes=\"auto, (max-width: 800px) 100vw, 800px\" \/><figcaption class=\"wp-element-caption\">En mann b\u00e6rer hunden sin gjennom en oversv\u00f8mt gate, full av gj\u00f8rme etter tyfonen Ulysses \u2013 byen Rodriguez i Rizal-provinsen \u00f8st for Manila.<\/figcaption><\/figure>\n\n<p>Flere tyfoner rammet Filippinene i november og for\u00e5rsaket enorme oversv\u00f8mmelser som gjorde mer enn tre millioner mennesker hjeml\u00f8se. Befolkningen krever at regjeringen tar ansvar for sviktende beredskap og at verdens st\u00f8rste forurensere endrer praksis og ikke forverrer klimakrisen.<\/p>\n\n<h2 class=\"wp-block-heading\">Skogbranner i Amazonas<\/h2>\n\n<figure class=\"wp-block-image size-large caption-style-medium caption-alignment-center\"><img loading=\"lazy\" decoding=\"async\" width=\"800\" height=\"534\" src=\"https:\/\/www.greenpeace.org\/static\/planet4-norway-stateless\/2021\/02\/d683a62c-4.jpg\" title=\"Skogbrann i Amazonas\" alt=\"Skogbrann i Amazonas\" class=\"wp-image-8356\" srcset=\"https:\/\/www.greenpeace.org\/static\/planet4-norway-stateless\/2021\/02\/d683a62c-4.jpg 800w, https:\/\/www.greenpeace.org\/static\/planet4-norway-stateless\/2021\/02\/d683a62c-4-300x200.jpg 300w, https:\/\/www.greenpeace.org\/static\/planet4-norway-stateless\/2021\/02\/d683a62c-4-768x513.jpg 768w, https:\/\/www.greenpeace.org\/static\/planet4-norway-stateless\/2021\/02\/d683a62c-4-510x340.jpg 510w\" sizes=\"auto, (max-width: 800px) 100vw, 800px\" \/><figcaption class=\"wp-element-caption\">Hver \u00e5r flyr Greenpeace over Amazonas for \u00e5 overv\u00e5ke avskoging og skogbranner.<\/figcaption><\/figure>\n\n<p>Brannene i Amazonas er p\u00e5tent for \u00e5 rydde jord til beitemarker og industrielt jordbruk. Praksisen har blitt mer utbredt etter at president Jair Bolsonaro kom til makta. Urbefolkningene er mest utsatt ettersom deres hjem, mattilgang og helse trues av brannene. <a href=\"https:\/\/www.greenpeace.org\/norway\/nyheter\/7655\/brannene-i-amazonas-og-pantanal-slar-nye-rekorder-i-september\/\">Her kan du lese mer om situasjonen i Amazonas.<\/a><\/p>\n\n<h2 class=\"wp-block-heading\">Bleking av koraller i Great Barrier Reef<\/h2>\n\n<figure class=\"wp-block-image size-large caption-style-medium caption-alignment-center\"><img loading=\"lazy\" decoding=\"async\" width=\"800\" height=\"533\" src=\"https:\/\/www.greenpeace.org\/static\/planet4-norway-stateless\/2021\/02\/b8650bbd-5.jpg\" alt=\"Jomfrufisker og skjellfinnefisker sv\u00f8mmer ved en bleket acroporakorall.\" class=\"wp-image-8357\" srcset=\"https:\/\/www.greenpeace.org\/static\/planet4-norway-stateless\/2021\/02\/b8650bbd-5.jpg 800w, https:\/\/www.greenpeace.org\/static\/planet4-norway-stateless\/2021\/02\/b8650bbd-5-300x200.jpg 300w, https:\/\/www.greenpeace.org\/static\/planet4-norway-stateless\/2021\/02\/b8650bbd-5-768x512.jpg 768w, https:\/\/www.greenpeace.org\/static\/planet4-norway-stateless\/2021\/02\/b8650bbd-5-510x340.jpg 510w\" sizes=\"auto, (max-width: 800px) 100vw, 800px\" \/><figcaption class=\"wp-element-caption\">Jomfrufisker og skjellfinnefisker sv\u00f8mmer ved en bleket acroporakorall.<\/figcaption><\/figure>\n\n<p>De h\u00f8ye temperaturene i 2020 har f\u00f8rt til at det for tredje gang p\u00e5 fem \u00e5r har foreg\u00e5tt en enorm bleking av korallene i verdens st\u00f8rste rev, Great Barrier Reef i Australia. Denne gangen var blekingen mer utbredt enn tidligere.<\/p>\n\n<h2 class=\"wp-block-heading\">Naturkatastrofe i Japan<\/h2>\n\n<figure class=\"wp-block-image size-large caption-style-medium caption-alignment-center\"><img loading=\"lazy\" decoding=\"async\" width=\"800\" height=\"533\" src=\"https:\/\/www.greenpeace.org\/static\/planet4-norway-stateless\/2021\/02\/ee1d193e-6.jpg\" alt=\"Massive \u00f8deleggelser i Hitoyoshi, Japan.\" class=\"wp-image-8358\" srcset=\"https:\/\/www.greenpeace.org\/static\/planet4-norway-stateless\/2021\/02\/ee1d193e-6.jpg 800w, https:\/\/www.greenpeace.org\/static\/planet4-norway-stateless\/2021\/02\/ee1d193e-6-300x200.jpg 300w, https:\/\/www.greenpeace.org\/static\/planet4-norway-stateless\/2021\/02\/ee1d193e-6-768x512.jpg 768w, https:\/\/www.greenpeace.org\/static\/planet4-norway-stateless\/2021\/02\/ee1d193e-6-510x340.jpg 510w\" sizes=\"auto, (max-width: 800px) 100vw, 800px\" \/><figcaption class=\"wp-element-caption\">Massive \u00f8deleggelser i Hitoyoshi, Japan.<\/figcaption><\/figure>\n\n<p>Kraftig regn \u00f8dela store omr\u00e5der p\u00e5 \u00f8ya Kyushu i Japan. Oversv\u00f8mmelser og jordskred f\u00f8rte til omfattende skader, og mer enn \u00e9n million mennesker m\u00e5tte evakuere.<\/p>\n\n<h2 class=\"wp-block-heading\">Klimakatastrofer i Sibir<\/h2>\n\n<figure class=\"wp-block-image size-large caption-style-medium caption-alignment-center\"><img loading=\"lazy\" decoding=\"async\" width=\"800\" height=\"450\" src=\"https:\/\/www.greenpeace.org\/static\/planet4-norway-stateless\/2021\/02\/3c492e2e-7.jpg\" alt=\"Skogbranner i Krasnojarsk kraj.\" class=\"wp-image-8360\" srcset=\"https:\/\/www.greenpeace.org\/static\/planet4-norway-stateless\/2021\/02\/3c492e2e-7.jpg 800w, https:\/\/www.greenpeace.org\/static\/planet4-norway-stateless\/2021\/02\/3c492e2e-7-300x169.jpg 300w, https:\/\/www.greenpeace.org\/static\/planet4-norway-stateless\/2021\/02\/3c492e2e-7-768x432.jpg 768w, https:\/\/www.greenpeace.org\/static\/planet4-norway-stateless\/2021\/02\/3c492e2e-7-510x287.jpg 510w\" sizes=\"auto, (max-width: 800px) 100vw, 800px\" \/><figcaption class=\"wp-element-caption\">Et team fra Greenpeace dokumenterte skogbranner i Krasnojarsk kraj.<\/figcaption><\/figure>\n\n<p>Sommeren i Sibir viste oss ulike konsekvenser av klimakrisen: varmeb\u00f8lger, skogbranner og oljeutslipp, for\u00e5rsaket av opptining av permafrost. De russiske myndighetene stanset ikke brannene, men lot \u00f8deleggelsen av den verdifulle taigaen trekke ut. Konsekvensene var store for lokalbefolkningen og klimaet.<\/p>\n\n<h2 class=\"wp-block-heading\">Oversv\u00f8mmelser i Kenya<\/h2>\n\n<figure class=\"wp-block-image size-large caption-style-medium caption-alignment-center\"><img loading=\"lazy\" decoding=\"async\" width=\"800\" height=\"450\" src=\"https:\/\/www.greenpeace.org\/static\/planet4-norway-stateless\/2021\/02\/57158d01-8.jpg\" alt=\"En kvinne ser p\u00e5 det som er igjen av hjemmet sitt etter en oversv\u00f8mmelse i Kenya.\" class=\"wp-image-8361\" srcset=\"https:\/\/www.greenpeace.org\/static\/planet4-norway-stateless\/2021\/02\/57158d01-8.jpg 800w, https:\/\/www.greenpeace.org\/static\/planet4-norway-stateless\/2021\/02\/57158d01-8-300x169.jpg 300w, https:\/\/www.greenpeace.org\/static\/planet4-norway-stateless\/2021\/02\/57158d01-8-768x432.jpg 768w, https:\/\/www.greenpeace.org\/static\/planet4-norway-stateless\/2021\/02\/57158d01-8-510x287.jpg 510w\" sizes=\"auto, (max-width: 800px) 100vw, 800px\" \/><figcaption class=\"wp-element-caption\">En kvinne ser p\u00e5 det som er igjen av hjemmet sitt etter en oversv\u00f8mmelse i Kenya.<\/figcaption><\/figure>\n\n<p>I l\u00f8pet av mai og juni rammet flere store oversv\u00f8mmelser Kenya. Hundrevis av mennesker omkom, tusenvis mistet hjemmene sine og avlinger ble \u00f8delagt. Regn- og t\u00f8rkesesongene i \u00d8st-Afrika p\u00e5virkes av de globale klimaendringene.<\/p>\n\n<h2 class=\"wp-block-heading\">Skogbranner i California<\/h2>\n\n<figure class=\"wp-block-image size-large caption-style-medium caption-alignment-center\"><img loading=\"lazy\" decoding=\"async\" width=\"800\" height=\"533\" src=\"https:\/\/www.greenpeace.org\/static\/planet4-norway-stateless\/2021\/02\/3b08dabb-9.jpg\" alt=\"Fra en skogbrann i California ser man en enorm r\u00f8yks\u00f8yle med pyrocumulus over.\" class=\"wp-image-8362\" srcset=\"https:\/\/www.greenpeace.org\/static\/planet4-norway-stateless\/2021\/02\/3b08dabb-9.jpg 800w, https:\/\/www.greenpeace.org\/static\/planet4-norway-stateless\/2021\/02\/3b08dabb-9-300x200.jpg 300w, https:\/\/www.greenpeace.org\/static\/planet4-norway-stateless\/2021\/02\/3b08dabb-9-768x512.jpg 768w, https:\/\/www.greenpeace.org\/static\/planet4-norway-stateless\/2021\/02\/3b08dabb-9-510x340.jpg 510w\" sizes=\"auto, (max-width: 800px) 100vw, 800px\" \/><figcaption class=\"wp-element-caption\">Varme fra branner kan f\u00f8re til at r\u00f8yken stiger opp i luften og danner pyrocumulusskyer. Fra en skogbrann i California ser man en enorm r\u00f8yks\u00f8yle med pyrocumulus over.<\/figcaption><\/figure>\n\n<p>Skogbrannsesongen i California varer lenger og blir mer intens for hvert \u00e5r p\u00e5 grunn av stigende temperaturer.<\/p>\n\n<p><strong>LES OGS\u00c5:<\/strong>\u00a0<a href=\"https:\/\/www.greenpeace.org\/norway\/tips\/50183\/klimakrisen-fire-ting-du-kan-gjore\/\">Klimakrisen: Fire ting du kan gj\u00f8re<\/a><\/p>\n\n<h2 class=\"wp-block-heading\">Flere klima- og naturkatastrofer i \u00e5rene som kommer<\/h2>\n\n<p>Klimaendringer gj\u00f8r at ekstremv\u00e6r og klimakatastrofer vil ramme oftere i \u00e5rene framover. Under h\u00e5ndteringen av pandemien har gang p\u00e5 gang sett hvor viktig det er at vi samarbeider, og hvor mye vi kan oppn\u00e5 n\u00e5r vi drar lasset sammen. Det samme gjelder n\u00e5r vi jobber for naturen. Til tross for at utfordringene er store og kan virke uoverkommelige, er framtiden fortsatt ikke her \u2013 vi kan forme den n\u00e5.<\/p>\n\n<figure class=\"wp-block-embed is-type-video is-provider-youtube wp-block-embed-youtube wp-embed-aspect-16-9 wp-has-aspect-ratio\"><div class=\"wp-block-embed__wrapper\">\n<lite-youtube style=\"background-image: url('https:\/\/i.ytimg.com\/vi\/Pf_21_Dgn0o\/hqdefault.jpg');\" videoid=\"Pf_21_Dgn0o\" params=\"rel=0\"><\/lite-youtube>\n<\/div><\/figure>\n\n<h2 class=\"wp-block-heading\">Engasjer deg i kampen mot klimakrisen<\/h2>\n\n<p>Utgj\u00f8r en forskjell som\u00a0<a href=\"https:\/\/www.greenpeace.org\/norway\/vaer-med\/stott-oss\/\">st\u00f8ttemedlem i Greenpeace<\/a>. Vi er en\u00a0<a href=\"https:\/\/www.greenpeace.org\/norway\/vaer-med\/stott-oss\/\">helt uavhengig milj\u00f8organisasjon<\/a> som kun tar imot st\u00f8tte fra engasjerte enkeltpersoner som deg:<\/p>\n\t\t\t<section\n\t\t\tclass=\"boxout post-1229  sticky-bottom-mobile collapse show\"\n\t\t\tid=\"action-card\"\n\t\t>\n\t\t\t<a\n\t\t\t\tdata-ga-category=\"Take Action Boxout\"\n\t\t\t\tdata-ga-action=\"Image\"\n\t\t\t\tdata-ga-label=\"n\/a\"\n\t\t\t\tclass=\"cover-card-overlay\"\n\t\t\t\thref=\"https:\/\/www.greenpeace.org\/norway\/vaer-med\/stott-oss\/\" \n\t\t\t><\/a>\n\t\t\t\t\t\t\t<img\n\t\t\t\t\t\tsrc=\"https:\/\/www.greenpeace.org\/static\/planet4-norway-stateless\/2022\/02\/487ac5d0-gp1swsny-1024x767.jpg\"\n\t\t\t\t\t\tsrcset=\"https:\/\/www.greenpeace.org\/static\/planet4-norway-stateless\/2022\/02\/487ac5d0-gp1swsny-300x225.jpg 300w, https:\/\/www.greenpeace.org\/static\/planet4-norway-stateless\/2022\/02\/487ac5d0-gp1swsny-1024x767.jpg 1024w, https:\/\/www.greenpeace.org\/static\/planet4-norway-stateless\/2022\/02\/487ac5d0-gp1swsny-768x575.jpg 768w, https:\/\/www.greenpeace.org\/static\/planet4-norway-stateless\/2022\/02\/487ac5d0-gp1swsny-454x340.jpg 454w, https:\/\/www.greenpeace.org\/static\/planet4-norway-stateless\/2022\/02\/487ac5d0-gp1swsny.jpg 1200w\"\n\t\t\t\t\t\tsizes=\"(min-width: 1000px) 358px, (min-width: 780px) 313px, 88px\"\n\t\t\t\t\t\talt=\"Flyfoto av en \u00f8y formet som et hjerte\" title=\"Flyfoto av en \u00f8y formet som et hjerte\"\n\t\t\t\t\/>\n            \t\t\t<div class=\"boxout-content\">\n\t\t\t\t\t\t\t\t\t<a\n\t\t\t\t\t\tclass=\"boxout-heading medium\"\n\t\t\t\t\t\tdata-ga-category=\"Take Action Boxout\"\n\t\t\t\t\t\tdata-ga-action=\"Title\"\n\t\t\t\t\t\tdata-ga-label=\"n\/a\"\n\t\t\t\t\t\thref=\"https:\/\/www.greenpeace.org\/norway\/vaer-med\/stott-oss\/\"\n\t\t\t\t\t\t\n\t\t\t\t\t>\n\t\t\t\t\t\tSt\u00f8tt arbeidet v\u00e5rt for klima og milj\u00f8\n\t\t\t\t\t<\/a>\n\t\t\t\t\t\t\t\t\t\t\t\t\t<p class=\"boxout-excerpt\">Sammen utgj\u00f8r vi en forskjell for den s\u00e5rbare planeten v\u00e5r.<\/p>\n\t\t\t\t                                    <a\n                        class=\"btn btn-primary\"\n                        data-ga-category=\"Take Action Boxout\"\n                        data-ga-action=\"Call to Action\"\n                        data-ga-label=\"n\/a\"\n                        href=\"https:\/\/www.greenpeace.org\/norway\/vaer-med\/stott-oss\/\"\n                        \n                    >\n                        V\u00e6r med\n                    <\/a>\n                \t\t\t<\/div>\n\t\t\t\t\t\t\t<a\n\t\t\t\t\tclass=\"not-now\"\n\t\t\t\t\trole=\"button\"\n\t\t\t\t\tdata-bs-toggle=\"collapse\"\n\t\t\t\t\thref=\"#action-card\"\n\t\t\t\t><\/a>\n\t\t\t\t\t<\/section>\n\t","protected":false},"excerpt":{"rendered":"<p>2020 var preget av klimakatastrofer og voldsomme naturkatastrofer verden over. Dette<br \/>\ntydeliggj\u00f8r behovet for handling i m\u00f8te med klimakrisen.<\/p>\n","protected":false},"author":27,"featured_media":8360,"comment_status":"closed","ping_status":"open","sticky":false,"template":"","format":"standard","meta":{"ep_exclude_from_search":false,"p4_og_title":"Klimakatastrofer i 2020: Klimakrisen er her","p4_og_description":"","p4_og_image":"","p4_og_image_id":"","p4_seo_canonical_url":"","p4_campaign_name":"not set","p4_local_project":"not set","p4_basket_name":"not set","p4_department":"","footnotes":""},"categories":[1],"tags":[30,87,64],"p4-page-type":[16],"class_list":["post-8352","post","type-post","status-publish","format-standard","has-post-thumbnail","hentry","category-klimaendringer","tag-klimaeffekter","tag-ekstremvaer","tag-klimakrise","p4-page-type-nyheter"],"_links":{"self":[{"href":"https:\/\/www.greenpeace.org\/norway\/wp-json\/wp\/v2\/posts\/8352","targetHints":{"allow":["GET"]}}],"collection":[{"href":"https:\/\/www.greenpeace.org\/norway\/wp-json\/wp\/v2\/posts"}],"about":[{"href":"https:\/\/www.greenpeace.org\/norway\/wp-json\/wp\/v2\/types\/post"}],"author":[{"embeddable":true,"href":"https:\/\/www.greenpeace.org\/norway\/wp-json\/wp\/v2\/users\/27"}],"replies":[{"embeddable":true,"href":"https:\/\/www.greenpeace.org\/norway\/wp-json\/wp\/v2\/comments?post=8352"}],"version-history":[{"count":15,"href":"https:\/\/www.greenpeace.org\/norway\/wp-json\/wp\/v2\/posts\/8352\/revisions"}],"predecessor-version":[{"id":58173,"href":"https:\/\/www.greenpeace.org\/norway\/wp-json\/wp\/v2\/posts\/8352\/revisions\/58173"}],"wp:featuredmedia":[{"embeddable":true,"href":"https:\/\/www.greenpeace.org\/norway\/wp-json\/wp\/v2\/media\/8360"}],"wp:attachment":[{"href":"https:\/\/www.greenpeace.org\/norway\/wp-json\/wp\/v2\/media?parent=8352"}],"wp:term":[{"taxonomy":"category","embeddable":true,"href":"https:\/\/www.greenpeace.org\/norway\/wp-json\/wp\/v2\/categories?post=8352"},{"taxonomy":"post_tag","embeddable":true,"href":"https:\/\/www.greenpeace.org\/norway\/wp-json\/wp\/v2\/tags?post=8352"},{"taxonomy":"p4-page-type","embeddable":true,"href":"https:\/\/www.greenpeace.org\/norway\/wp-json\/wp\/v2\/p4-page-type?post=8352"}],"curies":[{"name":"wp","href":"https:\/\/api.w.org\/{rel}","templated":true}]}}