{"id":8473,"date":"2021-03-08T18:16:22","date_gmt":"2021-03-08T17:16:22","guid":{"rendered":"https:\/\/www.greenpeace.org\/norway\/?p=8473"},"modified":"2023-10-03T11:43:30","modified_gmt":"2023-10-03T10:43:30","slug":"emd-fint-a-vite","status":"publish","type":"post","link":"https:\/\/www.greenpeace.org\/norway\/fakta\/klimaendringer\/emd-fint-a-vite\/","title":{"rendered":"Fint \u00e5 vite f\u00f8r du stemmer"},"content":{"rendered":"\n<h5 class=\"wp-block-heading\">Hva er EMD?<\/h5>\n\n<p>EMD er den Europeiske menneskerettighetsdomstolen. Domstolen er internasjonal og ligger i Strasbourg i Frankrike. Domstolen er en del av Europar\u00e5det. (<a href=\"https:\/\/snl.no\/Den_europeiske_menneskerettighetsdomstolen\">Les mer p\u00e5 snl.no<\/a>)<\/p>\n\n<h5 class=\"wp-block-heading\">Hva slags saker behandles der?<\/h5>\n\n<p>Domstolen behandler klager fra enkeltmennesker, grupper av mennesker eller stater om brudd p\u00e5 den europeiske menneskerettighetskonvensjonen (EMK) beg\u00e5tt av Europar\u00e5dets medlemsland.&nbsp;<\/p>\n\n<h5 class=\"wp-block-heading\">Hva vil det si \u00e5 s\u00f8ke til EMD?<\/h5>\n\n<p>\u00c5 s\u00f8ke til EMD inneb\u00e6rer at man leverer en s\u00f8knad til domstolen og ber den behandle en sak der man har grunn til \u00e5 tro at menneskerettighetene har blitt brutt. I v\u00e5rt tilfelle vil det si at vi s\u00f8ker om at EMD kan behandle saken v\u00e5r og sl\u00e5 fast om den norske staten har brutt menneskerettighetene.<\/p>\n\n<h5 class=\"wp-block-heading\">Hvorfor vil Greenpeace ta klimas\u00f8ksm\u00e5let til EMD?<\/h5>\n\n<p>For \u00e5 f\u00e5 norsk oljepolitikk d\u00f8mt i strid med menneskerettighetskonvensjonen. Den sier at alle mennesker har rett til liv, herunder rett til milj\u00f8, klima og et livsgrunnlag som ikke blir \u00f8delagt. Mennesker har rett til \u00e5 bli beskyttet mot milj\u00f8skader, som klimaendringer.&nbsp;<\/p>\n\n<p>Siden vi har tatt saken gjennom hele det norske rettsvesenet st\u00e5r vi i en unik stilling til \u00e5 klage til EMD. Der er sjansene mye st\u00f8rre for \u00e5 slippe inn dersom man har brukt alle mulighetene i det nasjonale rettsvesenet. Siden veldig mange saker som blir klagd inn der blir avvist, er det viktig \u00e5 ha s\u00e5 gode sjanser som mulig.&nbsp;<\/p>\n\n<h5 class=\"wp-block-heading\">Er EMD viktigere enn Norges H\u00f8yesterett?<\/h5>\n\n<p>Tja. EMD og H\u00f8yesterett er viktige p\u00e5 hver sin m\u00e5te. H\u00f8yesterett er det h\u00f8yeste rettsniv\u00e5et i Norge, og der kan saker som gjelder alle Norges lover tas opp, mens EMD behandler saker om brudd p\u00e5 menneskerettighetskonvensjonen, en avtale inng\u00e5tt av 47 land i Europa hvor man forplikter seg til \u00e5 sikre rettigheter til individer.<\/p>\n\n<h5 class=\"wp-block-heading\">Vil dommen i EMD overkj\u00f8re dommen i H\u00f8yesterett?<\/h5>\n\n<p>Nei, EMD er ikke et overnasjonal organ som kan sette til side nasjonale dommer. Men EMD kan gi Norge p\u00e5legg om \u00e5 endre politikken sin eller innf\u00f8re tiltak for \u00e5 b\u00f8te p\u00e5 milj\u00f8skadene. I tillegg styrker det v\u00e5r sak og gir mer tyngde til argumentene v\u00e5re.&nbsp;<\/p>\n\n<h5 class=\"wp-block-heading\">Hva er de mulige konsekvensene av en seier?<\/h5>\n\n<p>Dette kommer litt an p\u00e5 hva innholdet i klagen v\u00e5r er, og den er under utarbeidelse fremdeles.&nbsp;<\/p>\n\n<ul class=\"wp-block-list\">\n<li>Praktiske konsekvenser: Det vi mest realistisk kan h\u00e5pe p\u00e5 er at domstolen sl\u00e5r fast at norsk oljepolitikk ikke tar nok hensyn til klima, for eksempel med manglende utredning og vurdering av klima n\u00e5r man gir tillatelser til \u00e5 lete etter olje, og da kan vedtak om oljeleting v\u00e6re ugyldig. Det var dette mindretallet i H\u00f8yesterett mente. Dersom menneskerettighetsdomstolen d\u00f8mmer dette, skaper det stort press p\u00e5 Norge om \u00e5 endre oljepolitikken sin<\/li>\n\n\n\n<li>Moralske konsekvenser: En seier vil uansett gi oss et moralsk overtak mot politikere og oljeselskap som vil lete etter mer olje. Da vil en av de tyngste domstolene internasjonalt ha sl\u00e5tt fast at Norge bryter menneskerettighetskonvensjonen, og det blir vanskeligere \u00e5 forsvare oljeleting. Det gj\u00f8r jobben v\u00e5r lettere fordi vi har f\u00e5tt mer tyngde bak argumentene v\u00e5re<\/li>\n\n\n\n<li>Det m\u00e5 ogs\u00e5 ses p\u00e5 som en seier \u00e5 f\u00e5 tatt opp saken i det hele tatt, flertallet av sakene som klages inn for EMD avvises. Dersom saken slipper inn er det en anerkjennelse av at norsk oljeboring er viktig nok til \u00e5 bli tatt opp i en stor og tung domstol<\/li>\n<\/ul>\n\n<h5 class=\"wp-block-heading\">Hva skjer hvis vi taper?<\/h5>\n\n<p>I praksis: ingenting. Oljeselskapene f\u00e5r holde p\u00e5 som f\u00f8r, og norsk oljepolitikk blir ikke presset til \u00e5 endre seg. Vi har brukt alle rettslige virkemidler for \u00e5 stanse oljeboringen og er n\u00f8dt til \u00e5 jobbe p\u00e5 andre m\u00e5ter.<\/p>\n\n<p>Den st\u00f8rste risikoen er at politikere bruker dette som argument for \u00e5 bore enda mer. Det vil de nok gj\u00f8re ogs\u00e5. Det som ikke skjer er at dette setter presedens for andre saker. EMD opererer ikke med presedens, alts\u00e5 at tidligere saker f\u00e5r konsekvens for nye. Hver sak behandles mye mer uavhengig enn i nasjonale domstoler.<\/p>\n\n<h5 class=\"wp-block-heading\">Hva har menneskerettigheter med milj\u00f8 \u00e5 gj\u00f8re?&nbsp;<\/h5>\n\n<p>Artikkel 2 og 8 i menneskerettighetskonvensjonen sier at mennesker har rett til liv og privatliv. Innenfor dette har man tolket retten til milj\u00f8 og \u00e5 bli beskyttet mot skade fra milj\u00f8\u00f8deleggelse.&nbsp;<\/p>\n\n<h5 class=\"wp-block-heading\">Blir det samme advokater som i det norske rettsvesenet?<\/h5>\n\n<p>Ja, Cathrine Hambro og Emanuel Feinberg utarbeider klagen.<\/p>\n\n<h5 class=\"wp-block-heading\">Hvor lang tid tar det? Stemmer det at det kan ta fem \u00e5r?<\/h5>\n\n<p>EMD sier selv de har som m\u00e5l at det ikke skal ta mer enn tre \u00e5r fra en sak er sendt inn til den er behandlet, men i utgangspunktet er det ingen som vet hvor lang eller kort tid det tar. Vi kommer til \u00e5 s\u00f8ke om hastebehandling, og da kan det forh\u00e5pentligvis ikke ta s\u00e5 lang tid (et \u00e5r).&nbsp;<\/p>\n\n<h5 class=\"wp-block-heading\">Greenpeace har tapt tre runder i det norske rettsvesenet. Hva f\u00e5r dere til \u00e5 tro at dette blir noe annerledes?\/Tenker dere at dette er verdt det?<\/h5>\n\n<p>H\u00f8yesterett var ikke enstemmig i sin dom. Et mindretall av dommerne mente oljeboring i Arktis var ugyldig fordi Norge ikke stiller strenge nok klimakrav n\u00e5r det deles ut tillatelser til \u00e5 lete etter olje. Dette er et veldig godt utgangspunkt for en klage til EMD.<\/p>\n\n<h5 class=\"wp-block-heading\">Hva er sannsynligheten for \u00e5 vinne? Er det bortkastet \u00e5 pr\u00f8ve?<\/h5>\n\n<p>EMD har ikke hatt lignende saker f\u00f8r, s\u00e5 dette vet vi ikke.<\/p>\n\n<p>Om det er bortkastet eller ikke kommer litt an p\u00e5 hvordan man ser p\u00e5 det. Dersom saken blir sluppet inn, vil det v\u00e6re en stor seier fordi v\u00e5r kamp mot oljeboring i Arktis blir anerkjent. Dersom saken blir behandlet kan vi f\u00e5 en dom med alt fra full seier til flere delseire til fullt tap. Vi vil likevel ha lykkes med \u00e5 skape stor oppmerksomhet om saken.<\/p>\n\n<h5 class=\"wp-block-heading\">Har andre milj\u00f8saker g\u00e5tt dit?<\/h5>\n\n<p>Ja, det har v\u00e6rt milj\u00f8saker i EMD som for eksempel har handlet om mennesker som vil bli beskyttet mot lokal forurensning fra fabrikker.<\/p>\n\n<p>To klimasaker er n\u00e5 sendt til EMD: Portugisiske ungdommer som saks\u00f8ker 33 land for \u00e5 v\u00e6re medskyldig i klimaendringer som rammer deres hjem, og sveitsiske besteforeldre som saks\u00f8ker Sveits for \u00e5 ikke beskytte dem mot heteb\u00f8lger som f\u00f8lge av \u00f8kte temperaturer.<\/p>\n\n<h5 class=\"wp-block-heading\">Kommer min stemme faktisk til \u00e5 telle?<\/h5>\n\n<p>Vi sender ut denne invitasjonen til alle som har st\u00f8ttet arbeidet v\u00e5rt med underskrift p\u00e5 en kampanje, frivillig innsats eller penger. Som en av st\u00f8ttespillerne til Greenpeace har du bidratt direkte sakene vi jobber med. Derfor er det rimelig at du ogs\u00e5 skal f\u00e5 bestemme litt. N\u00e5r alle stemmene er talt opp tar vi en helhetsvurdering om vi skal klage inn saken til EMD eller ikke.&nbsp;<\/p>\n\n<h5 class=\"wp-block-heading\">Hvor kan jeg f\u00e5 mer informasjon?<\/h5>\n\n<p>Vi svarer gjerne p\u00e5 alle sp\u00f8rsm\u00e5l du m\u00e5tte ha. Du kan kontakte oss p\u00e5 <a href=\"mailto:info.no@greenpeace.org\">info.no@greenpeace.org<\/a><\/p>\n","protected":false},"excerpt":{"rendered":"<p>EMD er den Europeiske menneskerettighetsdomstolen. Domstolen er internasjonal og ligger i Strasbourg i Frankrike. Domstolen er en del av Europar\u00e5det.<\/p>\n","protected":false},"author":27,"featured_media":8477,"comment_status":"closed","ping_status":"open","sticky":false,"template":"","format":"standard","meta":{"ep_exclude_from_search":false,"p4_og_title":"","p4_og_description":"","p4_og_image":"","p4_og_image_id":"","p4_seo_canonical_url":"","p4_campaign_name":"not set","p4_local_project":"not set","p4_basket_name":"not set","p4_department":"","footnotes":""},"categories":[1],"tags":[23,90,69],"p4-page-type":[49],"class_list":["post-8473","post","type-post","status-publish","format-standard","has-post-thumbnail","hentry","category-klimaendringer","tag-klimaklagen","tag-klimarettssaker","tag-menneskerettigheter","p4-page-type-fakta"],"_links":{"self":[{"href":"https:\/\/www.greenpeace.org\/norway\/wp-json\/wp\/v2\/posts\/8473","targetHints":{"allow":["GET"]}}],"collection":[{"href":"https:\/\/www.greenpeace.org\/norway\/wp-json\/wp\/v2\/posts"}],"about":[{"href":"https:\/\/www.greenpeace.org\/norway\/wp-json\/wp\/v2\/types\/post"}],"author":[{"embeddable":true,"href":"https:\/\/www.greenpeace.org\/norway\/wp-json\/wp\/v2\/users\/27"}],"replies":[{"embeddable":true,"href":"https:\/\/www.greenpeace.org\/norway\/wp-json\/wp\/v2\/comments?post=8473"}],"version-history":[{"count":9,"href":"https:\/\/www.greenpeace.org\/norway\/wp-json\/wp\/v2\/posts\/8473\/revisions"}],"predecessor-version":[{"id":57894,"href":"https:\/\/www.greenpeace.org\/norway\/wp-json\/wp\/v2\/posts\/8473\/revisions\/57894"}],"wp:featuredmedia":[{"embeddable":true,"href":"https:\/\/www.greenpeace.org\/norway\/wp-json\/wp\/v2\/media\/8477"}],"wp:attachment":[{"href":"https:\/\/www.greenpeace.org\/norway\/wp-json\/wp\/v2\/media?parent=8473"}],"wp:term":[{"taxonomy":"category","embeddable":true,"href":"https:\/\/www.greenpeace.org\/norway\/wp-json\/wp\/v2\/categories?post=8473"},{"taxonomy":"post_tag","embeddable":true,"href":"https:\/\/www.greenpeace.org\/norway\/wp-json\/wp\/v2\/tags?post=8473"},{"taxonomy":"p4-page-type","embeddable":true,"href":"https:\/\/www.greenpeace.org\/norway\/wp-json\/wp\/v2\/p4-page-type?post=8473"}],"curies":[{"name":"wp","href":"https:\/\/api.w.org\/{rel}","templated":true}]}}