{"id":8489,"date":"2021-03-09T14:53:44","date_gmt":"2021-03-09T13:53:44","guid":{"rendered":"https:\/\/www.greenpeace.org\/norway\/?p=8489"},"modified":"2023-10-03T14:49:10","modified_gmt":"2023-10-03T13:49:10","slug":"folket-mot-olja-bli-med-og-bestem-veien-videre","status":"publish","type":"post","link":"https:\/\/www.greenpeace.org\/norway\/nyheter\/klimaendringer\/folket-mot-olja-bli-med-og-bestem-veien-videre\/","title":{"rendered":"Folket mot olja \u2013 bli med og bestem veien videre"},"content":{"rendered":"\n<figure class=\"wp-block-image size-large  caption-style-medium caption-alignment-center\"><img loading=\"lazy\" decoding=\"async\" width=\"1024\" height=\"768\" src=\"https:\/\/www.greenpeace.org\/static\/planet4-norway-stateless\/2021\/03\/6e8ced8f-folket-mot-olja-header-92.png\" alt=\"\" class=\"wp-image-8490\" srcset=\"https:\/\/www.greenpeace.org\/static\/planet4-norway-stateless\/2021\/03\/6e8ced8f-folket-mot-olja-header-92.png 1024w, https:\/\/www.greenpeace.org\/static\/planet4-norway-stateless\/2021\/03\/6e8ced8f-folket-mot-olja-header-92-300x225.png 300w, https:\/\/www.greenpeace.org\/static\/planet4-norway-stateless\/2021\/03\/6e8ced8f-folket-mot-olja-header-92-768x576.png 768w, https:\/\/www.greenpeace.org\/static\/planet4-norway-stateless\/2021\/03\/6e8ced8f-folket-mot-olja-header-92-453x340.png 453w\" sizes=\"auto, (max-width: 1024px) 100vw, 1024px\" \/><\/figure>\n\n<p><strong>Vi vil h\u00f8re din mening: Skal vi klage klimas\u00f8ksm\u00e5let inn til menneskerettighetsdomstolen?<\/strong><\/p>\n\n<p>Klimas\u00f8ksm\u00e5let har skapt historie etter flere \u00e5r i det norske rettsvesenet. Aldri f\u00f8r har milj\u00f8 blitt satt s\u00e5 h\u00f8yt p\u00e5 dagsorden i rettssalene. Vi har avdekket grove feil i norsk oljepolitikk og skapt enorm oppmerksomhet om hvor stort feilsteg oljeboring i Arktis er. Siden vi sammen med Natur og Ungdom leverte s\u00f8ksm\u00e5let i 2016, har <a href=\"https:\/\/www.greenpeace.org\/norway\/nyheter\/8060\/folket-vil-ikke-ha-oljeleting-i-arktis\/\">langt flere blitt enige<\/a> med oss i at olja i Arktis m\u00e5 bli liggende av hensyn til klima og natur.&nbsp;<\/p>\n\n<p>Dessverre gikk det ikke v\u00e5r vei i H\u00f8yesterett, og <strong>derfor har vi lyst \u00e5 ta kampen videre til den europeiske menneskerettighetsdomstolen.<\/strong> Det er en stor beslutning for oss \u00e5 ta, og derfor \u00f8nsker vi \u00e5 h\u00f8re din mening. St\u00f8tten og engasjementet ditt har v\u00e6rt avgj\u00f8rende for at vi har kunnet ta Norges mest forurensende industri til retten, og din mening om veien videre vil veie tungt n\u00e5r vi skal ta dette valget.<\/p>\n\n<p><strong>Hvorfor vil vi klage til menneskerettighetsdomstolen?<\/strong><\/p>\n\n<p>Gjennom klimas\u00f8ksm\u00e5let har vi vist hvordan norsk oljepolitikk og oljeboring i Arktis er i strid med v\u00e5re rettigheter til et levelig milj\u00f8. Selv om dommen i H\u00f8yesterett ikke ga oss rett, \u00e5pner den opp for at vi kan klage inn saken til menneskerettighetsdomstolen. Et viktig kriterium for \u00e5 slippe til der er at saken har v\u00e6rt gjennom hele det nasjonale rettsvesenet, som saken v\u00e5r har v\u00e6rt siden 2016. En slik mulighet til \u00e5 ta norsk oljepolitikk til menneskerettighetsdomstolen er sjelden, og vi vet at det haster stadig mer \u00e5 kutte utslipp og stanse leting etter mer olje og gass.&nbsp;<\/p>\n\n<p>Derfor er dette en unik mulighet til \u00e5 skape internasjonal oppmerksomhet om Norges dobbeltmoralske klimapolitikk. Vi tror vi har gode sjanser for \u00e5 f\u00e5 v\u00e5r sak tatt opp i domstolen, og p\u00e5 den m\u00e5ten kunne f\u00e5 Norge d\u00f8mt for brudd p\u00e5 menneskerettighetskonvensjonen. Dersom vi vinner kan det endre norsk oljepolitikk, og vi kan f\u00e5 stilt strengere klimakrav som bidrar til at s\u00e5rbare omr\u00e5der beskyttes mot risikabel oljeboring.&nbsp;<\/p>\n\n<p><strong>Utfordringer ved \u00e5 klage til menneskerettighetsdomstolen<\/strong><\/p>\n\n<p>Gjennom alle \u00e5rene klimas\u00f8ksm\u00e5let har p\u00e5g\u00e5tt, har vi jobbet med flere andre store og sm\u00e5 kampanjer i tillegg. Det vil vi selvsagt fortsette med. Vi jobber med vern av hav, mot avskoging og artstap, med mat og forbruk, plastforurensning, og flere andre ting. Vi jobber ogs\u00e5 med olje og klima p\u00e5 andre m\u00e5ter enn gjennom rettsvesenet, og i \u00e5r er en av prioriteringene v\u00e5re \u00e5 s\u00f8rge for at Stortingsvalget blir et klimavalg.<\/p>\n\n<p>En klage til menneskerettighetsdomstolen er en stor mulighet, men ogs\u00e5 en forpliktelse av tid og ressurser over potensielt flere \u00e5r, og det er derfor vi \u00f8nsker din mening om dette er en god prioritering for oss.<\/p>\n\n<p><strong>Mer informasjon<\/strong><\/p>\n\n<p>Vi vet at dette er et stort sp\u00f8rsm\u00e5l \u00e5 ta stilling til. Vi vil s\u00f8rge for at du har nok informasjon, slik at du vet hva du stemmer p\u00e5. Derfor har vi samlet et knippe sp\u00f8rsm\u00e5l og svar her. Hvis du har andre sp\u00f8rsm\u00e5l kan du kontakte Frode Pleym, leder i Greenpeace Norge, direkte p\u00e5 <a href=\"mailto:frode.pleym@greenpeace.org\">frode.pleym@greenpeace.org<\/a>.<\/p>\n\n<p><strong>Hva mener du?<\/strong><\/p>\n\n<p>Helt siden begynnelsen i 2016 har klimas\u00f8ksm\u00e5let v\u00e6rt folkets s\u00f8ksm\u00e5l mot staten Norge og en milj\u00f8skadelig oljepolitikk. N\u00e5 \u00f8nsker vi \u00e5 h\u00f8re hva du synes: Er du enig i at vi b\u00f8r klage inn saken til menneskerettighetsdomstolen, eller b\u00f8r vi prioritere \u00e5 jobbe enda mer med andre saker? Svaret ditt er anonymt, og vil veie tungt n\u00e5r vi bestemmer oss.<br><br><strong>Sp\u00f8rreunders\u00f8kelsen er anonym, og svarene er kun til intern bruk. Vi benytter oss av informasjonskapsler (cookies) for \u00e5 sikre at unders\u00f8kelsen ikke blir misbrukt og at den er sikker. Informasjonen fra informasjonskapselen vil ikke bli brukt i andre aktiviteter, kun for denne hensikten.<\/strong><\/p>\n\n<p>Dersom du har stemmerett skal du ha mottatt en e-post fra oss med en lenke til avstemningen. Hver lenke er unik og kan kun brukes en gang. Vi h\u00e5per du vil hjelpe oss! <\/p>\n\n<p>Avstemningen avsluttes 14. mars.<\/p>\n","protected":false},"excerpt":{"rendered":"<p>Vi vil h\u00f8re din mening: Skal vi klage klimas\u00f8ksm\u00e5let inn til menneskerettighetsdomstolen (EMD)? Vi tapte i H\u00f8yesterett. N\u00e5 har vi lyst \u00e5 ta kampen videre.<\/p>\n","protected":false},"author":27,"featured_media":8490,"comment_status":"closed","ping_status":"open","sticky":false,"template":"","format":"standard","meta":{"ep_exclude_from_search":false,"p4_og_title":"","p4_og_description":"","p4_og_image":"","p4_og_image_id":"","p4_seo_canonical_url":"","p4_campaign_name":"not set","p4_local_project":"not set","p4_basket_name":"not set","p4_department":"","footnotes":""},"categories":[1],"tags":[90,23,69],"p4-page-type":[16],"class_list":["post-8489","post","type-post","status-publish","format-standard","has-post-thumbnail","hentry","category-klimaendringer","tag-klimarettssaker","tag-klimaklagen","tag-menneskerettigheter","p4-page-type-nyheter"],"_links":{"self":[{"href":"https:\/\/www.greenpeace.org\/norway\/wp-json\/wp\/v2\/posts\/8489","targetHints":{"allow":["GET"]}}],"collection":[{"href":"https:\/\/www.greenpeace.org\/norway\/wp-json\/wp\/v2\/posts"}],"about":[{"href":"https:\/\/www.greenpeace.org\/norway\/wp-json\/wp\/v2\/types\/post"}],"author":[{"embeddable":true,"href":"https:\/\/www.greenpeace.org\/norway\/wp-json\/wp\/v2\/users\/27"}],"replies":[{"embeddable":true,"href":"https:\/\/www.greenpeace.org\/norway\/wp-json\/wp\/v2\/comments?post=8489"}],"version-history":[{"count":6,"href":"https:\/\/www.greenpeace.org\/norway\/wp-json\/wp\/v2\/posts\/8489\/revisions"}],"predecessor-version":[{"id":57908,"href":"https:\/\/www.greenpeace.org\/norway\/wp-json\/wp\/v2\/posts\/8489\/revisions\/57908"}],"wp:featuredmedia":[{"embeddable":true,"href":"https:\/\/www.greenpeace.org\/norway\/wp-json\/wp\/v2\/media\/8490"}],"wp:attachment":[{"href":"https:\/\/www.greenpeace.org\/norway\/wp-json\/wp\/v2\/media?parent=8489"}],"wp:term":[{"taxonomy":"category","embeddable":true,"href":"https:\/\/www.greenpeace.org\/norway\/wp-json\/wp\/v2\/categories?post=8489"},{"taxonomy":"post_tag","embeddable":true,"href":"https:\/\/www.greenpeace.org\/norway\/wp-json\/wp\/v2\/tags?post=8489"},{"taxonomy":"p4-page-type","embeddable":true,"href":"https:\/\/www.greenpeace.org\/norway\/wp-json\/wp\/v2\/p4-page-type?post=8489"}],"curies":[{"name":"wp","href":"https:\/\/api.w.org\/{rel}","templated":true}]}}