{"id":8695,"date":"2021-04-16T15:18:12","date_gmt":"2021-04-16T14:18:12","guid":{"rendered":"https:\/\/www.greenpeace.org\/norway\/?p=8695"},"modified":"2023-08-31T12:37:57","modified_gmt":"2023-08-31T11:37:57","slug":"arbeiderpartiet-ma-ga-i-bresjen-for-for-rettferdig-omstilling","status":"publish","type":"post","link":"https:\/\/www.greenpeace.org\/norway\/nyheter\/klimaendringer\/arbeiderpartiet-ma-ga-i-bresjen-for-for-rettferdig-omstilling\/","title":{"rendered":"Arbeiderpartiet m\u00e5 g\u00e5 i bresjen for for rettferdig omstilling"},"content":{"rendered":"\n<figure class=\"wp-block-image size-large  caption-alignment-center\"><img loading=\"lazy\" decoding=\"async\" width=\"1024\" height=\"683\" src=\"https:\/\/www.greenpeace.org\/static\/planet4-norway-stateless\/2021\/04\/519f9708-kjaere-folkevalgte-kutt-utslippene-1024x683.jpg\" alt=\"To Greenpeace-aktivister st\u00e5r i hvert sitt vindu p\u00e5 Grand Hotel i Oslo med et banner med teksten &quot;Kj\u00e6re folkevalgte, kutt utslippene&quot;\" class=\"wp-image-8698\" srcset=\"https:\/\/www.greenpeace.org\/static\/planet4-norway-stateless\/2021\/04\/519f9708-kjaere-folkevalgte-kutt-utslippene-1024x683.jpg 1024w, https:\/\/www.greenpeace.org\/static\/planet4-norway-stateless\/2021\/04\/519f9708-kjaere-folkevalgte-kutt-utslippene-300x200.jpg 300w, https:\/\/www.greenpeace.org\/static\/planet4-norway-stateless\/2021\/04\/519f9708-kjaere-folkevalgte-kutt-utslippene-768x512.jpg 768w, https:\/\/www.greenpeace.org\/static\/planet4-norway-stateless\/2021\/04\/519f9708-kjaere-folkevalgte-kutt-utslippene-1536x1024.jpg 1536w, https:\/\/www.greenpeace.org\/static\/planet4-norway-stateless\/2021\/04\/519f9708-kjaere-folkevalgte-kutt-utslippene-510x340.jpg 510w, https:\/\/www.greenpeace.org\/static\/planet4-norway-stateless\/2021\/04\/519f9708-kjaere-folkevalgte-kutt-utslippene.jpg 2048w\" sizes=\"auto, (max-width: 1024px) 100vw, 1024px\" \/><figcaption class=\"wp-element-caption\">Sp\u00f8rsm\u00e5let n\u00e5r Ap samler seg til digitalt landsm\u00f8te til helgen, er om partiet er beredt p\u00e5 \u00e5 fatte klimavedtak som monner. Foto: Johanna Hanno\/Greenpeace<\/figcaption><\/figure>\n\n<p>Arbeiderpartiet og Norge st\u00e5r ved et veiskille. Skal vi n\u00e5 klimam\u00e5lene, er \u00e5rene fram mot 2030 helt avgj\u00f8rende. I den neste stortingsperioden legges grunnlaget for om vi skal innfri Norges klimaforpliktelse, som er \u00e5 kutte minst 50 prosent av norske utslipp, eller 55 prosent, som Arbeiderpartiet g\u00e5r til valg p\u00e5.<\/p>\n\n<p>Aps forsterkede m\u00e5l er bra, men gode m\u00e5l kutter ikke utslipp. M\u00e5lene m\u00e5 f\u00f8lges opp med praktisk politikk, hvor forurenser betaler, og alle sektorene bidrar til utslippskutt, inkludert oljeindustrien. Sp\u00f8rsm\u00e5let n\u00e5r Ap er samlet til digitalt landsm\u00f8te, er om partiet er beredt p\u00e5 \u00e5 fatte vedtak som monner. Da kommer vi ikke utenom at statens risiko i nye oljeprosjekter m\u00e5 reduseres. T\u00f8r partiet \u00e5 si nei til oljeutvinning i s\u00e5rbare omr\u00e5der, inkludert den mye debatterte iskantsonen?<\/p>\n\n<h2 class=\"wp-block-heading\">Ap m\u00e5 t\u00f8rre \u00e5 f\u00f8re en mer progressiv klimapolitikk<\/h2>\n\n<p>Flere pekte p\u00e5 Arbeiderpartiets manglende troverdighet p\u00e5 klima- og milj\u00f8sp\u00f8rsm\u00e5l etter et skuffende valg i 2017. Siden den gang har flere ting skjedd. P\u00e5 landsm\u00f8tet i 2019 fattet Ap et historisk vedtak om \u00e5 holde matfatet i Lofoten, Vester\u00e5len og Senja oljefritt. V\u00e5ren og h\u00f8sten samme \u00e5r skyllet ogs\u00e5 en b\u00f8lge av frustrerte klimastreikere over verden. I Norge samlet tusenvis av streikende ungdom seg om flere krav, deriblant stans i utdelingen av nye oljelisenser. Titusenvis av ungdommer som streiket for klimaet i 2019 har blitt gamle nok til \u00e5 f\u00e5 stemmerett ved h\u00f8stens valg. Hvordan vil det p\u00e5virke beslutningene p\u00e5 Aps landsm\u00f8te?<\/p>\n\n<p>Skal Ap vise at de tar klimastreikerne og kommende generasjoner p\u00e5 alvor, m\u00e5 partiet som et minimum st\u00f8tte et kompromiss om stans i nye oljelisenser i den \u00f8kologisk viktige iskantsonen. Et mindretall i Aps programkomit\u00e9 har g\u00e5tt inn for \u00e5 endre kompromisset om iskanten, som er det grelleste eksemplet p\u00e5 politisk hestehandel p\u00e5 lang tid. Ny kunnskap om hvordan \u00f8kosystemet i iskantsonen henger sammen gjorde at statens egne milj\u00f8faglige r\u00e5d anbefalte en definisjon av iskantsonen ved 0,5 prosent isfrekvens. Oljeindustrien ville det annerledes, og fikk definert iskantsonen ved 15 prosent isfrekvens, stikk i strid med forskernes anbefalinger.&nbsp;<\/p>\n\n<p>Om Ap snur i sp\u00f8rsm\u00e5let om iskantsonen, vil det sende et tydelig signal om at partiet setter folk, fisk og omstilling foran oljeindustriens s\u00e6rinteresser. Da slaget om et oljefritt Lofoten, Vester\u00e5len og Senja endelig ble vunnet, var det en seier for et flertall i befolkningen. Vi ser det samme i sp\u00f8rsm\u00e5l om oljeutvinning i Arktis. En sp\u00f8rreunders\u00f8kelse Respons analyse gjennomf\u00f8rte p\u00e5 oppdrag fra Greenpeace rett f\u00f8r jul, viste at et flertall av Norges befolkning er imot oljeutvinning i Arktis. Det flertallet h\u00e5per og tror vi at Aps landsm\u00f8te vil lytte til.<\/p>\n\n<h2 class=\"wp-block-heading\">Oljeoptimismen for nord har snudd<\/h2>\n\n<p>Vi skal ikke mange \u00e5rene tilbake f\u00f8r det r\u00e5det en hallelujastemning for et oljeeventyr i nord. I 2015 s\u00f8kte 26 oljeselskaper om oljelisenser i nord gjennom 23. konsesjonsrunde. Siden har optimismen stilnet. Manglende funn, strammere klimapolitikk og prisfall p\u00e5 fornybar energi og elbiler har hatt sitt \u00e5 si.&nbsp;<\/p>\n\n<p>Bare sju selskaper meldte sin interesse da regjeringen i \u00e5r lyste ut 25. konsesjonsrunde. Kanskje har oljeselskapene selv skj\u00f8nt at framtiden ikke ligger i olje fra umodne omr\u00e5der i nord?<\/p>\n\n<p>Sikkert er det i alle fall at Ap m\u00e5 ta disse tegnene p\u00e5 alvor. Oljen\u00e6ringa er en n\u00e6ring som naturlig vil bli mindre viktig for norsk \u00f8konomi i \u00e5rene framover. Den utviklingen m\u00e5 f\u00f8lges opp med en politikk hvor staten tar mindre risiko i nye oljeprosjekter, og samtidig leder vei p\u00e5 klima. Den statlige risikokapitalen m\u00e5vendes mot en gr\u00f8nn og rettferdig omstilling, slik at vi for eksempel henger med p\u00e5 utviklingen av havvind. Norge har flere unike fortrinn for \u00e5 skape industrieventyr innen b\u00e5de havvind og gr\u00f8nn skipsfart. Men det toget er i ferd med \u00e5 g\u00e5. Uten Aps st\u00f8tte risikerer vi at det ikke vil v\u00e6re fornybare n\u00e6ringer \u00e5 omstille oljearbeiderne til. Vi vil derfor oppfordre Aps landsm\u00f8te om \u00e5 komme seg til perrongen. Med i bagasjen m\u00e5 det ligge et nei til ny oljeutvinning i iskantsonen og andre s\u00e5rbare omr\u00e5der, en gjennomgang av oljepolitikken med m\u00e5l om \u00e5 redusere statens risiko i nye oljeprosjekter og en plan for \u00e5 omstille landet til en fornybar framtid.&nbsp;<\/p>\n","protected":false},"excerpt":{"rendered":"<p>Arbeiderpartiet og Norge st\u00e5r ved et veiskille. I den neste stortingsperioden legges grunnlaget for om vi skal innfri Norges klimaforpliktelse.<\/p>\n","protected":false},"author":27,"featured_media":8698,"comment_status":"closed","ping_status":"open","sticky":false,"template":"","format":"standard","meta":{"ep_exclude_from_search":false,"p4_og_title":"Klimam\u00e5l: Ap og Norge ved et veiskille","p4_og_description":"","p4_og_image":"","p4_og_image_id":"","p4_seo_canonical_url":"","p4_campaign_name":"not set","p4_local_project":"not set","p4_basket_name":"not set","p4_department":"","footnotes":""},"categories":[1],"tags":[25,29],"p4-page-type":[16],"class_list":["post-8695","post","type-post","status-publish","format-standard","has-post-thumbnail","hentry","category-klimaendringer","tag-losninger","tag-fossilenergi","p4-page-type-nyheter"],"_links":{"self":[{"href":"https:\/\/www.greenpeace.org\/norway\/wp-json\/wp\/v2\/posts\/8695","targetHints":{"allow":["GET"]}}],"collection":[{"href":"https:\/\/www.greenpeace.org\/norway\/wp-json\/wp\/v2\/posts"}],"about":[{"href":"https:\/\/www.greenpeace.org\/norway\/wp-json\/wp\/v2\/types\/post"}],"author":[{"embeddable":true,"href":"https:\/\/www.greenpeace.org\/norway\/wp-json\/wp\/v2\/users\/27"}],"replies":[{"embeddable":true,"href":"https:\/\/www.greenpeace.org\/norway\/wp-json\/wp\/v2\/comments?post=8695"}],"version-history":[{"count":6,"href":"https:\/\/www.greenpeace.org\/norway\/wp-json\/wp\/v2\/posts\/8695\/revisions"}],"predecessor-version":[{"id":57518,"href":"https:\/\/www.greenpeace.org\/norway\/wp-json\/wp\/v2\/posts\/8695\/revisions\/57518"}],"wp:featuredmedia":[{"embeddable":true,"href":"https:\/\/www.greenpeace.org\/norway\/wp-json\/wp\/v2\/media\/8698"}],"wp:attachment":[{"href":"https:\/\/www.greenpeace.org\/norway\/wp-json\/wp\/v2\/media?parent=8695"}],"wp:term":[{"taxonomy":"category","embeddable":true,"href":"https:\/\/www.greenpeace.org\/norway\/wp-json\/wp\/v2\/categories?post=8695"},{"taxonomy":"post_tag","embeddable":true,"href":"https:\/\/www.greenpeace.org\/norway\/wp-json\/wp\/v2\/tags?post=8695"},{"taxonomy":"p4-page-type","embeddable":true,"href":"https:\/\/www.greenpeace.org\/norway\/wp-json\/wp\/v2\/p4-page-type?post=8695"}],"curies":[{"name":"wp","href":"https:\/\/api.w.org\/{rel}","templated":true}]}}