{"id":1020,"date":"2013-07-17T00:00:00","date_gmt":"2013-07-16T22:00:00","guid":{"rendered":"https:\/\/master.k8s.p4.greenpeace.org\/poland\/article\/1020\/kolejny-pestycyd-szkodliwy-dla-pszczol-zakazany-w-ue\/"},"modified":"2019-11-06T11:06:04","modified_gmt":"2019-11-06T09:06:04","slug":"kolejny-pestycyd-szkodliwy-dla-pszczol-zakazany-w-ue","status":"publish","type":"post","link":"https:\/\/www.greenpeace.org\/poland\/aktualnosci\/1020\/kolejny-pestycyd-szkodliwy-dla-pszczol-zakazany-w-ue\/","title":{"rendered":"Kolejny pestycyd szkodliwy dla pszcz\u00f3\u0142 zakazany w UE"},"content":{"rendered":"<div class=\"leader\" style=\"font-weight: bold;margin-bottom: 12px\">\tWi\u0119kszo\u015b\u0107 kraj\u00f3w cz\u0142onkowskich Unii Europejskiej popar\u0142a propozycj\u0119 Komisji Europejskiej, dotycz\u0105c\u0105 wprowadzenia zakazu stosowania w rolnictwie kolejnego pestycydu szkodliwego dla pszcz\u00f3\u0142 i innych owad\u00f3w zapylaj\u0105cych.<\/div>\n<div>\n<p><img loading=\"lazy\" decoding=\"async\" src=\"https:\/\/www.greenpeace.org\/static\/planet4-poland-stateless\/2019\/06\/7457a92f-7457a92f-hope.jpg\" alt=\"\" width=\"600\" height=\"600\"><\/p>\n<p>Podczas wczorajszego g\u0142osowania w Brukseli na posiedzeniu Sta\u0142ego Komitetu ds. \u0141a\u0144cucha \u017bywno\u015bciowego i Zdrowia Zwierz\u0105t zosta\u0142a przyj\u0119ta propozycja Komisji Europejskiej zak\u0142adaj\u0105ca czasowy (dwuletni) zakaz stosowania Fipronilu, pestycydu, kt\u00f3ry zosta\u0142 zidentyfikowany jako jeden z 7 najbardziej niebezpiecznych dla owad\u00f3w zapylaj\u0105cych. Za wprowadzeniem zakazu g\u0142osowa\u0142a zdecydowana wi\u0119kszo\u015b\u0107 kraj\u00f3w cz\u0142onkowskich, w tym Polska. Rozk\u0142ad g\u0142os\u00f3w wygl\u0105da\u0142 nast\u0119puj\u0105co: 23 kraje g\u0142osowa\u0142o za zakazem, 2 przeciw (Rumunia i Hiszpania) i 3 wstrzyma\u0142y si\u0119 od g\u0142osu (Wielka Brytania, Czechy, S\u0142owacja).<\/p>\n<p><em>\u201eGreenpeace z zadowoleniem przyj\u0105\u0142 wynik dzisiejszego g\u0142osowania. Nale\u017cy jednak pami\u0119ta\u0107, \u017ce tych substancji jest wi\u0119cej, a zakaz jest tymczasowy. Jest to wi\u0119c z pewno\u015bci\u0105 krok w dobrym kierunku, ale by ochroni\u0107 europejskie pszczo\u0142y przed wymieraniem i da\u0107 szans\u0119 na przetrwanie rolnikom, dla kt\u00f3rych pszczo\u0142y s\u0105 niezb\u0119dne do zapylania ro\u015blin, potrzeba bardziej zdecydowanych dzia\u0142a\u0144. Tylko pe\u0142ny i d\u0142ugoterminowy zakaz stosowania wszystkich pestycyd\u00f3w szkodliwych dla owad\u00f3w zapylaj\u0105cych przyniesie po\u017c\u0105dany skutek. Jeste\u015bmy te\u017c zadowoleni ze stanowiska Polski. Ministerstwo Rolnictwa ju\u017c kolejny raz konsekwentnie g\u0142osuje za ochron\u0105 pszcz\u00f3\u0142\u201d &#8211; m\u00f3wi Katarzyna Jagie\u0142\u0142o, koordynatorka kampanii \u201eZr\u00f3wnowa\u017cone Rolnictwo\u201d w polskim Greenpeace.<\/em><\/p>\n<p>Europejski Urz\u0105d ds. Bezpiecze\u0144stwa \u017bywno\u015bci (EFSA \u2013 Europen Food Safety Authority) w opracowaniu naukowym przygotowanym w maju br. wskaza\u0142, \u017ce Fipronil produkowany przez niemieck\u0105 firm\u0119 BASF stanowi \u201eznacz\u0105ce zagro\u017cenie dla pszcz\u00f3\u0142 miodnych, w przypadku stosowania go do zaprawiania ziaren kukurydzy\u201d. Trzy inne, szkodliwe dla owad\u00f3w zapylaj\u0105cych pestycydy zosta\u0142y ju\u017c cz\u0119\u015bciowo zakazane w UE przed dwoma miesi\u0105cami, tak\u017ce po publikacji innego raportu EFSA [3] i g\u0142osowaniu na posiedzeniu Sta\u0142ego Komitetu ds. \u0141a\u0144cucha \u017bywno\u015bciowego i Zdrowia Zwierz\u0105t. Stosowanie Fipronilu jest ju\u017c zabronione w wi\u0119kszo\u015bci kraj\u00f3w unijnych.<\/p>\n<p>Zaproponowany przez Komisj\u0119 zakaz nie jest ca\u0142kowicie szczelny, albowiem zawiera mo\u017cliwo\u015b\u0107 wykorzystania Fipronilu w uprawach polowych ro\u015blin \u015bcinanych przed zakwitni\u0119ciem: pora, cebuli zwyczajnej, cebuli szalotki i warzyw kapustnych oraz do zaprawiania nasion ro\u015blin szklarniowych.<\/p>\n<p><em>\u201eDowody na szkodliwo\u015b\u0107 Fipronilu, zgromadzone w przygotowanym przez Europejski Urz\u0105d ds. Bezpiecze\u0144stwa \u017bywno\u015bci raporcie, wskazuj\u0105 niezbicie na konieczno\u015b\u0107 odwo\u0142ania si\u0119 do zasady ostro\u017cno\u015bci i wprowadzenia pe\u0142nego zakazu stosowania tego zab\u00f3jczego dla pszcz\u00f3\u0142 pestycydu. Wprawdzie wiele kraj\u00f3w Unii wprowadzi\u0142o zakaz stosowania Fipronilu ju\u017c wcze\u015bniej, jednak nale\u017cy pami\u0119ta\u0107, \u017ce owad\u00f3w nie obowi\u0105zuj\u0105 granice pa\u0144stwowe. Aby powstrzyma\u0107 spadki populacji pszcz\u00f3\u0142, niezb\u0119dne jest, aby Komisja wprowadzi\u0142a ca\u0142kowity zakaz stosowania Fipronilu oraz niezw\u0142ocznie przyst\u0105pi\u0142a do stworzenia kompleksowego planu powstrzymania prawdziwej wojny chemicznej toczonej przeciwko owadom zapylaj\u0105cym, a w\u015br\u00f3d nich \u2013 pszczo\u0142om\u201d, dodaje Jagie\u0142\u0142o.<\/em><\/p>\n<p>W opublikowanym w kwietniu tego roku raporcie dotycz\u0105cym szkodliwych dla europejskich pszcz\u00f3\u0142 pestycyd\u00f3w, Greenpeace wymienia siedem szczeg\u00f3lnie szkodliwych. Fipronil znajduje si\u0119 na tej li\u015bcie. Pszczo\u0142y miodne i inne owady zapylaj\u0105ce odgrywaj\u0105 kluczow\u0105 rol\u0119 w produkcji \u017cywno\u015bci. Jedna trzecia produkcji \u017cywno\u015bci na \u015bwiecie jest bezpo\u015brednio uzale\u017cniona od procesu zapylania przez pszczo\u0142y i inne zwierz\u0119ta. W opinii Greenpeace jedynie stosowanie praktyk rolnictwa ekologicznego, na przyk\u0142ad rotacji upraw i naturalnych metod kontroli szkodnik\u00f3w, jest w stanie powstrzyma\u0107 niebezpiecze\u0144stwo, jakie stanowi\u0105 dla pszcz\u00f3\u0142 pestycydy i inne \u015brodki chemiczne wykorzystywane w rolnictwie.<\/p>\n<\/div>\n","protected":false},"excerpt":{"rendered":"<div>\n\tWi\u0119kszo\u015b\u0107 kraj\u00f3w cz\u0142onkowskich Unii Europejskiej popar\u0142a propozycj\u0119 Komisji Europejskiej, dotycz\u0105c\u0105 wprowadzenia zakazu stosowania w rolnictwie kolejnego pestycydu szkodliwego dla pszcz\u00f3\u0142 i innych owad\u00f3w zapylaj\u0105cych.\n<\/div>\n","protected":false},"author":28,"featured_media":1021,"comment_status":"closed","ping_status":"closed","sticky":false,"template":"","format":"standard","meta":{"ep_exclude_from_search":false,"p4_og_title":"","p4_og_description":"","p4_og_image":"","p4_og_image_id":"","p4_seo_canonical_url":"","p4_campaign_name":"","p4_local_project":"","p4_basket_name":"","p4_department":"","footnotes":""},"categories":[4],"tags":[28,27],"p4-page-type":[14],"class_list":["post-1020","post","type-post","status-publish","format-standard","has-post-thumbnail","hentry","category-rolnictwo","tag-pszczoly","tag-rolnictwo","p4-page-type-aktualnosci"],"_links":{"self":[{"href":"https:\/\/www.greenpeace.org\/poland\/wp-json\/wp\/v2\/posts\/1020","targetHints":{"allow":["GET"]}}],"collection":[{"href":"https:\/\/www.greenpeace.org\/poland\/wp-json\/wp\/v2\/posts"}],"about":[{"href":"https:\/\/www.greenpeace.org\/poland\/wp-json\/wp\/v2\/types\/post"}],"author":[{"embeddable":true,"href":"https:\/\/www.greenpeace.org\/poland\/wp-json\/wp\/v2\/users\/28"}],"replies":[{"embeddable":true,"href":"https:\/\/www.greenpeace.org\/poland\/wp-json\/wp\/v2\/comments?post=1020"}],"version-history":[{"count":1,"href":"https:\/\/www.greenpeace.org\/poland\/wp-json\/wp\/v2\/posts\/1020\/revisions"}],"predecessor-version":[{"id":1022,"href":"https:\/\/www.greenpeace.org\/poland\/wp-json\/wp\/v2\/posts\/1020\/revisions\/1022"}],"wp:featuredmedia":[{"embeddable":true,"href":"https:\/\/www.greenpeace.org\/poland\/wp-json\/wp\/v2\/media\/1021"}],"wp:attachment":[{"href":"https:\/\/www.greenpeace.org\/poland\/wp-json\/wp\/v2\/media?parent=1020"}],"wp:term":[{"taxonomy":"category","embeddable":true,"href":"https:\/\/www.greenpeace.org\/poland\/wp-json\/wp\/v2\/categories?post=1020"},{"taxonomy":"post_tag","embeddable":true,"href":"https:\/\/www.greenpeace.org\/poland\/wp-json\/wp\/v2\/tags?post=1020"},{"taxonomy":"p4-page-type","embeddable":true,"href":"https:\/\/www.greenpeace.org\/poland\/wp-json\/wp\/v2\/p4-page-type?post=1020"}],"curies":[{"name":"wp","href":"https:\/\/api.w.org\/{rel}","templated":true}]}}