{"id":1137,"date":"2011-02-14T00:00:00","date_gmt":"2011-02-13T22:00:00","guid":{"rendered":"https:\/\/master.k8s.p4.greenpeace.org\/poland\/article\/1137\/rabia-nas-na-puszczy-green-gazeta-blog\/"},"modified":"2019-11-06T11:06:13","modified_gmt":"2019-11-06T09:06:13","slug":"rabia-nas-na-puszczy-green-gazeta-blog","status":"publish","type":"post","link":"https:\/\/www.greenpeace.org\/poland\/aktualnosci\/1137\/rabia-nas-na-puszczy-green-gazeta-blog\/","title":{"rendered":"R\u0105bi\u0105 nas na Puszczy | GREEN Gazeta &#038; Blog"},"content":{"rendered":"<div class=\"leader\" style=\"font-weight: bold;margin-bottom: 12px\">\tWiekowe drzewa nadal wycinane s\u0105 w pie\u0144. Dzieje si\u0119 tak wbrew dotychczasowym zapewnieniom Ministra \u015arodowiska o zwi\u0119kszeniu ochrony Puszczy. Nie b\u0119d\u0119 d\u0142u\u017cej zachodzi\u0142 w g\u0142ow\u0119, o co w tym wszystkim chodzi. Pakuj\u0119 plecak i ruszam do Bia\u0142owie\u017cy.<\/div>\n<div>\n<div class=\"events-box small-box left\">\n<div class=\"frame\">        <a class=\"open-img EnlargeImage\" href=\"https:\/\/www.greenpeace.org\/static\/planet4-poland-stateless\/2019\/06\/3f82d44b-3f82d44b-walentynka-do-ministra.jpg\" title=\"\">            <img decoding=\"async\" id=\"ctl00_cphContentArea_Property3_ctl00_ctl02_Image1\" class=\"Thumbnail\" src=\"https:\/\/www.greenpeace.org\/static\/planet4-poland-stateless\/2019\/06\/3f82d44b-3f82d44b-walentynka-do-ministra.jpg\" alt=\"\" style=\"border-width:0px;\"><\/p>\n<p>        <\/a>    <\/div>\n<div class=\"events-content no-title\" style=\"display:none\">        <span class=\"date\"><\/span>        <strong><\/strong><\/p>\n<p>            Walentynka do Ministra        <\/p>\n<\/p>\n<\/div>\n<\/div>\n<p>W sierpniu ubieg\u0142ego roku aktywi\u015bci Greenpeace wdrapali si\u0119 na budynek Ministerstwa \u015arodowiska, \u017ceby upomnie\u0107 si\u0119 o Puszcz\u0119 Bia\u0142owiesk\u0105. Kiedy w pe\u0142nym s\u0142o\u0144cu transparent \u201eI love Puszcza\u201d zdobi\u0142 fasad\u0119 ministerialnego gmachu,  \u015bwiat\u0142o dzienne ujrza\u0142y zasady ochrony przyrody na terenie le\u015bnego kompleksu Puszczy Bia\u0142owieskiej. Rok wcze\u015bniej, na pro\u015bb\u0119 samego ministra, przygotowa\u0142 je zesp\u00f3\u0142 ekspert\u00f3w i przyrodnik\u00f3w pod kierunkiem prof. Tomasza Weso\u0142owskiego. <\/p>\n<p> Na skutek protestu minister \u015brodowiska si\u0119gn\u0105\u0142 do szuflady po ten dokument i sprawa zdawa\u0142a si\u0119 by\u0107 za\u0142atwiona.  Z ust ministra Kraszewskiego pad\u0142o publiczne zapewnienie o  przesuni\u0119ciu planowanego wyr\u0119bu poza naturalne obszary Puszczy. Kilka miesi\u0119cy p\u00f3\u017aniej dowiedzieli\u015bmy si\u0119, \u017ce ta obietnica od pocz\u0105tku by\u0142a niemo\u017cliwa do spe\u0142nienia przed ko\u0144cem 2010r. Powodem by\u0142y zawarte wcze\u015bniej kontrakty na sprzeda\u017c drewna, kt\u00f3rych zerwanie oznacza\u0142oby strat\u0119 kilkuset tysi\u0119cy z\u0142otych. <\/p>\n<p> Jak dla mnie to niewielka cena zachowania naturalnie odradzaj\u0105cych si\u0119 fragment\u00f3w pradawnej Puszczy. Zanim jednak zd\u0105\u017cyli\u015bmy podj\u0105\u0107 jak\u0105kolwiek polemik\u0119, ministerstwo na specjalnej konferencji prasowej o\u015bwiadczy\u0142o: Zmniejszone pozyskanie drewna w 2011 r. wyniesie ok. 48,5 tys. m3 (dla por\u00f3wnania w roku 2010 \u2013 83 tys. m3 (o 20 proc. ni\u017csze ni\u017c w roku poprzednim), 2009 \u2013 102 tys. m3). Ci\u0119cia przesuni\u0119te zostan\u0105 poza tereny najcenniejsze przyrodniczo. Limit ten pozwoli wed\u0142ug danych Las\u00f3w Pa\u0144stwowych na zaspokojenie potrzeb lokalnych mieszka\u0144c\u00f3w na drewno opa\u0142owe oraz drewno dla zak\u0142ad\u00f3w  rzemie\u015blniczych. <\/p>\n<p> Nie b\u0119dzie natomiast mo\u017cliwe pozyskiwanie drewna z Puszczy Bia\u0142owieskiej dla cel\u00f3w przemys\u0142owych, komercyjnych. Powia\u0142o optymizmem, ale niestety tylko na moment. Znaj\u0105c m\u0105dro\u015b\u0107 przys\u0142owia, \u017ce diabe\u0142 tkwi w szczeg\u00f3\u0142ach, poprosili\u015bmy ministra o spotkanie \u017ceby ustali\u0107 co wed\u0142ug niego oznaczaj\u0105 \u201etereny cenne przyrodniczo\u201d. I tutaj zacz\u0119\u0142y si\u0119 prawdziwe schody. <\/p>\n<p> Ku naszemu zdziwieniu kryteria wybra\u0142 wiceminister Janusz Zaleski, z zawodu le\u015bnik, kt\u00f3ry jak mniemam nie widzia\u0142 powod\u00f3w \u017ceby konsultowa\u0107 je z przyrodnikami. Wprawdzie le\u015bnik mo\u017ce by\u0107 przyrodnikiem, ale w przypadku wiceministra Zaleskiego mam spore w\u0105tpliwo\u015bci \u017ce tak w istocie jest. Szczeg\u00f3lnie, \u017ce skutki jego autorytarnej decyzji poznali\u015bmy pod koniec zesz\u0142ego tygodnia. Jak si\u0119 okaza\u0142o, planowana i realizowana wycinka drzew wkroczy\u0142a do ostoi dzikiej i pi\u0119knej przyrody, o czym mo\u017cecie przeczyta\u0107 w <a href=\"http:\/\/www.greenpeace.org\/poland\/Templates\/Planet3\/Pages\/DetailPage.aspx?epslanguage=pl-PL\">apelu do Ministra Kraszewskiego.<\/a> <\/p>\n<p> Nie wiem o co w tym wszystkim chodzi. Kto i dlaczego nami manipuluje. Powiem wi\u0119cej, nie mam ochoty d\u0142u\u017cej si\u0119 nad tym zastanawia\u0107. Fakty m\u00f3wi\u0105 same za siebie. Z ka\u017cdym dniem pracy wiceministra Zaleskiego \u2013 osoby bezpo\u015brednio odpowiedzialnej za polsk\u0105 przyrod\u0119 &#8211; gin\u0105 bezpowrotnie pi\u0119kne fragmenty Puszczy.  Dlatego te\u017c pakuj\u0119 plecak i ruszam do Puszczy. Zabieram ze sob\u0105 ciep\u0142e rzeczy, mapy topograficzne, dane przyrodnicze i komputer \u2013 wszystko to, co \u2013 mam nadziej\u0119 &#8211; pomo\u017ce mi przekona\u0107 udokumentowa\u0107 wszystko co si\u0119 tam dzieje. A na wypadek gdyby trwa\u0142 wyr\u0105b starych drzew i m\u00f3j pobyt w Puszczy mia\u0142 si\u0119 przed\u0142u\u017cy\u0107, wezm\u0119 r\u00f3wnie\u017c ze sob\u0105 namiot. \u0141a\u0144cuchy nie b\u0119d\u0105 mi potrzebne\u2026 przecie\u017c jest 14 Lutego i nawet minister Kraszewski mo\u017ce spodziewa\u0107 si\u0119 swojej <a href=\"http:\/\/www.greenpeace.org\/poland\/dzialaj-teraz\/walentynki-z-puszcza\">kartki walentynkowej&#8230;<\/a> \ud83d\ude09<\/p>\n<h3>Podyskutuj na facebook<\/h3>\n<p><a href=\"http:\/\/greenpeace.pl\/1-procent\/\">Do\u0142\u0105cz do tysi\u0119cy fan\u00f3w Greenpeace na facebook. Z nami porozmawiasz na ka\u017cdy zielony temat&#8230;<\/a><\/p>\n<h3>Pom\u00f3\u017c nam 1% podatku<\/h3>\n<p><a href=\"http:\/\/greenpeace.pl\/1-procent\/\">Greenpeace nie przyjmuje dotacji od rz\u0105d\u00f3w, parti politycznych i korporacji. Dlatego Tw\u00f3j 1% podatku ma dla nas tak du\u017ce znaczenie!<\/a><\/p>\n<\/div>\n","protected":false},"excerpt":{"rendered":"<div>\n\tWiekowe drzewa nadal wycinane s\u0105 w pie\u0144. Dzieje si\u0119 tak wbrew dotychczasowym zapewnieniom Ministra \u015arodowiska o zwi\u0119kszeniu ochrony Puszczy. Nie b\u0119d\u0119 d\u0142u\u017cej zachodzi\u0142 w g\u0142ow\u0119, o co w tym wszystkim chodzi. Pakuj\u0119 plecak i ruszam do Bia\u0142owie\u017cy.\n<\/div>\n","protected":false},"author":28,"featured_media":1138,"comment_status":"closed","ping_status":"closed","sticky":false,"template":"","format":"standard","meta":{"ep_exclude_from_search":false,"p4_og_title":"","p4_og_description":"","p4_og_image":"","p4_og_image_id":"","p4_seo_canonical_url":"","p4_campaign_name":"","p4_local_project":"","p4_basket_name":"","p4_department":"","footnotes":""},"categories":[3],"tags":[22,19],"p4-page-type":[14],"class_list":["post-1137","post","type-post","status-publish","format-standard","has-post-thumbnail","hentry","category-przyroda","tag-puszcza-bialowieska","tag-lasy","p4-page-type-aktualnosci"],"_links":{"self":[{"href":"https:\/\/www.greenpeace.org\/poland\/wp-json\/wp\/v2\/posts\/1137","targetHints":{"allow":["GET"]}}],"collection":[{"href":"https:\/\/www.greenpeace.org\/poland\/wp-json\/wp\/v2\/posts"}],"about":[{"href":"https:\/\/www.greenpeace.org\/poland\/wp-json\/wp\/v2\/types\/post"}],"author":[{"embeddable":true,"href":"https:\/\/www.greenpeace.org\/poland\/wp-json\/wp\/v2\/users\/28"}],"replies":[{"embeddable":true,"href":"https:\/\/www.greenpeace.org\/poland\/wp-json\/wp\/v2\/comments?post=1137"}],"version-history":[{"count":1,"href":"https:\/\/www.greenpeace.org\/poland\/wp-json\/wp\/v2\/posts\/1137\/revisions"}],"predecessor-version":[{"id":1139,"href":"https:\/\/www.greenpeace.org\/poland\/wp-json\/wp\/v2\/posts\/1137\/revisions\/1139"}],"wp:featuredmedia":[{"embeddable":true,"href":"https:\/\/www.greenpeace.org\/poland\/wp-json\/wp\/v2\/media\/1138"}],"wp:attachment":[{"href":"https:\/\/www.greenpeace.org\/poland\/wp-json\/wp\/v2\/media?parent=1137"}],"wp:term":[{"taxonomy":"category","embeddable":true,"href":"https:\/\/www.greenpeace.org\/poland\/wp-json\/wp\/v2\/categories?post=1137"},{"taxonomy":"post_tag","embeddable":true,"href":"https:\/\/www.greenpeace.org\/poland\/wp-json\/wp\/v2\/tags?post=1137"},{"taxonomy":"p4-page-type","embeddable":true,"href":"https:\/\/www.greenpeace.org\/poland\/wp-json\/wp\/v2\/p4-page-type?post=1137"}],"curies":[{"name":"wp","href":"https:\/\/api.w.org\/{rel}","templated":true}]}}