{"id":1156,"date":"2015-12-08T00:00:00","date_gmt":"2015-12-07T22:00:00","guid":{"rendered":"https:\/\/master.k8s.p4.greenpeace.org\/poland\/article\/1156\/puszcza-zagrozona-czy-minister-szyszko-zmieni-puszcze-bialowieska-w-zwykla-plantacje-drzew\/"},"modified":"2019-11-06T11:05:43","modified_gmt":"2019-11-06T09:05:43","slug":"puszcza-zagrozona-czy-minister-szyszko-zmieni-puszcze-bialowieska-w-zwykla-plantacje-drzew","status":"publish","type":"post","link":"https:\/\/www.greenpeace.org\/poland\/aktualnosci\/1156\/puszcza-zagrozona-czy-minister-szyszko-zmieni-puszcze-bialowieska-w-zwykla-plantacje-drzew\/","title":{"rendered":"Puszcza zagro\u017cona. Czy Minister Szyszko zmieni Puszcz\u0119 Bia\u0142owiesk\u0105 w zwyk\u0142\u0105 plantacj\u0119 drzew?"},"content":{"rendered":"<h2>Komentarz Greenpeace Polska, Greenmind, Pracowni na Rzecz Wszystkich Istot i WWF Polska<\/h2>\n<\/p>\n<div class=\"leader\" style=\"font-weight: bold;margin-bottom: 12px\">\tZako\u0144czy\u0142y si\u0119 konsultacje spo\u0142eczne dokument\u00f3w, kt\u00f3re okre\u015bla\u0107 b\u0119d\u0105, w jaki spos\u00f3b prowadzona b\u0119dzie wycinka drzew na obszarze Puszczy Bia\u0142owieskiej w latach 2012-2021. Wg organizacji pozarz\u0105dowych przedstawione przez Regionaln\u0105 Dyrekcj\u0119 Las\u00f3w Pa\u0144stwowych w Bia\u0142ymstoku zmiany proponuj\u0105 przekszta\u0142cenie Puszczy w zwyk\u0142\u0105 plantacj\u0119 drzew.<\/div>\n<div>\n<div class=\"events-box small-box left\">\n<div class=\"frame\">        <a class=\"open-img EnlargeImage\" href=\"https:\/\/www.greenpeace.org\/static\/planet4-poland-stateless\/2019\/06\/815bea03-815bea03-zd-y-przed-pi-2.jpg\" title=\"\">            <img decoding=\"async\" id=\"ctl00_cphContentArea_Property3_ctl00_ctl02_Image1\" class=\"Thumbnail\" src=\"https:\/\/www.greenpeace.org\/static\/planet4-poland-stateless\/2019\/06\/815bea03-815bea03-zd-y-przed-pi-2.jpg\" alt=\"\" style=\"border-width:0px;\"><\/p>\n<p>        <\/a>    <\/div>\n<div class=\"events-content no-title\" style=\"display:none\">        <span class=\"date\"><\/span>        <strong><\/strong><\/p>\n<p>            \u00a9 Karol Grygoruk        <\/p>\n<\/p>\n<\/div>\n<\/div>\n<p>Zatwierdzany przez ministra \u015brodowiska aneks do Planu Urz\u0105dzenia Lasu (tzw. PUL) Nadle\u015bnictwa Bia\u0142owie\u017ca wraz z aneksem do Prognozy oddzia\u0142ywania planu na \u015brodowisko, jest tworzony raz na 10 lat i zawiera m.in. dane inwentaryzacyjne lasu, analiz\u0119 dotychczasowej gospodarki le\u015bnej na danym obszarze, program ochrony przyrody jak r\u00f3wnie\u017c konkretne plany zabieg\u00f3w gospodarczych. Niestety, je\u015bli minister \u015brodowiska zaakceptuje proponowane zmiany, Puszcza poza obszarem Parku Narodowego zmieni si\u0119 w zwyk\u0142y las gospodarczy, w\u00a0kt\u00f3rym b\u0119dzie mo\u017cna prowadzi\u0107 nawet tzw. zr\u0119by zupe\u0142ne. Oznacza to przyzwolenie na wyr\u0119by prowadz\u0105ce do ca\u0142kowitego zniszczenia ekosystemu le\u015bnego: wyci\u0119cie wszystkich drzew na okre\u015blonej powierzchni, mechaniczne usuwanie pniak\u00f3w, a\u00a0nast\u0119pnie zaoranie i\u00a0ponowne zagospodarowanie danego terenu. Dotychczas le\u015bnicy deklarowali, \u017ce takie praktyki na terenie Puszczy nie b\u0119d\u0105 mia\u0142y miejsca. Wg proponowanych zmian r\u00f3\u017cnego rodzaju ci\u0119cia mog\u0105 obj\u0105\u0107 nawet 58% powierzchni nadle\u015bnictwa.<\/p>\n<p>Przyj\u0119cie nowej wersji PUL zaszkodzi nie tylko Puszczy i jej mieszka\u0144com, ale r\u00f3wnie\u017c wizerunkowi Las\u00f3w Pa\u0144stwowych i samej Polsce. Przyjmuj\u0105c proponowane zmiany, z\u0142amane zostan\u0105 zobowi\u0105zania wobec UNESCO oraz warunki ugody z Komisj\u0105 Europejsk\u0105, na podstawie kt\u00f3rej KE zamkn\u0119\u0142a postepowanie przeciwko naszemu pa\u0144stwu o nieskuteczn\u0105 ochron\u0119 obszaru Natura 2000.<\/p>\n<p>7 grudnia br. odby\u0142o si\u0119 spotkanie konsultacyjne w Bia\u0142owie\u017cy, podczas kt\u00f3rego Regionalna Dyrekcja Las\u00f3w Pa\u0144stwowych w Bia\u0142ymstoku nie odnios\u0142a si\u0119 do uwag przes\u0142anych przez organizacje pozarz\u0105dowe. W efekcie, dyskusja zainteresowanych stron nie przynios\u0142a merytorycznych rezultat\u00f3w. Niestety, uczestnicy nie zostali poinformowani, czy i w jakim zakresie nades\u0142ane wcze\u015bniej uwagi zostan\u0105 uwzgl\u0119dnione.<\/p>\n<p>Puszcza Bia\u0142owieska powinna by\u0107 w ca\u0142o\u015bci obj\u0119ta ochron\u0105. Jest narodowym bogactwem, kt\u00f3re trzeba chroni\u0107 i zrobi\u0107 wszystko, by zachowa\u0107 je w nienaruszonym stanie dla przysz\u0142ych pokole\u0144.<\/p>\n<p><strong>Uwagi zg\u0142oszone przez organizacje pozarz\u0105dowe mo\u017cna znale\u017a\u0107 tutaj: <\/strong><a href=\"https:\/\/www.greenpeace.org\/static\/planet4-poland-stateless\/2019\/06\/ed2b5834-ed2b5834-uwagi_do_aneksu_pul_nadlesnictwa_bialowieza.pdf\">www.greenpeace.org\/poland\/PageFiles\/713358\/Uwagi_do_aneksu_PUL_Nadlesnictwa_Bialowieza.pdf<\/a><\/p>\n<\/div>\n","protected":false},"excerpt":{"rendered":"<div>\n\tZako\u0144czy\u0142y si\u0119 konsultacje spo\u0142eczne dokument\u00f3w, kt\u00f3re okre\u015bla\u0107 b\u0119d\u0105, w jaki spos\u00f3b prowadzona b\u0119dzie wycinka drzew na obszarze Puszczy Bia\u0142owieskiej w latach 2012-2021. Wg organizacji pozarz\u0105dowych przedstawione przez Regionaln\u0105 Dyrekcj\u0119 Las\u00f3w Pa\u0144stwowych w Bia\u0142ymstoku zmiany proponuj\u0105 przekszta\u0142cenie Puszczy w zwyk\u0142\u0105 plantacj\u0119 drzew.\n<\/div>\n","protected":false},"author":28,"featured_media":1157,"comment_status":"closed","ping_status":"closed","sticky":false,"template":"","format":"standard","meta":{"ep_exclude_from_search":false,"p4_og_title":"","p4_og_description":"","p4_og_image":"","p4_og_image_id":"","p4_seo_canonical_url":"","p4_campaign_name":"","p4_local_project":"","p4_basket_name":"","p4_department":"","footnotes":""},"categories":[3],"tags":[22,19],"p4-page-type":[14],"class_list":["post-1156","post","type-post","status-publish","format-standard","has-post-thumbnail","hentry","category-przyroda","tag-puszcza-bialowieska","tag-lasy","p4-page-type-aktualnosci"],"_links":{"self":[{"href":"https:\/\/www.greenpeace.org\/poland\/wp-json\/wp\/v2\/posts\/1156","targetHints":{"allow":["GET"]}}],"collection":[{"href":"https:\/\/www.greenpeace.org\/poland\/wp-json\/wp\/v2\/posts"}],"about":[{"href":"https:\/\/www.greenpeace.org\/poland\/wp-json\/wp\/v2\/types\/post"}],"author":[{"embeddable":true,"href":"https:\/\/www.greenpeace.org\/poland\/wp-json\/wp\/v2\/users\/28"}],"replies":[{"embeddable":true,"href":"https:\/\/www.greenpeace.org\/poland\/wp-json\/wp\/v2\/comments?post=1156"}],"version-history":[{"count":1,"href":"https:\/\/www.greenpeace.org\/poland\/wp-json\/wp\/v2\/posts\/1156\/revisions"}],"predecessor-version":[{"id":1159,"href":"https:\/\/www.greenpeace.org\/poland\/wp-json\/wp\/v2\/posts\/1156\/revisions\/1159"}],"wp:featuredmedia":[{"embeddable":true,"href":"https:\/\/www.greenpeace.org\/poland\/wp-json\/wp\/v2\/media\/1157"}],"wp:attachment":[{"href":"https:\/\/www.greenpeace.org\/poland\/wp-json\/wp\/v2\/media?parent=1156"}],"wp:term":[{"taxonomy":"category","embeddable":true,"href":"https:\/\/www.greenpeace.org\/poland\/wp-json\/wp\/v2\/categories?post=1156"},{"taxonomy":"post_tag","embeddable":true,"href":"https:\/\/www.greenpeace.org\/poland\/wp-json\/wp\/v2\/tags?post=1156"},{"taxonomy":"p4-page-type","embeddable":true,"href":"https:\/\/www.greenpeace.org\/poland\/wp-json\/wp\/v2\/p4-page-type?post=1156"}],"curies":[{"name":"wp","href":"https:\/\/api.w.org\/{rel}","templated":true}]}}