{"id":1253,"date":"2013-12-29T00:00:00","date_gmt":"2013-12-28T22:00:00","guid":{"rendered":"https:\/\/master.k8s.p4.greenpeace.org\/poland\/article\/1253\/tomasz-dziemianczuk-jest-juz-w-polsce\/"},"modified":"2019-11-06T11:05:58","modified_gmt":"2019-11-06T09:05:58","slug":"tomasz-dziemianczuk-jest-juz-w-polsce","status":"publish","type":"post","link":"https:\/\/www.greenpeace.org\/poland\/aktualnosci\/1253\/tomasz-dziemianczuk-jest-juz-w-polsce\/","title":{"rendered":"Tomasz Dziemianczuk jest ju\u017c w Polsce"},"content":{"rendered":"<div class=\"leader\" style=\"font-weight: bold;margin-bottom: 12px\">\tPo r\u00f3wno 100 dniach od zatrzymania statku Greenpeace i jego za\u0142ogi przez rosyjskie s\u0142u\u017cby specjalne Tomasz Dziemianczuk wr\u00f3ci\u0142 dzi\u015b do Polski. To koniec sprawy Arktycznej 30-tki, ale pocz\u0105tek globalnej kampanii na rzecz ochrony Arktyki.<\/div>\n<div>\n<div class=\"events-box big-box left\">\n<div class=\"frame reset-padding\">        <a class=\"open-img EnlargeImage\" href=\"https:\/\/www.greenpeace.org\/static\/planet4-poland-stateless\/2019\/06\/04cb984e-04cb984e-gp0sto6bt_layout.jpg\" title=\"\">            <img decoding=\"async\" id=\"ctl00_cphContentArea_Property3_ctl00_ctl02_Image1\" class=\"Thumbnail\" src=\"https:\/\/www.greenpeace.org\/static\/planet4-poland-stateless\/2019\/06\/04cb984e-04cb984e-gp0sto6bt_layout.jpg\" alt=\"\" style=\"border-width:0px;\"><\/p>\n<p>        <\/a>    <\/div>\n<div class=\"hidden\">        <span class=\"date\"><\/span>        <strong><\/strong><\/p>\n<\/p>\n<\/div>\n<\/div>\n<p>\u00a0<\/p>\n<p>Po ponad 3 miesi\u0105cach pobytu w Rosji Tomasz Dziemianczuk powr\u00f3ci\u0142 w niedziel\u0119 do Polski. Dziemianczuk jest jednym z aktywist\u00f3w Greenpeace zatrzymanych we wrze\u015bniu, po tym jak w ramach kampanii na rzecz ochrony Arktyki pr\u00f3bowali przeprowadzi\u0107 pokojow\u0105 akcj\u0119 na platformie wiertniczej Gazpromu na Morzu Peczorskim.<\/p>\n<p>Na lotnisku w Warszawie Dziemianczuk wyda\u0142 kr\u00f3tkie o\u015bwiadczenie, dzi\u0119kuj\u0105c wszystkim za okazan\u0105 pomoc i wyrazy sympatii. Poprosi\u0142 tak\u017ce dziennikarzy o kilka dni dla siebie, by m\u00f3g\u0142 odpocz\u0105\u0107 i spotka\u0107 si\u0119 z rodzin\u0105 oraz zapowiedzia\u0142, \u017ce na wszystkie pytania odpowie na konferencji prasowej.<\/p>\n<p><em>\u201eNa pewno nie zrezygnuj\u0119 z dzia\u0142alno\u015bci proekologicznej. Jako aktywny i \u015bwiadomy obywatel mam zobowi\u0105zania wobec mojej planety, mojego kraju i mojego miasta. Te pierwsze zobowi\u0105zanie mog\u0119 wype\u0142nia\u0107 dzi\u0119ki Greenpeace. Po powrocie do Gda\u0144ska zamierzam skupi\u0107 si\u0119 na dzia\u0142alno\u015bci lokalnej. B\u0119d\u0119 nadal promowa\u0107 rower jako \u015brodek transportu i stara\u0107 si\u0119 o budow\u0119 kolejnych \u015bcie\u017cek rowerowych w Tr\u00f3jmie\u015bcie. Ciesz\u0119 si\u0119, \u017ce mog\u0119 wr\u00f3ci\u0107 do dzia\u0142alno\u015bci kulturalnej i zawodowej na Uniwersytecie Gda\u0144skim. Zamierzam te\u017c nadal szerzy\u0107 wiedz\u0119 o ekologii\u201d<\/em>, powiedzia\u0142 Dziemianczuk po powrocie do Polski.<\/p>\n<p>W ramach trwaj\u0105cej od 3 miesi\u0119cy og\u00f3lno\u015bwiatowej kampanii na rzecz uwolnienia Arktycznej 30-tki odby\u0142o si\u0119 860 akcji i protest\u00f3w solidarno\u015bciowych w 46 krajach, w ponad 150 miastach na ca\u0142ym \u015bwiecie. Apel o ich uwolnienie wys\u0142a\u0142o do rosyjskich ambasad 2,6 mln ludzi. Wsparcia udzielili r\u00f3wnie\u017c laureaci Pokojowej Nagrody Nobla, w tym Lech Wa\u0142\u0119sa, liczni politycy i arty\u015bci.<\/p>\n<p><em>\u201eOgromnie dzi\u0119kujemy wszystkim, kt\u00f3rzy pomogli w szcz\u0119\u015bliwym zako\u0144czeniu tej historii \u2013 przede wszystkim prawie 3 milionom ludzi, kt\u00f3rzy podpisali apel o uwolnienie Arktycznej 30-tki oraz dziennikarzom, kt\u00f3rzy przez 3 miesi\u0105ce relacjonowali t\u0119 spraw\u0119. Nasi przyjaciele s\u0105 ju\u017c wolni i bezpieczni, ale przypominam, \u017ce Arktyce wci\u0105\u017c grozi ogromne niebezpiecze\u0144stwo. Tym bardziej, \u017ce Gazprom, nie maj\u0105c odpowiednio przygotowanych procedur bezpiecze\u0144stwa, dos\u0142ownie przed kilkoma dniami rozpocz\u0105\u0142 tam wydobycie ropy. Naukowcy ostrzegaj\u0105, \u017ce od tego dnia rozpocz\u0119\u0142o si\u0119 odliczanie czasu do katastrofy\u201d<\/em>, powiedzia\u0142a Magdalena Figura, koordynatorka kampanii \u201eUratuj Arktyk\u0119\u201d w polskim biurze Greenpeace.<\/p>\n<p>Greenpeace zapowiada, \u017ce dzia\u0142ania na rzecz ochrony Arktyki przed zakusami korporacji paliwowych, takich jak Shell i Gazprom, b\u0119d\u0105 kontynuowane. Ostatecznym celem ekolog\u00f3w jest utworzenie na tych terenach rezerwatu przyrody \u2013 miejsca obj\u0119tego zakazem komercyjnej dzia\u0142alno\u015bci, w tym wydobycia zasob\u00f3w i przemys\u0142owego rybo\u0142\u00f3wstwa. Pod apelem do ONZ w tej sprawie podpisa\u0142o si\u0119 ju\u017c prawie \u00a05 mln ludzi z ca\u0142ego \u015bwiata. Podobn\u0105 ochron\u0105 od lat obj\u0119te s\u0105 tereny wok\u00f3\u0142 bieguna po\u0142udniowego.<\/p>\n<p>Niejasny jest dalszy los statku Greenpeace, kt\u00f3ry pozostaje w Murma\u0144sku pod kontrol\u0105 w\u0142adz rosyjskich, mimo wyroku Mi\u0119dzynarodowego Trybuna\u0142u ds. Prawa Morza nakazuj\u0105cego zwolnienie jednostki.<\/p>\n<\/div>\n","protected":false},"excerpt":{"rendered":"<div>\n\tPo r\u00f3wno 100 dniach od zatrzymania statku Greenpeace i jego za\u0142ogi przez rosyjskie s\u0142u\u017cby specjalne Tomasz Dziemianczuk wr\u00f3ci\u0142 dzi\u015b do Polski. To koniec sprawy Arktycznej 30-tki, ale pocz\u0105tek globalnej kampanii na rzecz ochrony Arktyki.\n<\/div>\n","protected":false},"author":28,"featured_media":1254,"comment_status":"closed","ping_status":"closed","sticky":false,"template":"","format":"standard","meta":{"ep_exclude_from_search":false,"p4_og_title":"","p4_og_description":"","p4_og_image":"","p4_og_image_id":"","p4_seo_canonical_url":"","p4_campaign_name":"","p4_local_project":"","p4_basket_name":"","p4_department":"","footnotes":""},"categories":[4],"tags":[32],"p4-page-type":[14],"class_list":["post-1253","post","type-post","status-publish","format-standard","has-post-thumbnail","hentry","category-rolnictwo","tag-arktyka","p4-page-type-aktualnosci"],"_links":{"self":[{"href":"https:\/\/www.greenpeace.org\/poland\/wp-json\/wp\/v2\/posts\/1253","targetHints":{"allow":["GET"]}}],"collection":[{"href":"https:\/\/www.greenpeace.org\/poland\/wp-json\/wp\/v2\/posts"}],"about":[{"href":"https:\/\/www.greenpeace.org\/poland\/wp-json\/wp\/v2\/types\/post"}],"author":[{"embeddable":true,"href":"https:\/\/www.greenpeace.org\/poland\/wp-json\/wp\/v2\/users\/28"}],"replies":[{"embeddable":true,"href":"https:\/\/www.greenpeace.org\/poland\/wp-json\/wp\/v2\/comments?post=1253"}],"version-history":[{"count":1,"href":"https:\/\/www.greenpeace.org\/poland\/wp-json\/wp\/v2\/posts\/1253\/revisions"}],"predecessor-version":[{"id":1255,"href":"https:\/\/www.greenpeace.org\/poland\/wp-json\/wp\/v2\/posts\/1253\/revisions\/1255"}],"wp:featuredmedia":[{"embeddable":true,"href":"https:\/\/www.greenpeace.org\/poland\/wp-json\/wp\/v2\/media\/1254"}],"wp:attachment":[{"href":"https:\/\/www.greenpeace.org\/poland\/wp-json\/wp\/v2\/media?parent=1253"}],"wp:term":[{"taxonomy":"category","embeddable":true,"href":"https:\/\/www.greenpeace.org\/poland\/wp-json\/wp\/v2\/categories?post=1253"},{"taxonomy":"post_tag","embeddable":true,"href":"https:\/\/www.greenpeace.org\/poland\/wp-json\/wp\/v2\/tags?post=1253"},{"taxonomy":"p4-page-type","embeddable":true,"href":"https:\/\/www.greenpeace.org\/poland\/wp-json\/wp\/v2\/p4-page-type?post=1253"}],"curies":[{"name":"wp","href":"https:\/\/api.w.org\/{rel}","templated":true}]}}