{"id":1280,"date":"2017-07-20T00:00:00","date_gmt":"2017-07-19T22:00:00","guid":{"rendered":"https:\/\/master.k8s.p4.greenpeace.org\/poland\/article\/1280\/srodowisko-nie-obroni-sie-bez-niezaleznych-sadow\/"},"modified":"2019-11-06T11:05:18","modified_gmt":"2019-11-06T09:05:18","slug":"srodowisko-nie-obroni-sie-bez-niezaleznych-sadow","status":"publish","type":"post","link":"https:\/\/www.greenpeace.org\/poland\/aktualnosci\/1280\/srodowisko-nie-obroni-sie-bez-niezaleznych-sadow\/","title":{"rendered":"\u015arodowisko nie obroni si\u0119 bez niezale\u017cnych s\u0105d\u00f3w"},"content":{"rendered":"<div class=\"leader\" style=\"font-weight: bold;margin-bottom: 12px\">\tApel organizacji ekologicznych w sprawie niezale\u017cnych s\u0105d\u00f3w<\/div>\n<div>\n<p>Dzi\u0119ki niezale\u017cnym s\u0105dom, obywatel nie jest bezsilny w\u00a0sporze z\u00a0w\u0142adzami. Dzi\u0119ki niezale\u017cnym s\u0105dom, \u015brodowisko nie jest bezbronne w\u00a0starciu z\u00a0cz\u0142owiekiem.\u00a0<strong>Nie ma prawid\u0142owej ochrony \u015brodowiska bez niezale\u017cnych s\u0105d\u00f3w.<\/strong><\/p>\n<p>Niezale\u017cne s\u0105dy i\u00a0\u015brodowisko s\u0105 w\u00a0Polsce zagro\u017cone. Mamy do\u00a0czynienia z\u00a0pr\u00f3b\u0105 ca\u0142kowitego podporz\u0105dkowania wymiaru sprawiedliwo\u015bci politykom.<\/p>\n<p>Jako\u015b\u0107 powietrza, legalno\u015b\u0107 wycinki drzewa, prawid\u0142owo\u015b\u0107 funkcjonowania zak\u0142ad\u00f3w przemys\u0142owych \u2013 to tylko kilka spraw, kt\u00f3re niebawem mog\u0105 by\u0107 rozstrzygane nie przez\u00a0niezawis\u0142ego arbitra, a\u00a0przez\u00a0cz\u0142owieka zale\u017cnego od polityk\u00f3w i\u00a0ich interes\u00f3w.<\/p>\n<p>Dlatego\u00a0jako osoby, dla\u00a0kt\u00f3rych wa\u017cne jest dobro ludzi i\u00a0\u015brodowiska,\u00a0<strong>sprzeciwiamy si\u0119 zmianom ustawy o\u00a0Krajowej Radzie S\u0105downictwa oraz\u00a0Prawa o\u00a0ustroju s\u0105d\u00f3w powszechnych, a\u00a0tak\u017ce poselskiemu projektowi ustawy o\u00a0S\u0105dzie Najwy\u017cszym.<\/strong><\/p>\n<p>Dbaj\u0105c o\u00a0niezale\u017cne s\u0105dy, dbamy o\u00a0\u015brodowisko i\u00a0podstawowe prawa ka\u017cdego Polaka!\u00a0<strong>Sta\u0144my dzisiaj wszyscy razem w\u00a0obronie tych warto\u015bci!<\/strong><\/p>\n<p><strong>Podpisani:<\/strong><\/p>\n<p>Fundacja ClientEarth Prawnicy dla\u00a0ZiemiFundacja Dzika PolskaFundacja Instytut na\u00a0rzecz EkorozwojuFundacja Frank BoldFundacja GreenmindFundacja Greenpeace PolskaFundacja WWF PolskaFundacja Zielony InstytutHEAL PolskaPolski Klub EkologicznyStowarzyszenie Pracownia na\u00a0rzecz Wszystkich IstotStowarzyszenie Ekologiczne EKO-UNIATowarzystwo dla\u00a0Natury i\u00a0Cz\u0142owiekaZwi\u0105zek Stowarzysze\u0144 Polska Zielona Sie\u0107<\/p>\n<\/div>\n","protected":false},"excerpt":{"rendered":"<div>\n\tApel organizacji ekologicznych w sprawie niezale\u017cnych s\u0105d\u00f3w\n<\/div>\n","protected":false},"author":28,"featured_media":0,"comment_status":"closed","ping_status":"closed","sticky":false,"template":"","format":"standard","meta":{"ep_exclude_from_search":false,"p4_og_title":"","p4_og_description":"","p4_og_image":"","p4_og_image_id":"","p4_seo_canonical_url":"","p4_campaign_name":"","p4_local_project":"","p4_basket_name":"","p4_department":"","footnotes":""},"categories":[4],"tags":[31,26],"p4-page-type":[14],"class_list":["post-1280","post","type-post","status-publish","format-standard","hentry","category-rolnictwo","tag-demokracjaiprawaczlowieka","tag-ochrona-przyrody","p4-page-type-aktualnosci"],"_links":{"self":[{"href":"https:\/\/www.greenpeace.org\/poland\/wp-json\/wp\/v2\/posts\/1280","targetHints":{"allow":["GET"]}}],"collection":[{"href":"https:\/\/www.greenpeace.org\/poland\/wp-json\/wp\/v2\/posts"}],"about":[{"href":"https:\/\/www.greenpeace.org\/poland\/wp-json\/wp\/v2\/types\/post"}],"author":[{"embeddable":true,"href":"https:\/\/www.greenpeace.org\/poland\/wp-json\/wp\/v2\/users\/28"}],"replies":[{"embeddable":true,"href":"https:\/\/www.greenpeace.org\/poland\/wp-json\/wp\/v2\/comments?post=1280"}],"version-history":[{"count":1,"href":"https:\/\/www.greenpeace.org\/poland\/wp-json\/wp\/v2\/posts\/1280\/revisions"}],"predecessor-version":[{"id":1281,"href":"https:\/\/www.greenpeace.org\/poland\/wp-json\/wp\/v2\/posts\/1280\/revisions\/1281"}],"wp:attachment":[{"href":"https:\/\/www.greenpeace.org\/poland\/wp-json\/wp\/v2\/media?parent=1280"}],"wp:term":[{"taxonomy":"category","embeddable":true,"href":"https:\/\/www.greenpeace.org\/poland\/wp-json\/wp\/v2\/categories?post=1280"},{"taxonomy":"post_tag","embeddable":true,"href":"https:\/\/www.greenpeace.org\/poland\/wp-json\/wp\/v2\/tags?post=1280"},{"taxonomy":"p4-page-type","embeddable":true,"href":"https:\/\/www.greenpeace.org\/poland\/wp-json\/wp\/v2\/p4-page-type?post=1280"}],"curies":[{"name":"wp","href":"https:\/\/api.w.org\/{rel}","templated":true}]}}