{"id":1288,"date":"2018-08-22T00:00:00","date_gmt":"2018-08-21T22:00:00","guid":{"rendered":"https:\/\/master.k8s.p4.greenpeace.org\/poland\/article\/1288\/smog-minister-tchorzewski-probuje-osmieszyc-deklaracje-premiera-morawieckiego\/"},"modified":"2021-10-13T21:00:55","modified_gmt":"2021-10-13T19:00:55","slug":"smog-minister-tchorzewski-probuje-osmieszyc-deklaracje-premiera-morawieckiego","status":"publish","type":"post","link":"https:\/\/www.greenpeace.org\/poland\/komentarze\/1288\/smog-minister-tchorzewski-probuje-osmieszyc-deklaracje-premiera-morawieckiego\/","title":{"rendered":"Smog: Minister Tch\u00f3rzewski pr\u00f3buje o\u015bmieszy\u0107 deklaracje premiera Morawieckiego"},"content":{"rendered":"<h2>Komentarz Marka J\u00f3zefiaka, koordynatora kampanii ds. klimatu i energii w Greenpeace<\/h2>\n<div class=\"leader\" style=\"font-weight: bold; margin-bottom: 12px;\">Ponad 500 dni zaj\u0119\u0142o ministrowi Krzysztofowi Tch\u00f3rzewskiemu przygotowanie projektu norm w\u0119gla, kt\u00f3re zamienia deklaracje premiera Morawieckiego w fars\u0119. Zaproponowane rozporz\u0105dzenie napisano tak, by nie zmieni\u0142o si\u0119 nic. Po pierwsze z powietrzem, kt\u00f3rym oddychamy i kt\u00f3re powoduje, \u017ce co roku ponad 45 tysi\u0119cy Polek i Polak\u00f3w przedwcze\u015bnie umiera. Po drugie z interesem sp\u00f3\u0142ek w\u0119glowych. Zamiast troski o interes spo\u0142eczny minister Tch\u00f3rzewski zadba\u0142 jedynie o interesy nadzorowanych przez niego kopal\u0144, a cen\u0119 za uparte trwanie przy w\u0119glu i brak rozwoju odnawialnych \u017ar\u00f3de\u0142 energii, nadal maj\u0105 p\u0142aci\u0107 swoim zdrowiem obywatele. Dzia\u0142ania ministra Tch\u00f3rzewskiego to jawny sabota\u017c zapowiadanej przez premiera Morawieckiego walki ze smogiem.<\/div>\n<div>\n<div class=\"events-box small-box left\">\n<div class=\"frame reset-padding\">\n<div id=\"attachment_2733\" style=\"width: 310px\" class=\"wp-caption alignleft\"><a href=\"https:\/\/www.greenpeace.org\/poland\/aktualnosci\/1288\/smog-minister-tchorzewski-probuje-osmieszyc-deklaracje-premiera-morawieckiego\/40418051271_68058d814b_k\/\" rel=\"attachment wp-att-2733\"><img loading=\"lazy\" decoding=\"async\" aria-describedby=\"caption-attachment-2733\" class=\"size-medium wp-image-2733\" src=\"https:\/\/www.greenpeace.org\/static\/planet4-poland-stateless\/2018\/08\/892cf9de-40418051271_68058d814b_k-300x200.jpg\" alt=\"Greenpeace gratuluje Ministrowi Energii skutecznego sabota\u017cu walki ze smogiem\" width=\"300\" height=\"200\" srcset=\"https:\/\/www.greenpeace.org\/static\/planet4-poland-stateless\/2018\/08\/892cf9de-40418051271_68058d814b_k-300x200.jpg 300w, https:\/\/www.greenpeace.org\/static\/planet4-poland-stateless\/2018\/08\/892cf9de-40418051271_68058d814b_k-768x512.jpg 768w, https:\/\/www.greenpeace.org\/static\/planet4-poland-stateless\/2018\/08\/892cf9de-40418051271_68058d814b_k-1024x683.jpg 1024w, https:\/\/www.greenpeace.org\/static\/planet4-poland-stateless\/2018\/08\/892cf9de-40418051271_68058d814b_k.jpg 2048w, https:\/\/www.greenpeace.org\/static\/planet4-poland-stateless\/2018\/08\/892cf9de-40418051271_68058d814b_k-510x340.jpg 510w\" sizes=\"auto, (max-width: 300px) 100vw, 300px\" \/><\/a><p id=\"caption-attachment-2733\" class=\"wp-caption-text\">Greenpeace gratuluje Ministrowi Energii skutecznego sabota\u017cu walki ze smogiem #UwahaSmog<\/p><\/div>\n<p>Nie bez przyczyny Polska \u201crz\u0105dzi\u201d w smogowych, europejskich rankingach \u015awiatowej Organizacji Zdrowia (WHO). To kilkana\u015bcie milion\u00f3w ton w\u0119gla spalanych ka\u017cdego roku w domach jest g\u0142\u00f3wn\u0105 przyczyn\u0105 z\u0142ego stanu powietrza, kt\u00f3re zasnuwa polskie miasta i wsie w sezonie grzewczym. Po wielu apelach Greenpeace Polska i samorz\u0105dowc\u00f3w z najbardziej zanieczyszczonych polskich miast, dziesi\u0105tek tysi\u0119cy mieszka\u0144c\u00f3w, lokalnych inicjatyw skupionych wok\u00f3\u0142 Polskiego Alarmu Smogowego czy wreszcie by\u0142ych ministr\u00f3w \u015brodowiska, doczekali\u015bmy si\u0119: minister energii przedstawi\u0142 do konsultacji publicznych rozporz\u0105dzenie o normach jako\u015bciowych paliw sta\u0142ych. Minister z projektem rozporz\u0105dzenia sp\u00f3\u017ani\u0142 si\u0119 ponad 500 dni wzgl\u0119dem terminu, kt\u00f3ry Mateusz Morawiecki zadeklarowa\u0142 jako ostateczny. Teraz nagle Krzysztofowi Tch\u00f3rzewskiemu zacz\u0119\u0142o si\u0119 spieszy\u0107 \u2013 da\u0142 spo\u0142ecze\u0144stwu jedynie pi\u0119\u0107 dni roboczych na przes\u0142anie uwag. Tryb konsultacji \u2013 niezgodny z dobrymi praktykami Kodeksu konsultacji spo\u0142ecznych, kt\u00f3re rekomenduje Ministerstwo Administracji i Cyfryzacji \u2013 symbolicznie pokazuje stosunek ministra Tch\u00f3rzewskiego do g\u0142osu obywateli.<\/p>\n<\/div>\n<\/div>\n<p>Spe\u0142ni\u0142y si\u0119 najgorsze obawy ekspert\u00f3w, kt\u00f3rzy przestrzegali, \u017ce cz\u0142owiek, kt\u00f3ry nadzoruje pa\u0144stwowe sp\u00f3\u0142ki g\u00f3rnicze, nie mo\u017ce by\u0107 jednocze\u015bnie obiektywnym regulatorem rynku w\u0119gla. Minister chce nadal dopuszcza\u0107 do obrotu w\u0119giel zasiarczony, zawilgocony czy w\u0119giel o wysokiej zawarto\u015bci popio\u0142u. Parametry jako\u015bciowe zaproponowane przez Krzysztofa Tch\u00f3rzewskiego s\u0105 nawet ponad dwukrotnie &nbsp;wy\u017csze ni\u017c te postulowane przez inne ministerstwa: \u015brodowiska czy przedsi\u0119biorczo\u015bci. Minister Tch\u00f3rzewski chce wr\u0119cz dopu\u015bci\u0107 handel odpadami w\u0119glowymi, kt\u00f3re b\u0119d\u0105 mieszane z mia\u0142ami. Jest to sprzeczne z ustaw\u0105, kt\u00f3ra nakazuje wydanie tego rozporz\u0105dzenia. Absurdu sytuacji dope\u0142nia fakt, \u017ce usankcjonowane ma by\u0107 u\u017cycie myl\u0105cych nazw handlowych takich jak \u201cekomia\u0142\u201d czy \u201cekogroszek\u201d. W\u0119giel nigdy nie by\u0142 i nigdy nie b\u0119dzie ekologiczny. Jego spalanie ma jednoznacznie negatywny efekt na zdrowie cz\u0142owieka i na \u015brodowisko \u2013 opr\u00f3cz emisji py\u0142\u00f3w zawieszonych, rakotw\u00f3rczego benzo(a)pirenu czy tlenk\u00f3w siarki powoduje te\u017c emisje gaz\u00f3w cieplarnianych, kt\u00f3re powoduj\u0105 zmian\u0119 klimatu.<\/p>\n<p>Dla spo\u0142ecze\u0144stwa pseudonormy w\u0119gla to jasny sygna\u0142. Minister energii ma na oczach klapki na\u0142o\u017cone przez pa\u0144stwowy sektor g\u00f3rniczy. Normy w\u0119gla mia\u0142y by\u0107 pierwszym krokiem na drodze ku czystemu powietrzu. Jednak dla ministra energii zdrowie Polak\u00f3w nie ma znaczenia, je\u015bli w gr\u0119 wchodz\u0105 pieni\u0105dze bran\u017cy w\u0119glowej.<\/p>\n<p><strong>Do pobrania:<\/strong><a href=\"https:\/\/www.greenpeace.org\/static\/planet4-poland-stateless\/2019\/06\/d740c5d6-d740c5d6-uwagi-greenpeace-rozporz\u0105dzenie-o-normach-jako\u015bciowych-paliw-sta\u0142ych-21082018.pdf\">Uwagi Greenpeace o&nbsp;rozporz\u0105dzenie o normach jako\u015bciowych paliw sta\u0142ych<\/a><\/p>\n<\/div>\n","protected":false},"excerpt":{"rendered":"<p>Ponad 500 dni zaj\u0119\u0142o ministrowi Krzysztofowi Tch\u00f3rzewskiemu przygotowanie projektu norm w\u0119gla, kt\u00f3re zamienia deklaracje premiera Morawieckiego w fars\u0119. Zaproponowane rozporz\u0105dzenie napisano tak, by nie zmieni\u0142o si\u0119 nic. Po pierwsze z powietrzem, kt\u00f3rym oddychamy i kt\u00f3re powoduje, \u017ce co roku ponad 45 tysi\u0119cy Polek i Polak\u00f3w przedwcze\u015bnie umiera. Po drugie z interesem sp\u00f3\u0142ek w\u0119glowych. Zamiast troski o interes spo\u0142eczny minister Tch\u00f3rzewski zadba\u0142 jedynie o interesy nadzorowanych przez niego kopal\u0144, a cen\u0119 za uparte trwanie przy w\u0119glu i brak rozwoju odnawialnych \u017ar\u00f3de\u0142 energii, nadal maj\u0105 p\u0142aci\u0107 swoim zdrowiem obywatele. Dzia\u0142ania ministra Tch\u00f3rzewskiego to jawny sabota\u017c zapowiadanej przez premiera Morawieckiego walki ze smogiem.<\/p>\n","protected":false},"author":28,"featured_media":2733,"comment_status":"closed","ping_status":"closed","sticky":false,"template":"","format":"standard","meta":{"ep_exclude_from_search":false,"p4_og_title":"","p4_og_description":"","p4_og_image":"","p4_og_image_id":"","p4_seo_canonical_url":"","p4_campaign_name":"not set","p4_local_project":"not set","p4_basket_name":"not set","p4_department":"","footnotes":""},"categories":[2],"tags":[34,18],"p4-page-type":[30],"class_list":["post-1288","post","type-post","status-publish","format-standard","has-post-thumbnail","hentry","category-klimat-energia","tag-smog","tag-wegiel","p4-page-type-komentarze"],"_links":{"self":[{"href":"https:\/\/www.greenpeace.org\/poland\/wp-json\/wp\/v2\/posts\/1288","targetHints":{"allow":["GET"]}}],"collection":[{"href":"https:\/\/www.greenpeace.org\/poland\/wp-json\/wp\/v2\/posts"}],"about":[{"href":"https:\/\/www.greenpeace.org\/poland\/wp-json\/wp\/v2\/types\/post"}],"author":[{"embeddable":true,"href":"https:\/\/www.greenpeace.org\/poland\/wp-json\/wp\/v2\/users\/28"}],"replies":[{"embeddable":true,"href":"https:\/\/www.greenpeace.org\/poland\/wp-json\/wp\/v2\/comments?post=1288"}],"version-history":[{"count":4,"href":"https:\/\/www.greenpeace.org\/poland\/wp-json\/wp\/v2\/posts\/1288\/revisions"}],"predecessor-version":[{"id":30573,"href":"https:\/\/www.greenpeace.org\/poland\/wp-json\/wp\/v2\/posts\/1288\/revisions\/30573"}],"wp:featuredmedia":[{"embeddable":true,"href":"https:\/\/www.greenpeace.org\/poland\/wp-json\/wp\/v2\/media\/2733"}],"wp:attachment":[{"href":"https:\/\/www.greenpeace.org\/poland\/wp-json\/wp\/v2\/media?parent=1288"}],"wp:term":[{"taxonomy":"category","embeddable":true,"href":"https:\/\/www.greenpeace.org\/poland\/wp-json\/wp\/v2\/categories?post=1288"},{"taxonomy":"post_tag","embeddable":true,"href":"https:\/\/www.greenpeace.org\/poland\/wp-json\/wp\/v2\/tags?post=1288"},{"taxonomy":"p4-page-type","embeddable":true,"href":"https:\/\/www.greenpeace.org\/poland\/wp-json\/wp\/v2\/p4-page-type?post=1288"}],"curies":[{"name":"wp","href":"https:\/\/api.w.org\/{rel}","templated":true}]}}