{"id":1308,"date":"2017-01-04T00:00:00","date_gmt":"2017-01-03T22:00:00","guid":{"rendered":"https:\/\/master.k8s.p4.greenpeace.org\/poland\/article\/1308\/smog-to-zagrozenie-realne-a-nie-troszke-bardziej-teoretyczne\/"},"modified":"2019-11-06T11:05:29","modified_gmt":"2019-11-06T09:05:29","slug":"smog-to-zagrozenie-realne-a-nie-troszke-bardziej-teoretyczne","status":"publish","type":"post","link":"https:\/\/www.greenpeace.org\/poland\/aktualnosci\/1308\/smog-to-zagrozenie-realne-a-nie-troszke-bardziej-teoretyczne\/","title":{"rendered":"Smog to zagro\u017cenie realne, a nie \u201ctroszk\u0119 bardziej teoretyczne\u201d"},"content":{"rendered":"<div class=\"leader\" style=\"font-weight: bold; margin-bottom: 12px;\">Zanieczyszczenie powietrza powoduje w Polsce blisko 50 tysi\u0119cy przedwczesnych zgon\u00f3w rocznie [1]. Zdarzaj\u0105 si\u0119 dni, w kt\u00f3rych przebywanie na \u201c\u015bwie\u017cym powietrzu\u201d mo\u017ce stanowi\u0107 bezpo\u015brednie zagro\u017cenie dla zdrowia i \u017cycia. Jednak minister zdrowia Konstanty Radziwi\u0142\u0142 w wywiadzie dla radia TOK FM udzielonym 3 stycznia br. okre\u015bli\u0142 smog mianem \u201czagro\u017cenia troszk\u0119 bardziej teoretycznego\u201d.<\/div>\n<div>\n<p><em>Wypowied\u017a Ministra Zdrowia jest co najmniej zaskakuj\u0105ca. Smog to realne i \u015bmiertelne zagro\u017cenie <\/em>\u2013 powiedzia\u0142 Pawe\u0142 Szypulski z Fundacji Greenpeace.<em> \u2013 Zwi\u0105zek zanieczyszczenia powietrza z chorobami uk\u0142adu krwiono\u015bnego, uk\u0142adu oddechowego i uk\u0142adu nerwowego, a tak\u017ce rakotw\u00f3rcze dzia\u0142anie py\u0142\u00f3w zawieszonych i benz(a)pirenu s\u0105 naukowo udowodnione.<\/em><\/p>\n<p>Bezpo\u015brednie zagro\u017cenie zdrowotne zwi\u0105zane z zanieczyszczeniem powietrza dobrze ilustruj\u0105 wyniki analiz przeprowadzonych przez \u015al\u0105skie Centrum Chor\u00f3b Serca w Zabrzu [2]. W dniach, kt\u00f3rych wyst\u0119puje szczeg\u00f3lnie wysoki poziom zanieczyszczenia py\u0142em zawieszonym PM10, og\u00f3lna liczba zgon\u00f3w ro\u015bnie o 6%, a liczba udar\u00f3w m\u00f3zgu a\u017c o 9%. Umieralno\u015b\u0107 podwy\u017cszona jest tak\u017ce w ci\u0105gu kilkunastu dni od epizodu smogowego.<\/p>\n<p>Powa\u017cnym problemem jest r\u00f3wnie\u017c d\u0142ugotrwa\u0142e nara\u017cenie na oddychanie zanieczyszczonym powietrzem. Prowadzi ono do odsuni\u0119tych w czasie skutk\u00f3w zdrowotnych, takich jak choroby serca i uk\u0142adu oddechowego. Zanieczyszczenie powietrza py\u0142ami zawieszonymi zosta\u0142o te\u017c w 2013 r.\u00a0 sklasyfikowane przez Mi\u0119dzynarodow\u0105 Agencj\u0119 Bada\u0144 nad Rakiem (IARC), jako czynnik o udowodnionym dzia\u0142aniu rakotw\u00f3rczym [3]. Jak wynika z przedstawionych przez HEAL Polska analiz w Krakowie \u2013 najbardziej zanieczyszczonym du\u017cym mie\u015bcie w naszym kraju \u2013 smog odpowiada za ok. 25% przypadk\u00f3w raka p\u0142uca [4]. Niewiele lepiej jest w innych miastach po\u0142udniowej Polski \u2013 Katowicach (21%), Nowym S\u0105czu (22%), Bielsku-Bia\u0142ej (20%), czy Wroc\u0142awiu (17%).<\/p>\n<p>Badania naukowe wskazuj\u0105 tak\u017ce negatywny wp\u0142yw zanieczyszcze\u0144 powietrza na funkcjonowanie uk\u0142adu nerwowego dzieci i m\u0142odzie\u017cy oraz wp\u0142yw ekspozycji prenatalnej na rozw\u00f3j uk\u0142adu oddechowego i uk\u0142adu nerwowego. W badaniach prowadzonych w Krakowie stwierdzono IQ ni\u017csze o blisko 4 punkty u dzieci matek nara\u017conych na zanieczyszczenie powietrza w por\u00f3wnaniu do dzieci matek mniej nara\u017conych [5].<\/p>\n<p><em>Lekcewa\u017cenie zagro\u017cenia, jakim jest zanieczyszczenie powietrza, jest skrajnie nieodpowiedzialne<\/em> \u2013 dodaje Pawe\u0142 Szypulski z Greenpeace. \u2013 <em>W dniach, w kt\u00f3rych st\u0119\u017cenie py\u0142\u00f3w zawieszonych w powietrzu jest szczeg\u00f3lnie wysokie powinni\u015bmy by\u0107 o tym informowani, a osoby z grup najbardziej nara\u017conych \u2013 osoby z chorobami uk\u0142adu kr\u0105\u017cenia i uk\u0142adu oddechowego, kobiety w ci\u0105\u017cy, ma\u0142e dzieci oraz osoby starsze powinny ogranicza\u0107 przebywanie na zewn\u0105trz.<\/em><\/p>\n<p>W zwi\u0105zku z konsekwencjami zdrowotnymi, z kt\u00f3rymi wi\u0105\u017ce si\u0119 smog, wiod\u0105ce organizacje medyczne: Polskie Towarzystwo Chor\u00f3b P\u0142uc, Polskie Towarzystwo Kardiologiczne, Polskie Towarzystwo Neonatologiczne, Polskie Towarzystwo Neurologiczne, Polskie Towarzystwo Pediatryczne, Polska Liga Walki z Rakiem oraz Polska Federacja Stowarzysze\u0144 Chorych na Astm\u0119, Alergi\u0119 i POChP, a tak\u017ce Fundacja Greenpeace Polska zaapelowa\u0142y w listopadzie 2016 r. do ministra \u015brodowiska o u\u0142atwienie dost\u0119pu do informacji o niebezpiecznym st\u0119\u017ceniu smogu. We wsp\u00f3lnym stanowisku organizacje postuluj\u0105 obni\u017cenie obowi\u0105zuj\u0105cych obecnie poziom\u00f3w informowania i alarmowania o zanieczyszczeniu powietrza szkodliwym py\u0142em zawieszonym (PM10) do 100 \u03bcg\/m3. Poziomy, po przekroczeniu kt\u00f3rych pojawia si\u0119 obowi\u0105zek poinformowania spo\u0142ecze\u0144stwa lub og\u0142oszenia alarmu smogowego, s\u0105 w Polsce niemal trzykrotnie wy\u017csze ni\u017c przeci\u0119tnie w innych krajach europejskich.<\/p>\n<p><span lang=\"EN-US\">[1] Por. European Environment Agency, \u201cAir quality in Europe \u2014 2016 report\u201d, <a href=\"http:\/\/www.eea.europa.eu\/publications\/air-quality-in-europe-2016\">http:\/\/www.eea.europa.eu\/publications\/air-quality-in-europe-2016<\/a><\/span><\/p>\n<p>[2] Por. wyniki bada\u0144 \u015al\u0105skiego Centrum Chor\u00f3b Serca w Zabrzu, <a href=\"https:\/\/www.greenpeace.org\/static\/planet4-poland-stateless\/2019\/06\/0bd3e127-0bd3e127-161115-prezentacja-aneta-ci\u015blak.pdf\">http:\/\/healpolska.pl\/wp-content\/uploads\/2016\/11\/161115-prezentacja-Aneta-Ci\u015blak.pdf<\/a><\/p>\n<p><span lang=\"EN-US\">[3] Por. komunikat IARC, \u201cIARC: Outdoor air pollution a leading environmental cause of cancer deaths\u201d, <a href=\"https:\/\/www.greenpeace.org\/static\/planet4-poland-stateless\/2019\/06\/pr221_E.pdf\">https:\/\/www.greenpeace.org\/static\/planet4-poland-stateless\/2019\/06\/pr221_E.pdf<\/a><\/span><\/p>\n<p>[4] Por. analiza HEAL Polska, \u201cRakotw\u00f3rcze powietrze \u2013 kalkulacje HEAL dot. wp\u0142ywu zanieczyszcze\u0144 powietrza na zapadalno\u015b\u0107 na nowotw\u00f3r p\u0142uca\u201d, <a href=\"http:\/\/healpolska.pl\/aktualnosci\/rakotworcze-powietrze-kalkulacje-heal-dot-wplywu-zanieczyszczen-powietrza-na-zapadalnosc-na-nowotwor-pluca\/\">http:\/\/healpolska.pl\/aktualnosci\/rakotworcze-powietrze-kalkulacje-heal-dot-wplywu-zanieczyszczen-powietrza-na-zapadalnosc-na-nowotwor-pluca\/<\/a><\/p>\n<p>[5] Por. Wies\u0142aw J\u0119drychowski, Renata Majewska, El\u017cbieta Mr\u00f3z, El\u017cbieta Flak i Agnieszka Kie\u0142tyka, \u201eOddzia\u0142ywanie zanieczyszcze\u0144 powietrza drobnym py\u0142em zawieszonym i wielopier\u015bcieniowymi w\u0119glowodorami aromatycznymi w okresie prenatalnym na zdrowie dziecka. Badania w Krakowie.\u201d, <a href=\"https:\/\/www.greenpeace.org\/static\/planet4-poland-stateless\/2019\/06\/Zanieczyszczenia_powietrza_w_Krakowie_a_zdrowie_dzieci.pdf\">https:\/\/www.greenpeace.org\/static\/planet4-poland-stateless\/2019\/06\/Zanieczyszczenia_powietrza_w_Krakowie_a_zdrowie_dzieci.pdf<\/a><\/p>\n<\/div>\n","protected":false},"excerpt":{"rendered":"<div>\n\tZanieczyszczenie powietrza powoduje w Polsce blisko 50 tysi\u0119cy przedwczesnych zgon\u00f3w rocznie [1]. Zdarzaj\u0105 si\u0119 dni, w kt\u00f3rych przebywanie na \u201c\u015bwie\u017cym powietrzu\u201d mo\u017ce stanowi\u0107 bezpo\u015brednie zagro\u017cenie dla zdrowia i \u017cycia. Jednak minister zdrowia Konstanty Radziwi\u0142\u0142 w wywiadzie dla radia TOK FM udzielonym 3 stycznia br. okre\u015bli\u0142 smog mianem \u201czagro\u017cenia troszk\u0119 bardziej teoretycznego\u201d.\n<\/div>\n","protected":false},"author":28,"featured_media":2751,"comment_status":"closed","ping_status":"closed","sticky":false,"template":"","format":"standard","meta":{"ep_exclude_from_search":false,"p4_og_title":"","p4_og_description":"","p4_og_image":"","p4_og_image_id":"","p4_seo_canonical_url":"","p4_campaign_name":"","p4_local_project":"","p4_basket_name":"","p4_department":"","footnotes":""},"categories":[2],"tags":[34,18],"p4-page-type":[14],"class_list":["post-1308","post","type-post","status-publish","format-standard","has-post-thumbnail","hentry","category-klimat-energia","tag-smog","tag-wegiel","p4-page-type-aktualnosci"],"_links":{"self":[{"href":"https:\/\/www.greenpeace.org\/poland\/wp-json\/wp\/v2\/posts\/1308","targetHints":{"allow":["GET"]}}],"collection":[{"href":"https:\/\/www.greenpeace.org\/poland\/wp-json\/wp\/v2\/posts"}],"about":[{"href":"https:\/\/www.greenpeace.org\/poland\/wp-json\/wp\/v2\/types\/post"}],"author":[{"embeddable":true,"href":"https:\/\/www.greenpeace.org\/poland\/wp-json\/wp\/v2\/users\/28"}],"replies":[{"embeddable":true,"href":"https:\/\/www.greenpeace.org\/poland\/wp-json\/wp\/v2\/comments?post=1308"}],"version-history":[{"count":2,"href":"https:\/\/www.greenpeace.org\/poland\/wp-json\/wp\/v2\/posts\/1308\/revisions"}],"predecessor-version":[{"id":2752,"href":"https:\/\/www.greenpeace.org\/poland\/wp-json\/wp\/v2\/posts\/1308\/revisions\/2752"}],"wp:featuredmedia":[{"embeddable":true,"href":"https:\/\/www.greenpeace.org\/poland\/wp-json\/wp\/v2\/media\/2751"}],"wp:attachment":[{"href":"https:\/\/www.greenpeace.org\/poland\/wp-json\/wp\/v2\/media?parent=1308"}],"wp:term":[{"taxonomy":"category","embeddable":true,"href":"https:\/\/www.greenpeace.org\/poland\/wp-json\/wp\/v2\/categories?post=1308"},{"taxonomy":"post_tag","embeddable":true,"href":"https:\/\/www.greenpeace.org\/poland\/wp-json\/wp\/v2\/tags?post=1308"},{"taxonomy":"p4-page-type","embeddable":true,"href":"https:\/\/www.greenpeace.org\/poland\/wp-json\/wp\/v2\/p4-page-type?post=1308"}],"curies":[{"name":"wp","href":"https:\/\/api.w.org\/{rel}","templated":true}]}}