{"id":1323,"date":"2015-02-07T00:00:00","date_gmt":"2015-02-06T22:00:00","guid":{"rendered":"https:\/\/master.k8s.p4.greenpeace.org\/poland\/article\/1323\/senat-poparl-interes-spolek-energetycznych-kosztem-obywateli\/"},"modified":"2019-11-06T11:05:51","modified_gmt":"2019-11-06T09:05:51","slug":"senat-poparl-interes-spolek-energetycznych-kosztem-obywateli","status":"publish","type":"post","link":"https:\/\/www.greenpeace.org\/poland\/aktualnosci\/1323\/senat-poparl-interes-spolek-energetycznych-kosztem-obywateli\/","title":{"rendered":"Senat popar\u0142 interes sp\u00f3\u0142ek energetycznych kosztem obywateli"},"content":{"rendered":"<div class=\"leader\" style=\"font-weight: bold;margin-bottom: 12px\">\tSenat przyj\u0105\u0142 dzi\u015b ustaw\u0119 o odnawialnych \u017ar\u00f3d\u0142ach energii (OZE). Po burzliwych dyskusjach plenarnych, nocne posiedzenie komisji zaowocowa\u0142o a\u017c 135 propozycjami zmian. Najwi\u0119cej emocji wzbudzi\u0142y prace nad tzw. poprawk\u0105 prosumenck\u0105, czyli propozycj\u0105 wprowadzenia taryf gwarantowanych dla w\u0142a\u015bcicieli mikro\u017ar\u00f3de\u0142 OZE o mocy do 10 kW. Politycy zignorowali tysi\u0105ce g\u0142os\u00f3w poparcia dla tej idei, proponuj\u0105c inne rozwi\u0105zanie, kt\u00f3re znacz\u0105co wyhamuje rozw\u00f3j energetyki prosumenckiej w Polsce.<\/div>\n<div>\n<p>W obecnym kszta\u0142cie ustawa nie spe\u0142nia oczekiwa\u0144 spo\u0142ecznych. Senatorowie w zdecydowanej wi\u0119kszo\u015bci zdecydowali si\u0119 poprze\u0107 propozycje, kt\u00f3re znacz\u0105co odbiegaj\u0105 od wcze\u015bniejszych, maj\u0105cych na celu rzeczywiste zwi\u0119kszenie op\u0142acalno\u015bci inwestycji w mikroinstalacje OZE. Zamiast taryf gwarantowanych zaproponowano, by nadwy\u017cka energii produkowanej przez prosument\u00f3w by\u0142a odkupywana za kwot\u0119 wynosz\u0105c\u0105 210% \u015bredniej ceny energii z poprzedniego roku. W praktyce oznacza to, \u017ce obywatele zamiast zaproponowanych przez Sejm 75 gr\/kWh dostan\u0105 zaledwie oko\u0142o 40 gr\/kWh. Przeciwko wprowadzeniu tej niekorzystnej zmiany zag\u0142osowali senatorowie PiS oraz jeden senator niezale\u017cny. Przyj\u0119te rozwi\u0105zania b\u0119d\u0105 wspiera\u0107 g\u0142\u00f3wnie sp\u00f3\u0142ki energetyczne, ale nie zwi\u0119ksz\u0105 znacz\u0105co op\u0142acalno\u015bci inwestycji w przydomowe mikroelektrownie OZE. Decyzja Senatu jest zaskakuj\u0105ca, zw\u0142aszcza w \u015bwietle ogromnego poparcia dla rozwoju sektora odnawialnych \u017ar\u00f3d\u0142ach energii (wg sonda\u017cu CBOS z listopada 2014r. 88% spo\u0142ecze\u0144stwa chce wi\u0119cej inwestycji w OZE).<\/p>\n<p><em>Do tej sytuacji dosz\u0142o zapewne w wyniku dzia\u0142a\u0144 podj\u0119tych przez przedstawicieli monopolist\u00f3w, czyli sp\u00f3\u0142ek energetycznych. W trakcie prac komisji, senatorom oraz opinii publicznej prezentowano nierzetelne opinie, kt\u00f3re znacz\u0105co odbiega\u0142y od wynik\u00f3w ekspertyz opartych na profesjonalnych analizach ekonomicznych. Obywatele mog\u0105 czu\u0107 si\u0119 pokrzywdzeni, poniewa\u017c przyj\u0119te rozwi\u0105zania nie przys\u0142u\u017c\u0105 si\u0119 realnemu rozwojowi energetyki prosumenckiej. Izba wy\u017csza parlamentu, w kt\u00f3rej wi\u0119kszo\u015b\u0107 senator\u00f3w nale\u017cy do Platformy Obywatelskiej, w rzeczywisto\u015bci zdusi\u0142a energetyk\u0119 obywatelsk\u0105 w zarodku. U\u017cywanie okre\u015blenia 210%, a nie 40 groszy, to pr\u00f3ba podkoloryzowania fakt\u00f3w. To nie jest rzeczywiste wsparcie. Obserwuj\u0105c rosn\u0105ce poparcie dla energetyki obywatelskiej i wprowadzenia taryf gwarantowanych, jest to zaskakuj\u0105ca decyzja<\/em> &#8211; powiedzia\u0142a Anna Ogniewska, ekspertka Greenpeace ds. energetyki odnawialnej.<\/p>\n<p>Podczas posiedze\u0144 komisji senackich, Ministerstwo Gospodarki przedstawi\u0142o b\u0142\u0119dn\u0105 opini\u0119, i\u017c przyj\u0119cie taryf gwarantowanych, dla odbiorc\u00f3w ko\u0144cowych oznacza\u0107 b\u0119dzie wzrost cen energii na poziomie 31 gr za ka\u017cd\u0105 kWh. Tymczasem ekspertyzy wskazuj\u0105 jednoznacznie, \u017ce maksymalny wzrost wyni\u00f3s\u0142by zaledwie 0,036 gr za kWh. Ta niewielka kwota jest por\u00f3wnywalna z zaproponowan\u0105 w ustawie o OZE ulg\u0105 jak\u0105 maj\u0105 dosta\u0107 przedsi\u0119biorstwa energoch\u0142onne. Dodatkowo, pomimo wcze\u015bniejszych zapewnie\u0144 o wycofaniu wsparcia dla technologii wsp\u00f3\u0142spalania w\u0119gla z biomas\u0105, kt\u00f3ra w rzeczywisto\u015bci nie jest odnawialnym \u017ar\u00f3d\u0142em energii, nadal b\u0119dziemy zmuszeni dop\u0142aca\u0107 do tego procederu. Zbagatelizowano fakt, \u017ce w przeciwie\u0144stwie do wsp\u00f3\u0142spalania czy spalania importowanej biomasy w du\u017cych elektrowniach, to w\u0142a\u015bnie rozproszona energetyka obywatelska przyczyni\u0107 by si\u0119 mog\u0142a do zwi\u0119kszenia bezpiecze\u0144stwa energetycznego region\u00f3w, tworzenia nowych miejsc pracy, rozwoju ma\u0142ych i \u015brednich przedsi\u0119biorstw, a dodatkowo pozwoli\u0142aby na unikni\u0119cie strat przesy\u0142owych i zmniejszenie koszt\u00f3w zwi\u0105zanych z przebudow\u0105 sieci dystrybucyjnych.<\/p>\n<p><em>Sejmowa poprawka prosumencka mia\u0142a powoli otworzy\u0107 rynek na rozw\u00f3j energetyki obywatelskiej. Dzi\u0119ki wdro\u017ceniu taryf gwarantowanych, wiele os\u00f3b mia\u0142oby szans\u0119 na obni\u017cenie swoich rachunk\u00f3w za energi\u0119 i zwi\u0119kszenie stabilno\u015bci dostaw energii. Wszystko wskazuje jednak na to, \u017ce prawo w Polsce jest pisane pod dyktando koncern\u00f3w energetycznych, kt\u00f3re nie dadz\u0105 sobie odebra\u0107 ani grosza i uwa\u017caj\u0105, \u017ce zadaniem obywateli jest jedynie p\u0142acenie rachunk\u00f3w.<\/em> &#8211; doda\u0142a Ogniewska<\/p>\n<p>Greenpeace przypomina, \u017ce wprowadzenie taryf gwarantowanych pozwoli\u0142oby wyr\u00f3wna\u0107 szanse na zakup mikroinstalacji w\u015br\u00f3d obywateli. Dzi\u0119ki temu mechanizmowi na zakup urz\u0105dze\u0144 sta\u0107 by\u0142oby ju\u017c nie tylko najzamo\u017cniejszych. Co wi\u0119cej, koszt wprowadzenia taryf gwarantowanych dla obywateli to zaledwie 2,2% ca\u0142ego systemu wsparcia dla OZE. Jedynie pozostawienie wsparcia na poziomie przyj\u0119tym wcze\u015bniej przez Sejm przyczyni\u0142oby si\u0119 do rozwoju energetyki rozproszonej w Polsce.<\/p>\n<p>Kolejnym etapem prac nad ustaw\u0105 jest sejmowe g\u0142osowanie nad wprowadzonymi zmianami. Greenpeace apeluje do pos\u0142\u00f3w o odrzucenie poprawek senackich ograniczaj\u0105cych wsparcie dla mikroinstalacji.<\/p>\n<\/div>\n","protected":false},"excerpt":{"rendered":"<div>\n\tSenat przyj\u0105\u0142 dzi\u015b ustaw\u0119 o odnawialnych \u017ar\u00f3d\u0142ach energii (OZE). Po burzliwych dyskusjach plenarnych, nocne posiedzenie komisji zaowocowa\u0142o a\u017c 135 propozycjami zmian. Najwi\u0119cej emocji wzbudzi\u0142y prace nad tzw. poprawk\u0105 prosumenck\u0105, czyli propozycj\u0105 wprowadzenia taryf gwarantowanych dla w\u0142a\u015bcicieli mikro\u017ar\u00f3de\u0142 OZE o mocy do 10 kW. Politycy zignorowali tysi\u0105ce g\u0142os\u00f3w poparcia dla tej idei, proponuj\u0105c inne rozwi\u0105zanie, kt\u00f3re znacz\u0105co wyhamuje rozw\u00f3j energetyki prosumenckiej w Polsce.\n<\/div>\n","protected":false},"author":28,"featured_media":0,"comment_status":"closed","ping_status":"closed","sticky":false,"template":"","format":"standard","meta":{"ep_exclude_from_search":false,"p4_og_title":"","p4_og_description":"","p4_og_image":"","p4_og_image_id":"","p4_seo_canonical_url":"","p4_campaign_name":"","p4_local_project":"","p4_basket_name":"","p4_department":"","footnotes":""},"categories":[2],"tags":[18],"p4-page-type":[14],"class_list":["post-1323","post","type-post","status-publish","format-standard","hentry","category-klimat-energia","tag-wegiel","p4-page-type-aktualnosci"],"_links":{"self":[{"href":"https:\/\/www.greenpeace.org\/poland\/wp-json\/wp\/v2\/posts\/1323","targetHints":{"allow":["GET"]}}],"collection":[{"href":"https:\/\/www.greenpeace.org\/poland\/wp-json\/wp\/v2\/posts"}],"about":[{"href":"https:\/\/www.greenpeace.org\/poland\/wp-json\/wp\/v2\/types\/post"}],"author":[{"embeddable":true,"href":"https:\/\/www.greenpeace.org\/poland\/wp-json\/wp\/v2\/users\/28"}],"replies":[{"embeddable":true,"href":"https:\/\/www.greenpeace.org\/poland\/wp-json\/wp\/v2\/comments?post=1323"}],"version-history":[{"count":1,"href":"https:\/\/www.greenpeace.org\/poland\/wp-json\/wp\/v2\/posts\/1323\/revisions"}],"predecessor-version":[{"id":1324,"href":"https:\/\/www.greenpeace.org\/poland\/wp-json\/wp\/v2\/posts\/1323\/revisions\/1324"}],"wp:attachment":[{"href":"https:\/\/www.greenpeace.org\/poland\/wp-json\/wp\/v2\/media?parent=1323"}],"wp:term":[{"taxonomy":"category","embeddable":true,"href":"https:\/\/www.greenpeace.org\/poland\/wp-json\/wp\/v2\/categories?post=1323"},{"taxonomy":"post_tag","embeddable":true,"href":"https:\/\/www.greenpeace.org\/poland\/wp-json\/wp\/v2\/tags?post=1323"},{"taxonomy":"p4-page-type","embeddable":true,"href":"https:\/\/www.greenpeace.org\/poland\/wp-json\/wp\/v2\/p4-page-type?post=1323"}],"curies":[{"name":"wp","href":"https:\/\/api.w.org\/{rel}","templated":true}]}}