{"id":1339,"date":"2007-02-24T00:00:00","date_gmt":"2007-02-23T22:00:00","guid":{"rendered":"https:\/\/master.k8s.p4.greenpeace.org\/poland\/article\/1339\/nielegalne-referendum-w-sprawie-rospudy\/"},"modified":"2023-05-19T01:58:11","modified_gmt":"2023-05-18T23:58:11","slug":"nielegalne-referendum-w-sprawie-rospudy","status":"publish","type":"post","link":"https:\/\/www.greenpeace.org\/poland\/aktualnosci\/1339\/nielegalne-referendum-w-sprawie-rospudy\/","title":{"rendered":"Nielegalne referendum w sprawie Rospudy?!"},"content":{"rendered":"<div class=\"leader\" style=\"font-weight: bold; margin-bottom: 12px;\">Premier RP Jaros\u0142aw Kaczy\u0144ski chce przeprowadzi\u0107 lokalne referendum w sprawie budowy obwodnicy Doliny Rospudy. To tak, jakby chcia\u0142 decydowa\u0107 w powszechnym g\u0142osowaniu, czy mo\u017cemy \u0142ama\u0107 prawo polskie i europejskie. Wielu prawnik\u00f3w, wypowiadaj\u0105cych si\u0119 w tej sprawie, twierdzi, \u017ce budowa obwodnicy Augustowa przez teren nale\u017c\u0105cy do Natura 2000 w Dolinie Rospudy naruszy prawo.<\/div>\n<div>\n<div class=\"events-box small-box left\">\n<div class=\"frame\">\n<p><a class=\"open-img EnlargeImage\" title=\"\" href=\"https:\/\/www.greenpeace.org\/static\/planet4-poland-stateless\/2019\/06\/a629d81d-a629d81d-oboz-rospuda-04.jpg\"> <img decoding=\"async\" id=\"ctl00_cphContentArea_Property3_ctl00_ctl02_Image1\" class=\"Thumbnail alignleft\" style=\"border-width: 0px;\" src=\"https:\/\/www.greenpeace.org\/static\/planet4-poland-stateless\/2019\/06\/a629d81d-a629d81d-oboz-rospuda-04.jpg\" alt=\"\" \/><\/a><\/p>\n<p>Opini\u0119 t\u0119 podzielaj\u0105 liczni prawnicy konstytucjonali\u015bci. Prof. Piotr Winczorek, kierownik Katedry Filozofii Prawa i Nauki o Pa\u0144stwie na Uniwersytecie Warszawskim powiedzia\u0142: \u201cJe\u015bli przedstawiciele Komisji Europejskiej wysuwaj\u0105 zarzut, \u017ce ta budowa jest sprzeczna z prawem, to najpierw trzeba sprawdzi\u0107 czy ten zarzut jest s\u0142uszny. Je\u015bli oka\u017ce si\u0119 s\u0142uszny, to nie mo\u017cna prowadzi\u0107 referendum, bo nie mo\u017cna w drodze referendum lokalnego uchyla\u0107 akt\u00f3w prawa i to prawa europejskiego.\u201d<\/p>\n<\/div>\n<\/div>\n<p>Referendum w sprawie Doliny Rospudy nie b\u0119dzie te\u017c mia\u0142o \u017cadnego znaczenia dla procedur<span class=\"empty_class\">\u00a0 <\/span>wszcz\u0119tych przez Komisj\u0119 Europejsk\u0105. Dr. Hanna Machi\u0144ska z Wydzia\u0142u Prawa i Administracji Uniwersytetu Warszawskiego powiedzia\u0142a nam: \u201cJe\u015bli referendum zostanie przeprowadzone, \u0142atwo si\u0119 domy\u015bli\u0107, \u017ce mieszka\u0144cy regionu popr\u0105 budow\u0119 obwodnicy w przyj\u0119tym obecnie kszta\u0142cie. Czy jednak argument ten b\u0119dzie przekonuj\u0105cy dla Komisji Europejskiej i Europejskiego Trybuna\u0142u Sprawiedliwo\u015bci? Z ca\u0142ym przekonaniem m\u00f3wi\u0119, \u017ce NIE. Je\u015bli bowiem ludzie opowiedz\u0105 si\u0119 za \u0142amaniem unijnego prawa, nie b\u0119dzie to stanowi\u0107 dla organ\u00f3w europejskich wystarczaj\u0105cego argumentu, by zaakceptowa\u0107 \u0142amanie tego prawa.\u201d<\/p>\n<p>Zdumiewaj\u0105ce jest dla nas to, \u017ce polskie w\u0142adze uwa\u017caj\u0105, i\u017c o zdanie w tej sprawie nale\u017cy pyta\u0107 jedynie mieszka\u0144c\u00f3w Podlasia. Tak, jak g\u00f3rale nie maj\u0105 legitymacji do tego, by decydowa\u0107 czy Giewont ma zosta\u0107 przebity przez tunel, a krakowiacy \u2013 czy na Wawelu ma stan\u0105\u0107 restauracja McDonalds\u2019a, tak te\u017c mieszka\u0144cy Podlasia nie maj\u0105 prawa, by<span class=\"empty_class\">\u00a0 <\/span>zdecydowa\u0107 o bezpowrotnym zniszczeniu narodowego skarbu, jakim jest Dolina Rospudy.<\/p>\n<p>Przedstawienie przez premiera sprawy Rospudy jako przyk\u0142adu na nierozwi\u0105zywalny konflikt mi\u0119dzy budow\u0105 dr\u00f3g, a ochron\u0105 przyrody jest wprowadzaniem obywateli w b\u0142\u0105d. Sprawa Doliny Rospudy, paradoksalnie jest najlepszym przyk\u0142adem tego, \u017ce istnieje mo\u017cliwo\u015b\u0107 pogodzenia obu tych warto\u015bci \u2013 istnieje wariant zgody, kt\u00f3ry nie niszczy tego, co najcenniejsze.<\/p>\n<h3><\/h3>\n<\/div>\n","protected":false},"excerpt":{"rendered":"<div>\n\tPremier RP Jaros\u0142aw Kaczy\u0144ski chce przeprowadzi\u0107 lokalne referendum w sprawie budowy obwodnicy Doliny Rospudy. To tak, jakby chcia\u0142 decydowa\u0107 w powszechnym g\u0142osowaniu, czy mo\u017cemy \u0142ama\u0107 prawo polskie i europejskie. Wielu prawnik\u00f3w,  wypowiadaj\u0105cych si\u0119 w tej sprawie, twierdzi, \u017ce budowa obwodnicy Augustowa przez teren nale\u017c\u0105cy do Natura 2000 w Dolinie Rospudy naruszy prawo.\n<\/div>\n","protected":false},"author":28,"featured_media":1340,"comment_status":"closed","ping_status":"closed","sticky":false,"template":"","format":"standard","meta":{"ep_exclude_from_search":false,"p4_og_title":"","p4_og_description":"","p4_og_image":"","p4_og_image_id":"","p4_seo_canonical_url":"","p4_campaign_name":"","p4_local_project":"","p4_basket_name":"","p4_department":"","footnotes":""},"categories":[3],"tags":[26,20],"p4-page-type":[14],"class_list":["post-1339","post","type-post","status-publish","format-standard","has-post-thumbnail","hentry","category-przyroda","tag-ochrona-przyrody","tag-morza","p4-page-type-aktualnosci"],"_links":{"self":[{"href":"https:\/\/www.greenpeace.org\/poland\/wp-json\/wp\/v2\/posts\/1339","targetHints":{"allow":["GET"]}}],"collection":[{"href":"https:\/\/www.greenpeace.org\/poland\/wp-json\/wp\/v2\/posts"}],"about":[{"href":"https:\/\/www.greenpeace.org\/poland\/wp-json\/wp\/v2\/types\/post"}],"author":[{"embeddable":true,"href":"https:\/\/www.greenpeace.org\/poland\/wp-json\/wp\/v2\/users\/28"}],"replies":[{"embeddable":true,"href":"https:\/\/www.greenpeace.org\/poland\/wp-json\/wp\/v2\/comments?post=1339"}],"version-history":[{"count":2,"href":"https:\/\/www.greenpeace.org\/poland\/wp-json\/wp\/v2\/posts\/1339\/revisions"}],"predecessor-version":[{"id":3348,"href":"https:\/\/www.greenpeace.org\/poland\/wp-json\/wp\/v2\/posts\/1339\/revisions\/3348"}],"wp:featuredmedia":[{"embeddable":true,"href":"https:\/\/www.greenpeace.org\/poland\/wp-json\/wp\/v2\/media\/1340"}],"wp:attachment":[{"href":"https:\/\/www.greenpeace.org\/poland\/wp-json\/wp\/v2\/media?parent=1339"}],"wp:term":[{"taxonomy":"category","embeddable":true,"href":"https:\/\/www.greenpeace.org\/poland\/wp-json\/wp\/v2\/categories?post=1339"},{"taxonomy":"post_tag","embeddable":true,"href":"https:\/\/www.greenpeace.org\/poland\/wp-json\/wp\/v2\/tags?post=1339"},{"taxonomy":"p4-page-type","embeddable":true,"href":"https:\/\/www.greenpeace.org\/poland\/wp-json\/wp\/v2\/p4-page-type?post=1339"}],"curies":[{"name":"wp","href":"https:\/\/api.w.org\/{rel}","templated":true}]}}