{"id":1344,"date":"2019-01-04T00:00:00","date_gmt":"2019-01-03T22:00:00","guid":{"rendered":"https:\/\/master.k8s.p4.greenpeace.org\/poland\/article\/1344\/odstrzaly-zubrow-z-okazji-90-rocznicy-restytucji-gatunku\/"},"modified":"2021-12-01T14:40:06","modified_gmt":"2021-12-01T12:40:06","slug":"odstrzaly-zubrow-z-okazji-90-rocznicy-restytucji-gatunku","status":"publish","type":"post","link":"https:\/\/www.greenpeace.org\/poland\/komentarze\/1344\/odstrzaly-zubrow-z-okazji-90-rocznicy-restytucji-gatunku\/","title":{"rendered":"Odstrza\u0142y \u017cubr\u00f3w z okazji 90 rocznicy restytucji gatunku"},"content":{"rendered":"<div class=\"leader\" style=\"font-weight: bold; margin-bottom: 12px;\">Komentarz Ma\u0142gorzaty G\u00f3rskiej z Greenpeace do zgody na zabicie 40 \u017cubr\u00f3w w nadle\u015bnictwach Krynki i Borki.<\/div>\n<div>\n<p>W 2019 r. obchodzona b\u0119dzie uroczy\u015bcie 90. rocznica restytucji \u017cubra w Polsce. Generalny Dyrektor Ochrony \u015arodowiska w specyficzny uczci\u0142 t\u0119 okazj\u0119 \u2013 wydaj\u0105c zgody na zabicie 40 \u017cubr\u00f3w. Cho\u0107 \u201ew pierwszej kolejno\u015bci\u201d maj\u0105 by\u0107 zabijane maj\u0105 osobniki chore, to zgoda obejmuje r\u00f3wnie\u017c zdrowe \u017cubry. Tak jak w latach poprzednich argumentowana jest rzekom\u0105 \u201enadwy\u017ck\u0105 liczbow\u0105\u201d tych zwierz\u0105t. Zdaniem Greenpeace to niezgodne z prawem, gdy\u017c zgoda na odst\u0119pstwo od zakazu zabijania \u017cubr\u00f3w mo\u017ce by\u0107 wydana jedynie w ostateczno\u015bci, w przypadku braku rozwi\u0105zania alternatywnego. \u201eNadwy\u017cka liczbowa\u201d nie jest sytuacj\u0105, dla kt\u00f3rej jedynym mo\u017cliwym rozwi\u0105zaniem jest \u015bmier\u0107. W nadle\u015bnictwach Borki i Krynki, znanych z karygodnych proceder\u00f3w polowa\u0144 komercyjnych na \u017cubry, teraz maj\u0105 by\u0107 zabijane \u015brednio co najmniej 3 zwierz\u0119ta tygodniowo!<\/p>\n<p>Po nag\u0142o\u015bnieniu przez Greenpeace procederu komercyjnych polowa\u0144 na najwi\u0119kszego europejskiego ssaka [1] i dzi\u0119ki 80 tysi\u0105com podpis\u00f3w os\u00f3b sprzeciwiaj\u0105cych si\u0119 tym polowaniom [2], \u00a0Ministerstwo \u015arodowiska rozpocz\u0119\u0142o wiosn\u0105 2018 roku dyskusje na temat przysz\u0142o\u015bci ochrony \u017cubra w Polsce. Niestety okazuje si\u0119, \u017ce resort nie ma wystarczaj\u0105cej si\u0142y przebicia, by powstrzyma\u0107 skandaliczne praktyki. Podlegaj\u0105cy ministrowi \u015brodowiska Henrykowi Kowalczykowi GDO\u015a nadal \u015blepo kieruje si\u0119 wytycznymi \u201eStrategii ochrony \u017cubra w Polsce\u201d \u2013 krytykowanej przez przyrodnik\u00f3w, przestarza\u0142ej i traktuj\u0105cej \u017cubra jak zwierz\u0119 hodowlane. Wyra\u017anie wida\u0107, \u017ce populacj\u0105 tego majestatycznego zwierz\u0119cia nadal zarz\u0105dza cz\u0142onkini Polskiego Zwi\u0105zku \u0141owieckiego prof. Wanda Olech-Piasecka. To ona jest autork\u0105 Strategii, jako cz\u0142onkini komisji hodowlanych, rekomenduje odstrza\u0142y \u017cubr\u00f3w, a jako przewodnicz\u0105ca Pa\u0144stwowej Rady Ochrony Przyrody, wydaje na temat tych rekomendacji pozytywne opinie.<\/p>\n<p><strong>Zabijanie zwierz\u0105t gatunku obj\u0119tego \u015bcis\u0142\u0105 ochron\u0105 bez przekonuj\u0105cego uzasadnienia to skandal, z kt\u00f3rym \u2013 jak wida\u0107 \u2013 polski system ochrony przyrody wci\u0105\u017c sobie nie radzi i kolejny dow\u00f3d na to, \u017ce zasady zarz\u0105dzania polskimi \u017cubrami musz\u0105 by\u0107 pilnie zmienione.<\/strong><\/p>\n<p><strong><span id=\"docs-internal-guid-93df49bf-7fff-d691-ed16-324d0de885d2\"><span id=\"docs-internal-guid-971cdf57-7fff-eed5-ad98-84a329213504\"><\/span><\/span><span id=\"docs-internal-guid-93df49bf-7fff-d691-ed16-324d0de885d2\"><span id=\"docs-internal-guid-971cdf57-7fff-eed5-ad98-84a329213504\">Przypisy:<br \/>\n<\/span><\/span><\/strong><span id=\"docs-internal-guid-93df49bf-7fff-d691-ed16-324d0de885d2\"><span id=\"docs-internal-guid-971cdf57-7fff-eed5-ad98-84a329213504\">[1] <a href=\"https:\/\/www.greenpeace.org\/poland\/aktualnosci\/1396\/polowanie-na-zubra-raport-greenpeace-obnaza-mechanizm-polowan-na-zubry-w-polsce\/\">https:\/\/www.greenpeace.org\/poland\/aktualnosci\/1396\/polowanie-na-zubra-raport-greenpeace-obnaza-mechanizm-polowan-na-zubry-w-polsce\/<\/a><br \/>\n[2]\u00a0<a href=\"https:\/\/act.greenpeace.org\/page\/4921\/petition\/1?ea.tracking.id=gppl\">https:\/\/act.greenpeace.org\/page\/4921\/petition\/1?ea.tracking.id=gppl<\/a><\/span><\/span><\/p>\n<\/div>\n\t\t\t<section\n\t\t\tclass=\"boxout post-2954 \"\n\t\t\t\n\t\t>\n\t\t\t<a\n\t\t\t\tdata-ga-category=\"Take Action Boxout\"\n\t\t\t\tdata-ga-action=\"Image\"\n\t\t\t\tdata-ga-label=\"n\/a\"\n\t\t\t\tclass=\"cover-card-overlay\"\n\t\t\t\thref=\"https:\/\/www.greenpeace.org\/poland\/dzialaj-old\/wesprzyj-ochrone-zubrow\/\" \n\t\t\t><\/a>\n\t\t\t\t\t\t\t<img\n\t\t\t\t\t\tsrc=\"https:\/\/www.greenpeace.org\/static\/planet4-poland-stateless\/2019\/12\/5030ae7d-zubr-wesprzyj.jpg\"\n\t\t\t\t\t\tsrcset=\"https:\/\/www.greenpeace.org\/static\/planet4-poland-stateless\/2019\/12\/5030ae7d-zubr-wesprzyj-300x295.jpg 300w, https:\/\/www.greenpeace.org\/static\/planet4-poland-stateless\/2019\/12\/5030ae7d-zubr-wesprzyj-768x756.jpg 768w, https:\/\/www.greenpeace.org\/static\/planet4-poland-stateless\/2019\/12\/5030ae7d-zubr-wesprzyj-346x340.jpg 346w, https:\/\/www.greenpeace.org\/static\/planet4-poland-stateless\/2019\/12\/5030ae7d-zubr-wesprzyj.jpg 809w\"\n\t\t\t\t\t\tsizes=\"(min-width: 1000px) 358px, (min-width: 780px) 313px, 88px\"\n\t\t\t\t\t\talt=\"\" title=\"\"\n\t\t\t\t\/>\n            \t\t\t<div class=\"boxout-content\">\n\t\t\t\t\t\t\t\t\t<a\n\t\t\t\t\t\tclass=\"boxout-heading medium\"\n\t\t\t\t\t\tdata-ga-category=\"Take Action Boxout\"\n\t\t\t\t\t\tdata-ga-action=\"Title\"\n\t\t\t\t\t\tdata-ga-label=\"n\/a\"\n\t\t\t\t\t\thref=\"https:\/\/www.greenpeace.org\/poland\/dzialaj-old\/wesprzyj-ochrone-zubrow\/\"\n\t\t\t\t\t\t\n\t\t\t\t\t>\n\t\t\t\t\t\tWesprzyj ochron\u0119 \u017cubr\u00f3w\n\t\t\t\t\t<\/a>\n\t\t\t\t\t\t\t\t                                    <a\n                        class=\"btn btn-primary\"\n                        data-ga-category=\"Take Action Boxout\"\n                        data-ga-action=\"Call to Action\"\n                        data-ga-label=\"n\/a\"\n                        href=\"https:\/\/www.greenpeace.org\/poland\/dzialaj-old\/wesprzyj-ochrone-zubrow\/\"\n                        \n                    >\n                        Dzia\u0142aj!\n                    <\/a>\n                \t\t\t<\/div>\n\t\t\t\t\t<\/section>\n\t","protected":false},"excerpt":{"rendered":"<div>\n\tKomentarz Ma\u0142gorzaty G\u00f3rskiej z Greenpeace do zgody na zabicie 40 \u017cubr\u00f3w w nadle\u015bnictwach Krynki i Borki.\n<\/div>\n","protected":false},"author":28,"featured_media":2979,"comment_status":"closed","ping_status":"closed","sticky":false,"template":"","format":"standard","meta":{"ep_exclude_from_search":false,"p4_og_title":"","p4_og_description":"","p4_og_image":"","p4_og_image_id":"","p4_seo_canonical_url":"","p4_campaign_name":"","p4_local_project":"","p4_basket_name":"","p4_department":"","footnotes":""},"categories":[3],"tags":[26],"p4-page-type":[30],"class_list":["post-1344","post","type-post","status-publish","format-standard","has-post-thumbnail","hentry","category-przyroda","tag-ochrona-przyrody","p4-page-type-komentarze"],"_links":{"self":[{"href":"https:\/\/www.greenpeace.org\/poland\/wp-json\/wp\/v2\/posts\/1344","targetHints":{"allow":["GET"]}}],"collection":[{"href":"https:\/\/www.greenpeace.org\/poland\/wp-json\/wp\/v2\/posts"}],"about":[{"href":"https:\/\/www.greenpeace.org\/poland\/wp-json\/wp\/v2\/types\/post"}],"author":[{"embeddable":true,"href":"https:\/\/www.greenpeace.org\/poland\/wp-json\/wp\/v2\/users\/28"}],"replies":[{"embeddable":true,"href":"https:\/\/www.greenpeace.org\/poland\/wp-json\/wp\/v2\/comments?post=1344"}],"version-history":[{"count":5,"href":"https:\/\/www.greenpeace.org\/poland\/wp-json\/wp\/v2\/posts\/1344\/revisions"}],"predecessor-version":[{"id":31071,"href":"https:\/\/www.greenpeace.org\/poland\/wp-json\/wp\/v2\/posts\/1344\/revisions\/31071"}],"wp:featuredmedia":[{"embeddable":true,"href":"https:\/\/www.greenpeace.org\/poland\/wp-json\/wp\/v2\/media\/2979"}],"wp:attachment":[{"href":"https:\/\/www.greenpeace.org\/poland\/wp-json\/wp\/v2\/media?parent=1344"}],"wp:term":[{"taxonomy":"category","embeddable":true,"href":"https:\/\/www.greenpeace.org\/poland\/wp-json\/wp\/v2\/categories?post=1344"},{"taxonomy":"post_tag","embeddable":true,"href":"https:\/\/www.greenpeace.org\/poland\/wp-json\/wp\/v2\/tags?post=1344"},{"taxonomy":"p4-page-type","embeddable":true,"href":"https:\/\/www.greenpeace.org\/poland\/wp-json\/wp\/v2\/p4-page-type?post=1344"}],"curies":[{"name":"wp","href":"https:\/\/api.w.org\/{rel}","templated":true}]}}