{"id":1411,"date":"2019-05-09T00:00:00","date_gmt":"2019-05-08T22:00:00","guid":{"rendered":"https:\/\/master.k8s.p4.greenpeace.org\/poland\/article\/1411\/nie-ma-bezpiecznej-przyszlosci-polski-i-europy-bez-ochrony-klimatu\/"},"modified":"2021-12-01T14:40:03","modified_gmt":"2021-12-01T12:40:03","slug":"nie-ma-bezpiecznej-przyszlosci-polski-i-europy-bez-ochrony-klimatu","status":"publish","type":"post","link":"https:\/\/www.greenpeace.org\/poland\/aktualnosci\/1411\/nie-ma-bezpiecznej-przyszlosci-polski-i-europy-bez-ochrony-klimatu\/","title":{"rendered":"Nie ma bezpiecznej przysz\u0142o\u015bci Polski i Europy bez ochrony klimatu"},"content":{"rendered":"<div class=\"leader\" style=\"font-weight: bold; margin-bottom: 12px;\">W Sybinie w Rumunii odbywa si\u0119 dzisiaj nieformalny szczyt Rady Europejskiej dotycz\u0105cy przysz\u0142o\u015bci Unii Europejskiej. Szefowie pa\u0144stw i rz\u0105d\u00f3w kraj\u00f3w cz\u0142onkowskich b\u0119d\u0105 rozmawia\u0107 o wyzwaniach i priorytetach UE na nadchodz\u0105ce lata. Kwestie ochrony \u015brodowiska i klimatu s\u0105 jednym z temat\u00f3w dyskusji podczas spotkania. Uczniowie ze strajk\u00f3w klimatycznych z ca\u0142ej Europy i aktywi\u015bci Greenpeace rozwin\u0119li przed miejscem obrad transparent \u201cBroken climate, broken future\u201d (\u201cZniszczony klimat, zniszczona przysz\u0142o\u015b\u0107\u201d), wzywaj\u0105c europejskie rz\u0105dy do pilnej reakcji na kryzys klimatyczny.<\/div>\n<div>\n<div id=\"attachment_2278\" style=\"width: 1034px\" class=\"wp-caption alignright\"><img loading=\"lazy\" decoding=\"async\" aria-describedby=\"caption-attachment-2278\" class=\"size-full wp-image-2278\" src=\"https:\/\/www.greenpeace.org\/static\/planet4-poland-stateless\/2019\/05\/9a8ff33b-0c700f7a-greenpeace-sibiuu-1024x536.jpg\" alt=\"\" width=\"1024\" height=\"536\" srcset=\"https:\/\/www.greenpeace.org\/static\/planet4-poland-stateless\/2019\/05\/9a8ff33b-0c700f7a-greenpeace-sibiuu-1024x536.jpg 1024w, https:\/\/www.greenpeace.org\/static\/planet4-poland-stateless\/2019\/05\/9a8ff33b-0c700f7a-greenpeace-sibiuu-1024x536-300x157.jpg 300w, https:\/\/www.greenpeace.org\/static\/planet4-poland-stateless\/2019\/05\/9a8ff33b-0c700f7a-greenpeace-sibiuu-1024x536-768x402.jpg 768w, https:\/\/www.greenpeace.org\/static\/planet4-poland-stateless\/2019\/05\/9a8ff33b-0c700f7a-greenpeace-sibiuu-1024x536-510x267.jpg 510w\" sizes=\"auto, (max-width: 1024px) 100vw, 1024px\" \/><p id=\"caption-attachment-2278\" class=\"wp-caption-text\">Protest w Sybinie (Sibiu) w Rumunii<\/p><\/div>\n<\/div>\n<div>\n<p>Marek J\u00f3zefiak z Greenpeace Polska komentuje:<\/p>\n<p>Jednym z temat\u00f3w, nad kt\u00f3rymi liderzy pa\u0144stw Unii Europejskiej b\u0119d\u0105 debatowa\u0107 w rumu\u0144skim Sybinie jest kryzys klimatyczny. I s\u0142usznie: nie b\u0119dzie bezpiecznej przysz\u0142o\u015bci Europy bez zatrzymania zbli\u017caj\u0105cej si\u0119 wielkimi krokami katastrofy klimatycznej. Nie mo\u017cemy d\u0142u\u017cej zwleka\u0107 z dzia\u0142aniem. Zgodnie z najnowsz\u0105 wiedz\u0105 naukow\u0105 \u2013 raportem specjalnym IPCC \u2013 redukcja emisji prawie o po\u0142ow\u0119 musi nast\u0105pi\u0107 w ci\u0105gu zaledwie 11 lat, do 2030 roku. Dlatego grupa o\u015bmiu pa\u0144stw \u2013 m.in. Szwecja, Belgia, Dania, Hiszpania, Francja i Portugalia \u2013 zaproponowa\u0142a przed szczytem, by ochrona klimatu sta\u0142a si\u0119 priorytetem finansowym ju\u017c w programie strategicznym na lata 2019-2024. Postuluj\u0105, aby co najmniej \u00bc \u015brodk\u00f3w bud\u017cetowych przeznaczy\u0107 na ten cel oraz wy\u0142\u0105czy\u0107 finansowanie unijne dla projekt\u00f3w, kt\u00f3re z nim koliduj\u0105.<\/p>\n<p>Niestety, Polski nie tylko brakuje w\u015br\u00f3d pa\u0144stw-lider\u00f3w klimatycznych, ale te\u017c polski rz\u0105d raczej nie poprze tych jak\u017ce potrzebnych postulat\u00f3w. I to pomimo tego, \u017ce mogliby\u015bmy zapewne w ten spos\u00f3b pozyska\u0107 \u015brodki na transformacj\u0119 naszej energetyki. Aby zatrzyma\u0107 katastrof\u0119 klimatyczn\u0105 musimy przebudowa\u0107 ca\u0142\u0105 gospodark\u0119, w tym: przemys\u0142, transport, rolnictwo i domy, w kt\u00f3rych mieszkamy. Jednak w pierwszej kolejno\u015bci do zmiany idzie energetyka. Ju\u017c w 2030 roku nie b\u0119dzie w Europie miejsca dla w\u0119gla. To energetyka jest sektorem, kt\u00f3ry w Polsce najbardziej szkodzi klimatowi (odpowiada za ok. 40 proc. emisji gaz\u00f3w cieplarnianych w naszym kraju) i to w tym sektorze naj\u0142atwiej o zmiany, bo alternatywne wobec w\u0119gla technologie s\u0105 ju\u017c dost\u0119pne i tanie.<\/p>\n<p>Kilka kraj\u00f3w UE, takich jak Belgia, Litwa i \u0141otwa nie produkuje w og\u00f3le \u00a0energii z w\u0119gla. Szereg innych kraj\u00f3w og\u0142osi\u0142o swoje mniej lub bardziej ambitne plany odej\u015bcia od tego najbrudniejszego z paliw. Zrobi\u0142y tak m.in. Wielka Brytania, Niemcy, W\u0142ochy, Francja, Austria czy Portugalia. O planie odej\u015bcia od w\u0119gla debatuj\u0105 na wysokim szczeblu S\u0142owacy i W\u0119grzy. A w Polsce? Nie ma ani planu odej\u015bcia od w\u0119gla, ani nawet rozmowy na ten temat.<\/p>\n<p>Polski rz\u0105d zachowuje si\u0119 tak, jakby globalne problemy nas nie dotyczy\u0142y. Wbrew oficjalnej narracji o Polsce jako \u201cliderze w ochronie klimatu\u201d, twarde dane s\u0105 dla rz\u0105du PiS bezlitosne. Jak donosi Eurostat, w 2018 roku o 3,5 proc. zwi\u0119kszyli\u015bmy emisje CO2, przez co \u201cawansowali\u015bmy\u201d na trzecie miejsce w\u015br\u00f3d najwi\u0119kszych trucicieli klimatu w Unii. W tym niechlubnym rankingu przegonili\u015bmy du\u017co wi\u0119ksze od nas gospodarki \u2013 W\u0142ochy i Francj\u0119. Te najnowsze dane pokazuj\u0105 bankructwo polityki klimatycznej (nie)prowadzonej w ostatnich latach przez nasz rz\u0105d. Zatrzymano konieczne zmiany w energetyce, zablokowano inwestycje w odnawialne \u017ar\u00f3d\u0142a energii i zaserwowano nam tematy zast\u0119pcze, takie jak Le\u015bne Gospodarstwa W\u0119glowe, kt\u00f3re nie s\u0105 odpowiedzi\u0105 na wyzwanie kryzysu klimatycznego. Niejako w pakiecie z tymi zaniechaniami otrzymali\u015bmy dro\u017cej\u0105cy pr\u0105d i galopuj\u0105cy wzrost importu w\u0119gla z Rosji. Utrzymanie takiego kursu jest skrajnie nieodpowiedzialne i nie do pogodzenia z nasz\u0105 obecno\u015bci\u0105 w Unii Europejskiej. Je\u015bli jaki\u015b polski polityk m\u00f3wi dzisiaj, \u017ce nie zamierza odchodzi\u0107 od w\u0119gla \u2013 to oznacza r\u00f3wnie\u017c, \u017ce nie widzi dla nas przysz\u0142o\u015bci w Unii Europejskiej.<\/p>\n<\/div>\n\t\t\t<section\n\t\t\tclass=\"boxout post-30 \"\n\t\t\t\n\t\t>\n\t\t\t<a\n\t\t\t\tdata-ga-category=\"Take Action Boxout\"\n\t\t\t\tdata-ga-action=\"Image\"\n\t\t\t\tdata-ga-label=\"n\/a\"\n\t\t\t\tclass=\"cover-card-overlay\"\n\t\t\t\thref=\"https:\/\/www.greenpeace.org\/poland\/dzialaj-old\/dzialaj-dla-klimatu\/\" \n\t\t\t><\/a>\n\t\t\t\t\t\t\t<img\n\t\t\t\t\t\tsrc=\"https:\/\/www.greenpeace.org\/static\/planet4-poland-stateless\/2021\/09\/06f1e79a-51439660800_dcf586c521_k-1024x683.jpg\"\n\t\t\t\t\t\tsrcset=\"https:\/\/www.greenpeace.org\/static\/planet4-poland-stateless\/2021\/09\/06f1e79a-51439660800_dcf586c521_k-300x200.jpg 300w, https:\/\/www.greenpeace.org\/static\/planet4-poland-stateless\/2021\/09\/06f1e79a-51439660800_dcf586c521_k-1024x683.jpg 1024w, https:\/\/www.greenpeace.org\/static\/planet4-poland-stateless\/2021\/09\/06f1e79a-51439660800_dcf586c521_k-768x512.jpg 768w, https:\/\/www.greenpeace.org\/static\/planet4-poland-stateless\/2021\/09\/06f1e79a-51439660800_dcf586c521_k-1536x1024.jpg 1536w, https:\/\/www.greenpeace.org\/static\/planet4-poland-stateless\/2021\/09\/06f1e79a-51439660800_dcf586c521_k-510x340.jpg 510w, https:\/\/www.greenpeace.org\/static\/planet4-poland-stateless\/2021\/09\/06f1e79a-51439660800_dcf586c521_k.jpg 2048w\"\n\t\t\t\t\t\tsizes=\"(min-width: 1000px) 358px, (min-width: 780px) 313px, 88px\"\n\t\t\t\t\t\talt=\"\" title=\"\"\n\t\t\t\t\/>\n            \t\t\t<div class=\"boxout-content\">\n\t\t\t\t\t\t\t\t\t<a\n\t\t\t\t\t\tclass=\"boxout-heading medium\"\n\t\t\t\t\t\tdata-ga-category=\"Take Action Boxout\"\n\t\t\t\t\t\tdata-ga-action=\"Title\"\n\t\t\t\t\t\tdata-ga-label=\"n\/a\"\n\t\t\t\t\t\thref=\"https:\/\/www.greenpeace.org\/poland\/dzialaj-old\/dzialaj-dla-klimatu\/\"\n\t\t\t\t\t\t\n\t\t\t\t\t>\n\t\t\t\t\t\tDzia\u0142aj dla klimatu!\n\t\t\t\t\t<\/a>\n\t\t\t\t\t\t\t\t\t\t\t\t\t<p class=\"boxout-excerpt\">Jedyna szansa, \u017ceby ochroni\u0107 \u015bwiat przed katastrof\u0105 klimatyczn\u0105, to podj\u0119cie natychmiastowych dzia\u0142a\u0144. Dlatego wszyscy musimy zacz\u0105\u0107 dzia\u0142a\u0107 &#8211; nim b\u0119dzie za p\u00f3\u017ano.<\/p>\n\t\t\t\t                                    <a\n                        class=\"btn btn-primary\"\n                        data-ga-category=\"Take Action Boxout\"\n                        data-ga-action=\"Call to Action\"\n                        data-ga-label=\"n\/a\"\n                        href=\"https:\/\/www.greenpeace.org\/poland\/dzialaj-old\/dzialaj-dla-klimatu\/\"\n                        \n                    >\n                        Dzia\u0142aj!\n                    <\/a>\n                \t\t\t<\/div>\n\t\t\t\t\t<\/section>\n\t","protected":false},"excerpt":{"rendered":"<div>\n\tW Sybinie w Rumunii odbywa si\u0119 dzisiaj nieformalny szczyt Rady Europejskiej dotycz\u0105cy przysz\u0142o\u015bci Unii Europejskiej. Szefowie pa\u0144stw i rz\u0105d\u00f3w kraj\u00f3w cz\u0142onkowskich b\u0119d\u0105 rozmawia\u0107 o wyzwaniach i priorytetach UE na nadchodz\u0105ce lata. Kwestie ochrony \u015brodowiska i klimatu s\u0105 jednym z temat\u00f3w dyskusji podczas spotkania. Uczniowie ze strajk\u00f3w klimatycznych z ca\u0142ej Europy i aktywi\u015bci Greenpeace rozwin\u0119li przed miejscem obrad transparent \u201cBroken climate, broken future\u201d (\u201cZniszczony klimat, zniszczona przysz\u0142o\u015b\u0107\u201d), wzywaj\u0105c europejskie rz\u0105dy do pilnej reakcji na kryzys klimatyczny.\n<\/div>\n","protected":false},"author":28,"featured_media":2278,"comment_status":"closed","ping_status":"closed","sticky":false,"template":"","format":"standard","meta":{"ep_exclude_from_search":false,"p4_og_title":"","p4_og_description":"","p4_og_image":"","p4_og_image_id":"","p4_seo_canonical_url":"","p4_campaign_name":"","p4_local_project":"","p4_basket_name":"","p4_department":"","footnotes":""},"categories":[2],"tags":[18,6],"p4-page-type":[14],"class_list":["post-1411","post","type-post","status-publish","format-standard","has-post-thumbnail","hentry","category-klimat-energia","tag-wegiel","tag-klimat","p4-page-type-aktualnosci"],"_links":{"self":[{"href":"https:\/\/www.greenpeace.org\/poland\/wp-json\/wp\/v2\/posts\/1411","targetHints":{"allow":["GET"]}}],"collection":[{"href":"https:\/\/www.greenpeace.org\/poland\/wp-json\/wp\/v2\/posts"}],"about":[{"href":"https:\/\/www.greenpeace.org\/poland\/wp-json\/wp\/v2\/types\/post"}],"author":[{"embeddable":true,"href":"https:\/\/www.greenpeace.org\/poland\/wp-json\/wp\/v2\/users\/28"}],"replies":[{"embeddable":true,"href":"https:\/\/www.greenpeace.org\/poland\/wp-json\/wp\/v2\/comments?post=1411"}],"version-history":[{"count":4,"href":"https:\/\/www.greenpeace.org\/poland\/wp-json\/wp\/v2\/posts\/1411\/revisions"}],"predecessor-version":[{"id":31064,"href":"https:\/\/www.greenpeace.org\/poland\/wp-json\/wp\/v2\/posts\/1411\/revisions\/31064"}],"wp:featuredmedia":[{"embeddable":true,"href":"https:\/\/www.greenpeace.org\/poland\/wp-json\/wp\/v2\/media\/2278"}],"wp:attachment":[{"href":"https:\/\/www.greenpeace.org\/poland\/wp-json\/wp\/v2\/media?parent=1411"}],"wp:term":[{"taxonomy":"category","embeddable":true,"href":"https:\/\/www.greenpeace.org\/poland\/wp-json\/wp\/v2\/categories?post=1411"},{"taxonomy":"post_tag","embeddable":true,"href":"https:\/\/www.greenpeace.org\/poland\/wp-json\/wp\/v2\/tags?post=1411"},{"taxonomy":"p4-page-type","embeddable":true,"href":"https:\/\/www.greenpeace.org\/poland\/wp-json\/wp\/v2\/p4-page-type?post=1411"}],"curies":[{"name":"wp","href":"https:\/\/api.w.org\/{rel}","templated":true}]}}