{"id":1443,"date":"2011-11-17T00:00:00","date_gmt":"2011-11-16T22:00:00","guid":{"rendered":"https:\/\/master.k8s.p4.greenpeace.org\/poland\/article\/1443\/oswiadczenie-ws-nowego-ministra\/"},"modified":"2019-11-06T11:06:11","modified_gmt":"2019-11-06T09:06:11","slug":"oswiadczenie-ws-nowego-ministra","status":"publish","type":"post","link":"https:\/\/www.greenpeace.org\/poland\/komentarze\/1443\/oswiadczenie-ws-nowego-ministra\/","title":{"rendered":"O\u015bwiadczenie ws. nowego Ministra"},"content":{"rendered":"<div class=\"leader\" style=\"font-weight: bold;margin-bottom: 12px\">\tGratulujemy Panu Korolcowi wyboru na Ministra \u015arodowiska. Nie jest on w Polsce szeroko znany jako ekspert w dziedzinie ochrony \u015brodowiska i w tym momencie nie wiemy jeszcze, czy b\u0119dzie potrafi\u0107 wykorzysta\u0107 szanse jakie stoj\u0105 w tej dziedzinie przed naszym krajem, np. rozwoju odnawialnych \u017ar\u00f3de\u0142 energii. Mamy nadziej\u0119, \u017ce jako do\u015bwiadczony polityk, na nowym stanowisku zaprezentuje si\u0119 z jak najlepszej strony.<\/div>\n<div>\n<div class=\"events-box small-box left\">\n<div class=\"frame\">        <a class=\"open-img EnlargeImage\" href=\"https:\/\/www.greenpeace.org\/static\/planet4-poland-stateless\/2019\/06\/36bdd149-36bdd149-big.jpg\" title=\"\">            <img decoding=\"async\" id=\"ctl00_cphContentArea_Property3_ctl00_ctl02_Image1\" class=\"Thumbnail\" src=\"https:\/\/www.greenpeace.org\/static\/planet4-poland-stateless\/2019\/06\/36bdd149-36bdd149-big.jpg\" alt=\"\" style=\"border-width:0px;\"><\/p>\n<p>        <\/a>    <\/div>\n<div class=\"events-content no-title\" style=\"display:none\">        <span class=\"date\"><\/span>        <strong><\/strong><\/p>\n<p>            Sierpie\u0144  2010 &#8211; Greenpeace na budynku Ministerstwa \u015arodowiska zwracaj\u0105 uwag\u0119 \u00f3wczesnemu Ministrowi \u015arodowiska na pogarszaj\u0105cy si\u0119 stan ochrony Puszczy Bia\u0142owieskiej &#8211; polskiego skarbu narodowego i \u015bwiatowego dziedzictwa.        <\/p>\n<\/p>\n<\/div>\n<\/div>\n<p>Nawi\u0105zuj\u0105c do s\u0142\u00f3w Premiera &#8211; nie oczekujemy i nigdy nie oczekiwali\u015bmy, \u017ce nowy Minister b\u0119dzie \u201erzecznikiem Greenpeace\u2019u\u201d. Oczekujemy, \u017ce pe\u0142ni\u0105c t\u0119 funkcj\u0119 nie b\u0119dzie poddawa\u0107 si\u0119 lobbingowi wielkich koncern\u00f3w (np. energetycznych) czy pot\u0119\u017cnym grupom nacisku, jak np. Lasy Pa\u0144stwowe. Wierzymy, ze b\u0119dzie on rzeczywi\u015bcie dba\u0107 o ochron\u0119 przyrody i \u015brodowiska, bo to jest istot\u0105 tego urz\u0119du, a nie traktowa\u0142 je jako przeszkod\u0119 w realizacji cel\u00f3w gospodarczych. Tym bardziej, \u017ce przed nowym Minister czeka wiele wyzwa\u0144.<\/p>\n<p><strong>Oto niekt\u00f3re z nich:<\/strong><\/p>\n<p>&#8211; Powstrzymanie niszczenia Puszczy Bia\u0142owieskiej i ustanowienie nowej ustawy dot. park\u00f3w narodowych<\/p>\n<p>&#8211; Zatrzymanie rozprzestrzeniania w naszym kraju genetycznie modyfikowanych organizm\u00f3w<\/p>\n<p>&#8211; Przy\u015bpieszenie zmian systemu energetycznego w Polsce w kierunku rozwoju odnawialnych \u017ar\u00f3de\u0142 energii<\/p>\n<p>Mamy r\u00f3wnie\u017c nadziej\u0119, \u017ce nowy Minister, skorzysta z do\u015bwiadczenia i rad organizacji pozarz\u0105dowych zajmuj\u0105cych si\u0119 ochron\u0105 \u015brodowiska. Badania spo\u0142eczne pokazuj\u0105, \u017ce to w\u0142a\u015bnie NGO\u2019s s\u0105 w krajach Unii Europejskiej najbardziej wiarygodnym \u017ar\u00f3d\u0142em informacji o zagro\u017ceniach i mo\u017cliwo\u015bciach zwi\u0105zanych ze \u015brodowiskiem naturalnym. S\u0105 tak\u017ce jednym z podstawowych element\u00f3w tworzenia spo\u0142ecze\u0144stwa obywatelskiego, do kt\u00f3rej to idei niejednokrotnie odwo\u0142ywali si\u0119 publicznie politycy Platformy Obywatelskiej.<\/p>\n<\/div>\n","protected":false},"excerpt":{"rendered":"<div>\n\tGratulujemy Panu Korolcowi wyboru na Ministra \u015arodowiska. Nie jest on w Polsce szeroko znany jako ekspert w dziedzinie ochrony \u015brodowiska i w tym momencie nie wiemy jeszcze, czy b\u0119dzie potrafi\u0107 wykorzysta\u0107 szanse jakie stoj\u0105 w tej dziedzinie przed naszym krajem, np. rozwoju odnawialnych \u017ar\u00f3de\u0142 energii. Mamy nadziej\u0119, \u017ce jako do\u015bwiadczony polityk, na nowym stanowisku zaprezentuje si\u0119 z jak najlepszej strony.\n<\/div>\n","protected":false},"author":28,"featured_media":1444,"comment_status":"closed","ping_status":"closed","sticky":false,"template":"","format":"standard","meta":{"ep_exclude_from_search":false,"p4_og_title":"","p4_og_description":"","p4_og_image":"","p4_og_image_id":"","p4_seo_canonical_url":"","p4_campaign_name":"","p4_local_project":"","p4_basket_name":"","p4_department":"","footnotes":""},"categories":[3],"tags":[26],"p4-page-type":[30],"class_list":["post-1443","post","type-post","status-publish","format-standard","has-post-thumbnail","hentry","category-przyroda","tag-ochrona-przyrody","p4-page-type-komentarze"],"_links":{"self":[{"href":"https:\/\/www.greenpeace.org\/poland\/wp-json\/wp\/v2\/posts\/1443","targetHints":{"allow":["GET"]}}],"collection":[{"href":"https:\/\/www.greenpeace.org\/poland\/wp-json\/wp\/v2\/posts"}],"about":[{"href":"https:\/\/www.greenpeace.org\/poland\/wp-json\/wp\/v2\/types\/post"}],"author":[{"embeddable":true,"href":"https:\/\/www.greenpeace.org\/poland\/wp-json\/wp\/v2\/users\/28"}],"replies":[{"embeddable":true,"href":"https:\/\/www.greenpeace.org\/poland\/wp-json\/wp\/v2\/comments?post=1443"}],"version-history":[{"count":1,"href":"https:\/\/www.greenpeace.org\/poland\/wp-json\/wp\/v2\/posts\/1443\/revisions"}],"predecessor-version":[{"id":1445,"href":"https:\/\/www.greenpeace.org\/poland\/wp-json\/wp\/v2\/posts\/1443\/revisions\/1445"}],"wp:featuredmedia":[{"embeddable":true,"href":"https:\/\/www.greenpeace.org\/poland\/wp-json\/wp\/v2\/media\/1444"}],"wp:attachment":[{"href":"https:\/\/www.greenpeace.org\/poland\/wp-json\/wp\/v2\/media?parent=1443"}],"wp:term":[{"taxonomy":"category","embeddable":true,"href":"https:\/\/www.greenpeace.org\/poland\/wp-json\/wp\/v2\/categories?post=1443"},{"taxonomy":"post_tag","embeddable":true,"href":"https:\/\/www.greenpeace.org\/poland\/wp-json\/wp\/v2\/tags?post=1443"},{"taxonomy":"p4-page-type","embeddable":true,"href":"https:\/\/www.greenpeace.org\/poland\/wp-json\/wp\/v2\/p4-page-type?post=1443"}],"curies":[{"name":"wp","href":"https:\/\/api.w.org\/{rel}","templated":true}]}}