{"id":1479,"date":"2014-12-01T00:00:00","date_gmt":"2014-11-30T22:00:00","guid":{"rendered":"https:\/\/master.k8s.p4.greenpeace.org\/poland\/article\/1479\/nowelizacja-ustawy-o-organizmach-zmodyfikowanych-genetycznie-komentarz\/"},"modified":"2019-11-06T11:05:52","modified_gmt":"2019-11-06T09:05:52","slug":"nowelizacja-ustawy-o-organizmach-zmodyfikowanych-genetycznie-komentarz","status":"publish","type":"post","link":"https:\/\/www.greenpeace.org\/poland\/aktualnosci\/1479\/nowelizacja-ustawy-o-organizmach-zmodyfikowanych-genetycznie-komentarz\/","title":{"rendered":"Nowelizacja ustawy o organizmach zmodyfikowanych genetycznie &#8211; komentarz"},"content":{"rendered":"<div class=\"leader\" style=\"font-weight: bold;margin-bottom: 12px\">\tUwaga: proponowane zmiany w ustawie nie znosz\u0105 zakazu uprawy GMO w Polsce, w tym kukurydzy MON810 \u2013 jedynego gatunku GMO dopuszczonego do uprawy na terenie Unii Europejskiej.<\/div>\n<div>\n<p>W tocz\u0105cej si\u0119 dyskusji na temat GMO w Polsce pojawia si\u0119 du\u017co nie\u015bcis\u0142o\u015bci i pomieszanych w\u0105tk\u00f3w. Nowelizacja ustawy o GMO nie obala obowi\u0105zuj\u0105cych w Polsce zakaz\u00f3w upraw GMO (kukurydzy MON810 \u2013 odmiany dozwolonej pod upraw\u0119 w UE) \u2013 wci\u0105\u017c nie b\u0119dzie mo\u017cna uprawia\u0107 GMO, ani nie wp\u0142ynie na wielko\u015b\u0107 sprzeda\u017cy i dost\u0119pno\u015b\u0107 produkt\u00f3w GMO (lub z domieszk\u0105 GMO) w sklepach. A teraz kilka s\u0142\u00f3w wyja\u015bniania:<\/p>\n<p>Nowelizacja ustawy o organizmach zmodyfikowanych genetycznie ma na celu dostosowanie prawa krajowego do ustawodawstwa unijnego, w tym dyrektywy Parlamentu Europejskiego i Rady 2009\/41\/WE w sprawie ograniczonego stosowania mikroorganizm\u00f3w zmodyfikowanych genetycznie (czyli u\u017cycia laboratoryjnego) i dyrektywy Parlamentu Europejskiego i Rady 2001\/18\/WE w sprawie zamierzonego uwalniania do \u015brodowiska organizm\u00f3w zmodyfikowanych genetycznie.<\/p>\n<p>Przyst\u0119puj\u0105c do Unii Europejskiej, pa\u0144stwa cz\u0142onkowskie zobowi\u0105zane s\u0105 do wdro\u017cenia do swojego prawa zapis\u00f3w dyrektyw. Obecna nowelizacja to dopiero pierwszy, ma\u0142y krok w zakresie dostosowania polskiego prawa o GMO do norm unijnych. Czekaj\u0105 nas kolejne, w tym w my\u015bl wyroku Europejskiego Trybuna\u0142u Sprawiedliwo\u015bci, wprowadzenie zapis\u00f3w dotycz\u0105cych rejestr\u00f3w komercyjnych upraw GMO[1], poniewa\u017c nie posiadaj\u0105c takiego rejestru, nie wype\u0142niamy zobowi\u0105za\u0144 wynikaj\u0105cych z dyrektywy 2001\/18\/WE.\u00a0<\/p>\n<p>Rejestr b\u0119dzie musia\u0142 by\u0107 wprowadzony nawet w sytuacji, gdy uprawy te, jak to ma miejsce obecnie, s\u0105 zakazane. W Polsce nie mo\u017cna uprawia\u0107 ro\u015blin GMO na mocy rozporz\u0105dze\u0144 z 2 stycznia 2013 r.[2] w oparciu o dyrektyw\u0119 nasienn\u0105. Docelowo Polska b\u0119dzie musia\u0142a implementowa\u0107 ca\u0142\u0105 dyrektyw\u0119 2001\/18, w tym, co najwa\u017cniejsze, art. 23, czyli klauzul\u0119 bezpiecze\u0144stwa, na mocy kt\u00f3rej zakazy wprowadzi\u0142y pozosta\u0142e kraje Wsp\u00f3lnoty.<\/p>\n<p>W zakresie sprzeda\u017cy, czy produkcji \u017cywno\u015bci w Polsce obowi\u0105zuj\u0105 normy unijne, kt\u00f3re nakazuj\u0105 oznaczanie produkt\u00f3w spo\u017cywczych zawieraj\u0105cych sk\u0142adniki GMO, je\u015bli te znajduj\u0105 si\u0119 w nich w ilo\u015bci przekraczaj\u0105cej 0,9%.[3] Nie ma wymogu oznaczania produkt\u00f3w nabia\u0142owych i mi\u0119snych pochodz\u0105cych od zwierz\u0105t karmionych paszami z GMO.<\/p>\n<div><br clear=\"all\"><\/p>\n<hr align=\"left\" size=\"1\" width=\"33%\">\n<div id=\"ftn1\">\n<p><a title=\"\" name=\"_ftn1\" href=\"file:\/\/\/C:\/Users\/Marianna\/Downloads\/ustawa%20sejm%20stanowisko.docx#_ftnref1\">[1]<\/a> <a href=\"http:\/\/curia.europa.eu\/juris\/document\/document.jsf?text=&amp;docid=158187&amp;pageIndex=0&amp;doclang=pl&amp;mode=lst&amp;dir=&amp;occ=first&amp;part=1&amp;cid=335989\">http:\/\/curia.europa.eu\/juris\/document\/document.jsf?text=&amp;docid=158187&amp;pageIndex=0&amp;doclang=pl&amp;mode=lst&amp;dir=&amp;occ=first&amp;part=1&amp;cid=335989<\/a><\/p>\n<\/div>\n<div id=\"ftn2\">\n<p><a title=\"\" name=\"_ftn2\" href=\"file:\/\/\/C:\/Users\/Marianna\/Downloads\/ustawa%20sejm%20stanowisko.docx#_ftnref2\">[2]<\/a> <a href=\"http:\/\/isap.sejm.gov.pl\/DetailsServlet?id=WDU20130000039\">http:\/\/isap.sejm.gov.pl\/DetailsServlet?id=WDU20130000039<\/a><\/p>\n<p><a href=\"http:\/\/isap.sejm.gov.pl\/DetailsServlet?id=WDU20130000027\">http:\/\/isap.sejm.gov.pl\/DetailsServlet?id=WDU20130000027<\/a><\/p>\n<\/div>\n<div id=\"ftn3\">\n<p><a title=\"\" name=\"_ftn3\" href=\"file:\/\/\/C:\/Users\/Marianna\/Downloads\/ustawa%20sejm%20stanowisko.docx#_ftnref3\">[3]<\/a> <a href=\"https:\/\/www.greenpeace.org\/static\/planet4-poland-stateless\/2019\/06\/GMO-6.pdf\">https:\/\/www.greenpeace.org\/static\/planet4-poland-stateless\/2019\/06\/GMO-6.pdf<\/a><\/p>\n<\/div>\n<\/div>\n<\/div>\n","protected":false},"excerpt":{"rendered":"<div>\n\tUwaga: proponowane zmiany w ustawie nie znosz\u0105 zakazu uprawy GMO w Polsce, w tym kukurydzy MON810 \u2013 jedynego gatunku GMO dopuszczonego do uprawy na terenie Unii Europejskiej.\n<\/div>\n","protected":false},"author":28,"featured_media":0,"comment_status":"closed","ping_status":"closed","sticky":false,"template":"","format":"standard","meta":{"ep_exclude_from_search":false,"p4_og_title":"","p4_og_description":"","p4_og_image":"","p4_og_image_id":"","p4_seo_canonical_url":"","p4_campaign_name":"","p4_local_project":"","p4_basket_name":"","p4_department":"","footnotes":""},"categories":[4],"tags":[27],"p4-page-type":[14],"class_list":["post-1479","post","type-post","status-publish","format-standard","hentry","category-rolnictwo","tag-rolnictwo","p4-page-type-aktualnosci"],"_links":{"self":[{"href":"https:\/\/www.greenpeace.org\/poland\/wp-json\/wp\/v2\/posts\/1479","targetHints":{"allow":["GET"]}}],"collection":[{"href":"https:\/\/www.greenpeace.org\/poland\/wp-json\/wp\/v2\/posts"}],"about":[{"href":"https:\/\/www.greenpeace.org\/poland\/wp-json\/wp\/v2\/types\/post"}],"author":[{"embeddable":true,"href":"https:\/\/www.greenpeace.org\/poland\/wp-json\/wp\/v2\/users\/28"}],"replies":[{"embeddable":true,"href":"https:\/\/www.greenpeace.org\/poland\/wp-json\/wp\/v2\/comments?post=1479"}],"version-history":[{"count":1,"href":"https:\/\/www.greenpeace.org\/poland\/wp-json\/wp\/v2\/posts\/1479\/revisions"}],"predecessor-version":[{"id":1480,"href":"https:\/\/www.greenpeace.org\/poland\/wp-json\/wp\/v2\/posts\/1479\/revisions\/1480"}],"wp:attachment":[{"href":"https:\/\/www.greenpeace.org\/poland\/wp-json\/wp\/v2\/media?parent=1479"}],"wp:term":[{"taxonomy":"category","embeddable":true,"href":"https:\/\/www.greenpeace.org\/poland\/wp-json\/wp\/v2\/categories?post=1479"},{"taxonomy":"post_tag","embeddable":true,"href":"https:\/\/www.greenpeace.org\/poland\/wp-json\/wp\/v2\/tags?post=1479"},{"taxonomy":"p4-page-type","embeddable":true,"href":"https:\/\/www.greenpeace.org\/poland\/wp-json\/wp\/v2\/p4-page-type?post=1479"}],"curies":[{"name":"wp","href":"https:\/\/api.w.org\/{rel}","templated":true}]}}