{"id":1506,"date":"2015-08-08T00:00:00","date_gmt":"2015-08-07T22:00:00","guid":{"rendered":"https:\/\/master.k8s.p4.greenpeace.org\/poland\/article\/1506\/protest-pod-elektrownia-janschwalde-kilkaset-osob-utworzylo-ludzki-obraz-widoczny-z-lotu-ptaka\/"},"modified":"2019-11-06T11:05:47","modified_gmt":"2019-11-06T09:05:47","slug":"protest-pod-elektrownia-janschwalde-kilkaset-osob-utworzylo-ludzki-obraz-widoczny-z-lotu-ptaka","status":"publish","type":"post","link":"https:\/\/www.greenpeace.org\/poland\/aktualnosci\/1506\/protest-pod-elektrownia-janschwalde-kilkaset-osob-utworzylo-ludzki-obraz-widoczny-z-lotu-ptaka\/","title":{"rendered":"Protest pod elektrowni\u0105 J\u00e4nschwalde. Kilkaset os\u00f3b utworzy\u0142o ludzki obraz widoczny z lotu ptaka."},"content":{"rendered":"<div class=\"leader\" style=\"font-weight: bold;margin-bottom: 12px\">\tMieszka\u0144cy gmin Gubin i Brody, Stowarzyszenie Nie Kopalni Odkrywkowej, mieszka\u0144cy Wielkopolski i Kujaw, zagro\u017ceni odkrywkami, oraz ci, kt\u00f3rzy cierpi\u0105 z powodu istniej\u0105cych ju\u017c kopalni odkrywkowych, spotkali si\u0119 z niemieckimi s\u0105siadami, \u017ceby zaprotestowa\u0107 przeciwko wydobyciu i spalaniu w\u0119gla brunatnego. Utworzyli widoczny z powietrza ludzki obraz przypominaj\u0105cy dym wydobywaj\u0105cy si\u0119 z komin\u00f3w elektrowni.<\/div>\n<div>\n<p dir=\"ltr\"><span><\/p>\n<div class=\"events-box small-box left\">\n<div class=\"frame reset-padding\">        <a class=\"open-img EnlargeImage\" href=\"https:\/\/www.greenpeace.org\/static\/planet4-poland-stateless\/2019\/06\/24206f48-24206f48-coalkilla.jpg\" title=\"\">            <img decoding=\"async\" id=\"ctl00_cphContentArea_Property3_ctl00_ctl02_Image1\" class=\"Thumbnail\" src=\"https:\/\/www.greenpeace.org\/static\/planet4-poland-stateless\/2019\/06\/24206f48-24206f48-coalkilla.jpg\" alt=\"\" style=\"border-width:0px;\"><\/p>\n<p>        <\/a>    <\/div>\n<div class=\"hidden\">        <span class=\"date\"><\/span>        <strong><\/strong><\/p>\n<\/p>\n<\/div>\n<\/div>\n<p>Akcja by\u0142a kontynuacj\u0105 zesz\u0142orocznego protestu \u0141a\u0144cuch Ludzi Stop Odkrywce, a tak\u017ce aktem solidarno\u015bci z mieszka\u0144cami gmin dotkni\u0119tych przez odkrywki.<\/span><span> Zanieczyszczenia z elektrowni<\/span><span> J\u00e4nschwalde<\/span><span> truj\u0105 ludzi zar\u00f3wno w Niemczech, jak i w Polsce. Pobliska odkrywka przyczynia si\u0119 do osuszania terenu i pogorszenia jako\u015bci w\u00f3d po obu stronach granicy, powoduj\u0105c straty w rolnictwie i obci\u0105\u017caj\u0105c bud\u017cety \u2013 tak\u017ce polskich \u2013 gmin.<\/span><\/p>\n<p><em>Nasze rolnictwo i nasze gminy od lat trac\u0105 i zmuszone s\u0105 wydawa\u0107 dodatkowe pieni\u0105dze z powodu zanieczyszczenia wody i osuszania terenu, kt\u00f3re jest powodowane przez kopalnie odkrywkowe w\u0119gla brunatnego dzia\u0142aj\u0105ce po stronie niemieckiej, takie jak J\u00e4nschwalde. Z powodu zanieczyszczenia i osuszenia terenu, gmina by\u0142a zmuszona wykopa\u0107 g\u0142\u0119bsz\u0105 studni\u0119 g\u0142\u0119binow\u0105 oraz wykona\u0107 dodatkowe zabiegi oczyszczania, co w latach 2012\u20132015 obci\u0105\u017cy\u0142o bud\u017cet o ponad 100 tys. z\u0142. To tylko jeden z kilku tego typu przyk\u0142ad\u00f3w. Dlatego korzystaj\u0105c z dost\u0119pnych narz\u0119dzi prawnych, na mocy ustawy \u201ePrawo geologiczne i g\u00f3rnicze\u201d, gmina Gubin skieruje wkr\u00f3tce wniosek do sp\u00f3\u0142ki Vattenfall o rekompensat\u0119 finansow\u0105 zwi\u0105zan\u0105 z poniesionymi kosztami. Gmina b\u0119dzie tak\u017ce wspiera\u0107 mieszka\u0144c\u00f3w, kt\u00f3rzy zdecyduj\u0105 si\u0119 wyst\u0105pi\u0107 do sp\u00f3\u0142ki Vattenfall o rekompensat\u0119 koszt\u00f3w poniesionych z powodu osuszenia lub zanieczyszczenia terenu przez kopalnie odkrywkowe dzia\u0142aj\u0105ce po stronie niemieckiej. Zach\u0119cam zainteresowanych mieszka\u0144c\u00f3w do kontaktu z Urz\u0119dem Gminy w tej sprawie<\/em><span> \u2013<\/span><span> <\/span><span>p<\/span><span>owiedzia\u0142<\/span><span> Zbigniew Barski, w\u00f3jt gm. Gubin.<\/span><\/p>\n<p><em>Udzia\u0142 w dzisiejszej akcji jest sprzeciwem wobec dalszego planowania kopalni odkrywkowych. Od lat truje nas niemiecka elektrownia J\u00e4nschwalde. Odkrywkowe plany koncernu PGE blokuj\u0105 prawdziwy rozw\u00f3j gmin. Mieszka\u0144cy w wa\u017cnych referendach opowiedzieli si\u0119 przeciwko kopalni, a w ostatnich wyborach ponownie wybrano w\u00f3jt\u00f3w przeciwnych odkrywkom. Dlatego b\u0119dziemy protestowa\u0107 a\u017c do skutku<\/em> \u2013 powiedzia\u0142a Anna Dziadek ze Stowarzyszenia Nie Kopalni Odkrywkowej.<\/p>\n<p>W sierpniu 2014 r. ponad 7,5 tys. ludzi stan\u0119\u0142o w \u0141a\u0144cuchu Ludzi STOP Odkrywce, protestuj\u0105c przeciw odkrywkowym planom koncernu PGE na terenie gmin Gubin i Brody oraz koncernu Vattenfall w Niemczech.<\/p>\n<p><em>Greenpeace nieustannie wspiera mieszka\u0144c\u00f3w w ich prote\u015bcie \u2013 zar\u00f3wno po stronie polskiej, jak i niemieckiej. Do dzi\u015b bowiem nie zapad\u0142y decyzje pozwalaj\u0105ce odetchn\u0105\u0107 z ulg\u0105 tysi\u0105com mieszka\u0144c\u00f3w, kt\u00f3rych egzystencji zagra\u017ca widmo powstania kopalni odkrywkowej w\u0119gla brunatnego.Tym protestem zwracamy uwag\u0119, jak niszcz\u0105cy wp\u0142yw na polskie i niemieckie rolnictwo oraz zdrowie ludzi maj\u0105 dzia\u0142aj\u0105ce ju\u017c odkrywki i elektrownie po stronie niemieckiej. Wraz z mieszka\u0144cami sprzeciwiamy si\u0119 rozbudowie istniej\u0105cych i powstaniu nowych. Odkrywki to gospodarka rabunkowa, kt\u00f3ra powoduje zatrucie \u015brodowiska, obni\u017canie poziomu w\u00f3d gruntowych i osuszanie terenu w Polsce i w Niemczech<\/em> \u2013 powiedzia\u0142 Iwo \u0141o\u015b, ekspert ds. bezpiecze\u0144stwa energetycznego Greenpeace Polska.<\/p>\n<p><em>Trzeba powstrzyma\u0107 to szale\u0144stwo. <span>Elektrownie spalaj\u0105ce w\u0119giel brunatny<\/span>, takie jak J\u00e4nschwalde, emituj\u0105 py\u0142y, rt\u0119\u0107 i toksyczne gazy (np. tlenki siarki i tlenki azotu), zanieczyszczaj\u0105 powietrze. Nieustannie szkodz\u0105 zdrowiu ludzi, przyczyniaj\u0105c si\u0119 do przedwczesnych zgon\u00f3w, zachorowa\u0144 na raka p\u0142uc, zawa\u0142\u00f3w serca i napad\u00f3w astmy. Nowe kopalnie spowodowa\u0142yby dodatkowe zanieczyszczenia teren\u00f3w rolniczych, obni\u017cenie poziomu w\u00f3d gruntowych i wysiedlenia ludno\u015bci <\/em>\u2013 powiedzia\u0142 dr hab. Leszek Pazderski, ekspert ds. polityki ekologicznej Greenpeace Polska.<\/p>\n<p><span>\u00a0<\/p>\n<div style=\"position: relative; padding-bottom: 76%; height: 0; overflow: hidden;\"><iframe id=\"iframe\" src=\"https:\/\/flickrit.com\/slideshowholder.php?height=75&amp;size=big&amp;speed=stop&amp;setId=72157656626091789&amp;click=true&amp;credit=2&amp;trans=1&amp;theme=1&amp;thumbnails=2&amp;transition=0&amp;layoutType=responsive&amp;sort=0\" scrolling=\"no\" frameborder=\"0\" style=\"width:100%; height:100%; position: absolute; top:0; left:0;\"><\/iframe><\/div>\n<p>\u00a0<\/span><\/p>\n<\/div>\n","protected":false},"excerpt":{"rendered":"<div>\n\tMieszka\u0144cy gmin Gubin i Brody, Stowarzyszenie Nie Kopalni Odkrywkowej, mieszka\u0144cy Wielkopolski i Kujaw, zagro\u017ceni odkrywkami, oraz ci, kt\u00f3rzy cierpi\u0105 z powodu istniej\u0105cych ju\u017c kopalni odkrywkowych, spotkali si\u0119 z niemieckimi s\u0105siadami, \u017ceby zaprotestowa\u0107 przeciwko wydobyciu i spalaniu w\u0119gla brunatnego. Utworzyli widoczny z powietrza ludzki obraz przypominaj\u0105cy dym wydobywaj\u0105cy si\u0119 z komin\u00f3w elektrowni.\n<\/div>\n","protected":false},"author":28,"featured_media":1507,"comment_status":"closed","ping_status":"closed","sticky":false,"template":"","format":"standard","meta":{"ep_exclude_from_search":false,"p4_og_title":"","p4_og_description":"","p4_og_image":"","p4_og_image_id":"","p4_seo_canonical_url":"","p4_campaign_name":"","p4_local_project":"","p4_basket_name":"","p4_department":"","footnotes":""},"categories":[2],"tags":[18,24],"p4-page-type":[14],"class_list":["post-1506","post","type-post","status-publish","format-standard","has-post-thumbnail","hentry","category-klimat-energia","tag-wegiel","tag-aktywizm","p4-page-type-aktualnosci"],"_links":{"self":[{"href":"https:\/\/www.greenpeace.org\/poland\/wp-json\/wp\/v2\/posts\/1506","targetHints":{"allow":["GET"]}}],"collection":[{"href":"https:\/\/www.greenpeace.org\/poland\/wp-json\/wp\/v2\/posts"}],"about":[{"href":"https:\/\/www.greenpeace.org\/poland\/wp-json\/wp\/v2\/types\/post"}],"author":[{"embeddable":true,"href":"https:\/\/www.greenpeace.org\/poland\/wp-json\/wp\/v2\/users\/28"}],"replies":[{"embeddable":true,"href":"https:\/\/www.greenpeace.org\/poland\/wp-json\/wp\/v2\/comments?post=1506"}],"version-history":[{"count":1,"href":"https:\/\/www.greenpeace.org\/poland\/wp-json\/wp\/v2\/posts\/1506\/revisions"}],"predecessor-version":[{"id":1508,"href":"https:\/\/www.greenpeace.org\/poland\/wp-json\/wp\/v2\/posts\/1506\/revisions\/1508"}],"wp:featuredmedia":[{"embeddable":true,"href":"https:\/\/www.greenpeace.org\/poland\/wp-json\/wp\/v2\/media\/1507"}],"wp:attachment":[{"href":"https:\/\/www.greenpeace.org\/poland\/wp-json\/wp\/v2\/media?parent=1506"}],"wp:term":[{"taxonomy":"category","embeddable":true,"href":"https:\/\/www.greenpeace.org\/poland\/wp-json\/wp\/v2\/categories?post=1506"},{"taxonomy":"post_tag","embeddable":true,"href":"https:\/\/www.greenpeace.org\/poland\/wp-json\/wp\/v2\/tags?post=1506"},{"taxonomy":"p4-page-type","embeddable":true,"href":"https:\/\/www.greenpeace.org\/poland\/wp-json\/wp\/v2\/p4-page-type?post=1506"}],"curies":[{"name":"wp","href":"https:\/\/api.w.org\/{rel}","templated":true}]}}