{"id":1519,"date":"2014-06-24T00:00:00","date_gmt":"2014-06-23T22:00:00","guid":{"rendered":"https:\/\/master.k8s.p4.greenpeace.org\/poland\/article\/1519\/oswiadczenie-greenpeace-w-sprawie-straty-finansowej\/"},"modified":"2019-11-06T11:05:55","modified_gmt":"2019-11-06T09:05:55","slug":"oswiadczenie-greenpeace-w-sprawie-straty-finansowej","status":"publish","type":"post","link":"https:\/\/www.greenpeace.org\/poland\/komentarze\/1519\/oswiadczenie-greenpeace-w-sprawie-straty-finansowej\/","title":{"rendered":"O\u015bwiadczenie Greenpeace w sprawie  straty finansowej"},"content":{"rendered":"<div class=\"leader\" style=\"font-weight: bold;margin-bottom: 12px\">\tW nawi\u0105zaniu do niedawnych publikacji zwi\u0105zanych ze strat\u0105 3,8 mln euro, jak\u0105 ponios\u0142o Greenpeace International w wyniku b\u0142\u0119dnych decyzji w zarz\u0105dzaniu wymian\u0105 walut, pragniemy wyrazi\u0107 swoje ubolewanie oraz przeprosi\u0107 naszych darczy\u0144c\u00f3w za zaistnia\u0142\u0105 sytuacj\u0119.<\/div>\n<div>\n<p>Jednocze\u015bnie chcemy zapewni\u0107, \u017ce podj\u0119te zosta\u0142y kroki maj\u0105ce na celu wyeliminowanie podobnej pomy\u0142ki w przysz\u0142o\u015bci.<\/p>\n<p>Jako organizacja globalna dzia\u0142amy w 40 krajach, a finansowanie Greenpeace International odbywa si\u0119 w wielu walutach, kt\u00f3rych kursy cz\u0119sto ulegaj\u0105 wahaniom.<\/p>\n<p>Strata finansowa jest wynikiem serii b\u0142\u0119d\u00f3w w ocenie sytuacji oraz przekroczenia kompetencji pracownika zatrudnionego w mi\u0119dzynarodowym dziale finans\u00f3w organizacji. Greenpeace International podpisa\u0142 kontrakty na zakup walut po sta\u0142ej cenie, w tym samym czasie euro stawa\u0142o si\u0119 silniejsze. W wyniku r\u00f3\u017cnic w kursach walut, organizacja ponios\u0142a starty finansowe w wysoko\u015bci 3,8 mln euro.<\/p>\n<p>Pracownik dzia\u0142a\u0142 w intencji zabezpieczenia finans\u00f3w organizacji, nic nie wskazuje na to, by jego dzia\u0142anie podyktowane by\u0142o korzy\u015bci\u0105 osobist\u0105.<\/p>\n<p>Jeste\u015bmy w trakcie prowadzenia wewn\u0119trznego dochodzenia, kt\u00f3re ma wyja\u015bni\u0107 wszystkie przyczyny zaistnia\u0142ej sytuacji. Rada Greenpeace International zleci\u0142a niezale\u017cny audyt, kt\u00f3ry ma na celu popraw\u0119 wewn\u0119trznych procedur.<\/p>\n<p>Roczny raport za 2013r., kt\u00f3ry zostanie niebawem opublikowany uwzgl\u0119dnia deficyt na poziomie 6,8 mln euro (uwzgl\u0119dniaj\u0105cy 3,8 mln strat wynikaj\u0105cych z b\u0142\u0119dnej decyzji naszego pracownika). Ubieg\u0142oroczny przych\u00f3d organizacji wyni\u00f3s\u0142 72,9 mln euro w ramach globalnego bud\u017cetu organizacji na poziomie ok. 300 mln euro.<\/p>\n<p>Greenpeace istnieje dzi\u0119ki zaufaniu darczy\u0144c\u00f3w. By zachowa\u0107 niezale\u017cno\u015b\u0107 naszych dzia\u0142a\u0144, nie przyjmujemy funduszy od rz\u0105d\u00f3w ani biznesu. Prowadzimy dzia\u0142alno\u015b\u0107 dzi\u0119ki wsparciu milion\u00f3w os\u00f3b na ca\u0142ym \u015bwiecie. Jeste\u015bmy niezwykle wdzi\u0119czni za zaufanie, kt\u00f3rym obdarzy\u0142o nas tyle os\u00f3b i jeste\u015bmy zdeterminowani by do\u0142o\u017cy\u0107 wszelkich stara\u0144 by tego zaufania nie zawie\u015b\u0107.<\/p>\n<p>W ci\u0105gu najbli\u017cszych dw\u00f3ch \u2013 trzech lat dokonamy ogranicze\u0144 w planowanych wydatkach na modernizacj\u0119 sprz\u0119tu, kt\u00f3re skompensuj\u0105 strat\u0119. Nie dokonamy \u017cadnych ci\u0119\u0107 w bud\u017cetach przeznaczonych na prowadzone przez nas kampanie na rzecz klimatu, ocean\u00f3w, las\u00f3w i ochrony \u015brodowiska.<\/p>\n<\/div>\n","protected":false},"excerpt":{"rendered":"<div>\n\tW nawi\u0105zaniu do niedawnych publikacji zwi\u0105zanych ze strat\u0105 3,8 mln euro, jak\u0105 ponios\u0142o Greenpeace International w wyniku b\u0142\u0119dnych decyzji w zarz\u0105dzaniu wymian\u0105 walut, pragniemy wyrazi\u0107 swoje ubolewanie oraz przeprosi\u0107 naszych darczy\u0144c\u00f3w za zaistnia\u0142\u0105 sytuacj\u0119.\n<\/div>\n","protected":false},"author":28,"featured_media":0,"comment_status":"closed","ping_status":"closed","sticky":false,"template":"","format":"standard","meta":{"ep_exclude_from_search":false,"p4_og_title":"","p4_og_description":"","p4_og_image":"","p4_og_image_id":"","p4_seo_canonical_url":"","p4_campaign_name":"","p4_local_project":"","p4_basket_name":"","p4_department":"","footnotes":""},"categories":[33],"tags":[13],"p4-page-type":[30],"class_list":["post-1519","post","type-post","status-publish","format-standard","hentry","category-greenpeace","tag-o-nas","p4-page-type-komentarze"],"_links":{"self":[{"href":"https:\/\/www.greenpeace.org\/poland\/wp-json\/wp\/v2\/posts\/1519","targetHints":{"allow":["GET"]}}],"collection":[{"href":"https:\/\/www.greenpeace.org\/poland\/wp-json\/wp\/v2\/posts"}],"about":[{"href":"https:\/\/www.greenpeace.org\/poland\/wp-json\/wp\/v2\/types\/post"}],"author":[{"embeddable":true,"href":"https:\/\/www.greenpeace.org\/poland\/wp-json\/wp\/v2\/users\/28"}],"replies":[{"embeddable":true,"href":"https:\/\/www.greenpeace.org\/poland\/wp-json\/wp\/v2\/comments?post=1519"}],"version-history":[{"count":1,"href":"https:\/\/www.greenpeace.org\/poland\/wp-json\/wp\/v2\/posts\/1519\/revisions"}],"predecessor-version":[{"id":1520,"href":"https:\/\/www.greenpeace.org\/poland\/wp-json\/wp\/v2\/posts\/1519\/revisions\/1520"}],"wp:attachment":[{"href":"https:\/\/www.greenpeace.org\/poland\/wp-json\/wp\/v2\/media?parent=1519"}],"wp:term":[{"taxonomy":"category","embeddable":true,"href":"https:\/\/www.greenpeace.org\/poland\/wp-json\/wp\/v2\/categories?post=1519"},{"taxonomy":"post_tag","embeddable":true,"href":"https:\/\/www.greenpeace.org\/poland\/wp-json\/wp\/v2\/tags?post=1519"},{"taxonomy":"p4-page-type","embeddable":true,"href":"https:\/\/www.greenpeace.org\/poland\/wp-json\/wp\/v2\/p4-page-type?post=1519"}],"curies":[{"name":"wp","href":"https:\/\/api.w.org\/{rel}","templated":true}]}}