{"id":1562,"date":"2007-03-06T00:00:00","date_gmt":"2007-03-05T22:00:00","guid":{"rendered":"https:\/\/master.k8s.p4.greenpeace.org\/poland\/article\/1562\/opinia-panstwowej-rady-ochrony-przyrody-w-sprawach-zwiazanych-z-obwodnica-augustowa\/"},"modified":"2023-05-19T01:58:18","modified_gmt":"2023-05-18T23:58:18","slug":"opinia-panstwowej-rady-ochrony-przyrody-w-sprawach-zwiazanych-z-obwodnica-augustowa","status":"publish","type":"post","link":"https:\/\/www.greenpeace.org\/poland\/komentarze\/1562\/opinia-panstwowej-rady-ochrony-przyrody-w-sprawach-zwiazanych-z-obwodnica-augustowa\/","title":{"rendered":"Opinia Pa\u0144stwowej Rady Ochrony Przyrody w sprawach zwi\u0105zanych z obwodnic\u0105 Augustowa"},"content":{"rendered":"<div class=\"leader\" style=\"font-weight: bold;margin-bottom: 12px\">\tZa\u0142\u0105czamy  dokumenty wydane przez Pa\u0144stwow\u0105 Rad\u0119 Ochrony Przyrody, po raz kolejny potwierdzaj\u0105ce wyj\u0105tkowo\u015b\u0107 ekosystemu Doliny Rospudy oraz negatywnie opiniuj\u0105ce decyzj\u0119 G\u0142\u00f3wnego Konserwatora Ochrony Przyrody, zezwalaj\u0105c\u0105 na wyp\u0142aszanie ptak\u00f3w w okresie l\u0119gowym oraz niszczenie ich gniazd. Gor\u0105co namawiamy do zapoznania si\u0119 z nimi i poinformowania opinii publicznej.<\/div>\n<div>\n<div class=\"events-box small-box left\">\n<div class=\"frame\">        <a class=\"open-img EnlargeImage\" href=\"https:\/\/www.greenpeace.org\/static\/planet4-poland-stateless\/2019\/06\/642b84b4-642b84b4-rospuda-oboz-08.jpg\" title=\"\">            <img decoding=\"async\" id=\"ctl00_cphContentArea_Property3_ctl00_ctl02_Image1\" class=\"Thumbnail\" src=\"https:\/\/www.greenpeace.org\/static\/planet4-poland-stateless\/2019\/06\/642b84b4-642b84b4-rospuda-oboz-08.jpg\" alt=\"\" style=\"border-width:0px;\"><\/p>\n<p>        <\/a>    <\/div>\n<div class=\"events-content no-title\" style=\"display:none\">        <span class=\"date\"><\/span>        <strong><\/strong><\/p>\n<p>            Photo: Karol Grygoruk        <\/p>\n<\/p>\n<\/div>\n<\/div>\n<p>Za\u0142\u0105czamy tak\u017ce wspomnian\u0105 decyzj\u0119 G\u0142\u00f3wnego Konserwatora Ochrony Przyrody, kt\u00f3ra tylko dzi\u0119ki dociekliwo\u015bci dziennikarzy ujrza\u0142a \u015bwiat\u0142o dzienne (tydzie\u0144 po jej wydaniu). Jednocze\u015bnie informujemy, \u017ce organizacje ekologiczne broni\u0105ce Doliny Rospudy odwo\u0142uj\u0105 si\u0119 od tej decyzji.<\/p>\n<div>\n<ul>\n<li><a href=\"http:\/\/www.greenpeace.org\/poland\/press-centre\/copy-of-dokumenty-i-raporty\/opinia-prop\"> Opinia Pa\u0144stwowej Rady Ochrony Przyrody w sprawach zwi\u0105zanych z obwodnic\u0105 Augustowa<\/a><\/li>\n<li><a href=\"http:\/\/www.greenpeace.org\/poland\/press-centre\/copy-of-dokumenty-i-raporty\/panstwowa-rada-ochrony-przyrody\"> Pa\u0144stwowa Rada Ochrony Przyrody w sprawie decyzji Ministra \u015arodowiska zazwalaj\u0105cej na p\u0142oszenie i niszczenie siedlisk ptak\u00f3w nad Rospud\u0105<\/a><\/li>\n<li><a href=\"http:\/\/www.greenpeace.org\/poland\/press-centre\/copy-of-dokumenty-i-raporty\/niszczenie-siedlisk-ptakow-rospuda\"> Decyzja Ministra \u015arodowiska zezwalaj\u0105ca na p\u0142oszenie oraz niszczenie gniazd ptak\u00f3w nad Rospud\u0105<\/a><\/li>\n<\/ul>\n<\/div>\n<\/div>\n","protected":false},"excerpt":{"rendered":"<div>\n\tZa\u0142\u0105czamy  dokumenty wydane przez Pa\u0144stwow\u0105 Rad\u0119 Ochrony Przyrody, po raz kolejny potwierdzaj\u0105ce wyj\u0105tkowo\u015b\u0107 ekosystemu Doliny Rospudy oraz negatywnie opiniuj\u0105ce decyzj\u0119 G\u0142\u00f3wnego Konserwatora Ochrony Przyrody, zezwalaj\u0105c\u0105 na wyp\u0142aszanie ptak\u00f3w w okresie l\u0119gowym oraz niszczenie ich gniazd. Gor\u0105co namawiamy do zapoznania si\u0119 z nimi i poinformowania opinii publicznej.\n<\/div>\n","protected":false},"author":28,"featured_media":1563,"comment_status":"closed","ping_status":"closed","sticky":false,"template":"","format":"standard","meta":{"ep_exclude_from_search":false,"p4_og_title":"","p4_og_description":"","p4_og_image":"","p4_og_image_id":"","p4_seo_canonical_url":"","p4_campaign_name":"","p4_local_project":"","p4_basket_name":"","p4_department":"","footnotes":""},"categories":[3],"tags":[26,20],"p4-page-type":[30],"class_list":["post-1562","post","type-post","status-publish","format-standard","has-post-thumbnail","hentry","category-przyroda","tag-ochrona-przyrody","tag-morza","p4-page-type-komentarze"],"_links":{"self":[{"href":"https:\/\/www.greenpeace.org\/poland\/wp-json\/wp\/v2\/posts\/1562","targetHints":{"allow":["GET"]}}],"collection":[{"href":"https:\/\/www.greenpeace.org\/poland\/wp-json\/wp\/v2\/posts"}],"about":[{"href":"https:\/\/www.greenpeace.org\/poland\/wp-json\/wp\/v2\/types\/post"}],"author":[{"embeddable":true,"href":"https:\/\/www.greenpeace.org\/poland\/wp-json\/wp\/v2\/users\/28"}],"replies":[{"embeddable":true,"href":"https:\/\/www.greenpeace.org\/poland\/wp-json\/wp\/v2\/comments?post=1562"}],"version-history":[{"count":1,"href":"https:\/\/www.greenpeace.org\/poland\/wp-json\/wp\/v2\/posts\/1562\/revisions"}],"predecessor-version":[{"id":1564,"href":"https:\/\/www.greenpeace.org\/poland\/wp-json\/wp\/v2\/posts\/1562\/revisions\/1564"}],"wp:featuredmedia":[{"embeddable":true,"href":"https:\/\/www.greenpeace.org\/poland\/wp-json\/wp\/v2\/media\/1563"}],"wp:attachment":[{"href":"https:\/\/www.greenpeace.org\/poland\/wp-json\/wp\/v2\/media?parent=1562"}],"wp:term":[{"taxonomy":"category","embeddable":true,"href":"https:\/\/www.greenpeace.org\/poland\/wp-json\/wp\/v2\/categories?post=1562"},{"taxonomy":"post_tag","embeddable":true,"href":"https:\/\/www.greenpeace.org\/poland\/wp-json\/wp\/v2\/tags?post=1562"},{"taxonomy":"p4-page-type","embeddable":true,"href":"https:\/\/www.greenpeace.org\/poland\/wp-json\/wp\/v2\/p4-page-type?post=1562"}],"curies":[{"name":"wp","href":"https:\/\/api.w.org\/{rel}","templated":true}]}}