{"id":1567,"date":"2018-12-13T00:00:00","date_gmt":"2018-12-12T22:00:00","guid":{"rendered":"https:\/\/master.k8s.p4.greenpeace.org\/poland\/article\/1567\/polska-uhonorowana-skamielina-roku-za-proweglowa-postawe-na-cop-24\/"},"modified":"2021-12-01T14:40:08","modified_gmt":"2021-12-01T12:40:08","slug":"polska-uhonorowana-skamielina-roku-za-proweglowa-postawe-na-cop-24","status":"publish","type":"post","link":"https:\/\/www.greenpeace.org\/poland\/aktualnosci\/1567\/polska-uhonorowana-skamielina-roku-za-proweglowa-postawe-na-cop-24\/","title":{"rendered":"Polska uhonorowana Skamielin\u0105 Roku za prow\u0119glow\u0105 postaw\u0119 na COP 24"},"content":{"rendered":"\n<p><strong>Dzi\u015b Polska zosta\u0142a \u201cuhonorowana\u201d antynagrod\u0105 podsumowuj\u0105c\u0105 szczyt klimatyczny COP24. Skamielina Roku (Colossal Fossil) zosta\u0142a przyznana zar\u00f3wno polskiej prezydencji jak i polskiemu rz\u0105dowi. Pierwszy raz w historii ta nagroda zosta\u0142a przyznana gospodarzowi szczytu klimatycznego.<\/strong><\/p>\n\n<p>G\u0142\u00f3wnym powodem, dla kt\u00f3rego Polska zosta\u0142a tak negatywnie oceniona przez obserwator\u00f3w szczytu, by\u0142a promocja w\u0119gla, blokowanie negocjacji oraz ograniczanie swob\u00f3d obywatelskich.<\/p>\n\n<p>\u2013 Seria wpadek na pocz\u0105tku szczytu, czy to ze strony polskich w\u0142adz, czy organizator\u00f3w okaza\u0142a si\u0119 tylko przygrywk\u0105. Polska jako gospodarz szczytu nie zrobi\u0142a prawie nic, \u017ceby zmierzy\u0107 si\u0119 z kryzysem klimatycznym. Szumne zapowiedzi Mateusza Morawieckiego i Micha\u0142a Kurtyki na otwarciu okaza\u0142y si\u0119 puste, prawdziw\u0105 twarz polskiej polityki pokaza\u0142 Andrzej Duda, m\u00f3wi\u0105c o 200 latach w\u0119gla, co przecie\u017c stoi kompletnie w sprzeczno\u015bci z g\u0142osem nauki. Ta bowiem stwierdza wyra\u017anie: zosta\u0142o nam 12 lat na ambitne dzia\u0142ania, w Polsce oznacza to konieczno\u015b\u0107 odej\u015bcia od w\u0119gla do 2030 roku \u2013 powiedzia\u0142 Bohdan P\u0119kacki, dyrektor Greenpeace Polska.<\/p>\n\n<p>\u2013 Polska prezydencja przez d\u0142ugi czas zwleka\u0142a ze stworzeniem formalnej przestrzeni negocjacyjnej. Dopiero pod koniec, pod du\u017c\u0105 presj\u0105 ze strony delegacji i organizacji spo\u0142ecznych uchyli\u0142a troch\u0119 drzwi, ale na tym si\u0119 sko\u0144czy\u0142o. Zamiast na ambicje i zaanga\u017cowanie w proces negocjacji, Polska postawi\u0142a na promocj\u0119 w\u0119gla i robienie dobrej miny do z\u0142ej gry. To nieodpowiedzialne, by w obliczu katastrofy klimatycznej promowa\u0107 w\u0119glowy skansen \u2013 &nbsp;powiedzia\u0142 Pawe\u0142 Szypulski, koordynator dzia\u0142u klimat i energia w Greenpeace Polska<\/p>\n\n<p>\u2013 Przykro by\u0142o s\u0142ucha\u0107 reprezentacji Polski, wspieraj\u0105cej w\u0119giel jednocze\u015bnie z takimi dyplomatami, jak Sekretarz Generalny ONZ Antonio Guterres, kt\u00f3ry trzykrotnie pojawi\u0142 si\u0119 w Katowicach i m\u00f3wi\u0142 o kryzysie klimatycznym jako zagro\u017ceniu egzystencjalnym dla ca\u0142ej ludzko\u015bci, czy jak reprezentacje kraj\u00f3w najbardziej nara\u017conych na skutki zmian klimatu, kt\u00f3re dos\u0142ownie walcz\u0105 o przetrwanie. Zawodzimy jako gospodarz szczytu klimatycznego, zostaje jeszcze cie\u0144 nadziei, \u017ce na ostatniej prostej zm\u0105drzejemy. Zosta\u0142y dwa dni. \u2013 doda\u0142 P\u0119kacki.<\/p>\n<div data-render=\"planet4-blocks\/gallery\" data-attributes=\"{&quot;attributes&quot;:{&quot;multiple_image&quot;:&quot;2386,2387,2388&quot;,&quot;image_data&quot;:[{&quot;url&quot;:&quot;https:\\\/\\\/www.greenpeace.org\\\/static\\\/planet4-poland-stateless\\\/2018\\\/12\\\/1d127ccb-45579152124_aa6fd00d1c_k.jpg&quot;,&quot;focalPoint&quot;:{&quot;x&quot;:0.5,&quot;y&quot;:0.5},&quot;id&quot;:2386},{&quot;url&quot;:&quot;https:\\\/\\\/www.greenpeace.org\\\/static\\\/planet4-poland-stateless\\\/2018\\\/12\\\/b2a88f9b-45579136404_b57b7480e0_k.jpg&quot;,&quot;focalPoint&quot;:{&quot;x&quot;:0.5,&quot;y&quot;:0.5},&quot;id&quot;:2387},{&quot;url&quot;:&quot;https:\\\/\\\/www.greenpeace.org\\\/static\\\/planet4-poland-stateless\\\/2018\\\/12\\\/b3b39b10-32430527868_aca20f50af_k.jpg&quot;,&quot;focalPoint&quot;:{&quot;x&quot;:0.5,&quot;y&quot;:0.5},&quot;id&quot;:2388}],&quot;gallery_block_style&quot;:0,&quot;gallery_block_title&quot;:&quot;&quot;,&quot;gallery_block_description&quot;:&quot;&quot;,&quot;gallery_block_focus_points&quot;:&quot;&quot;,&quot;images&quot;:[{&quot;image_src&quot;:&quot;https:\\\/\\\/www.greenpeace.org\\\/static\\\/planet4-poland-stateless\\\/2018\\\/12\\\/1d127ccb-45579152124_aa6fd00d1c_k.jpg&quot;,&quot;image_srcset&quot;:&quot;https:\\\/\\\/www.greenpeace.org\\\/static\\\/planet4-poland-stateless\\\/2018\\\/12\\\/1d127ccb-45579152124_aa6fd00d1c_k.jpg 2048w, https:\\\/\\\/www.greenpeace.org\\\/static\\\/planet4-poland-stateless\\\/2018\\\/12\\\/1d127ccb-45579152124_aa6fd00d1c_k-300x200.jpg 300w, https:\\\/\\\/www.greenpeace.org\\\/static\\\/planet4-poland-stateless\\\/2018\\\/12\\\/1d127ccb-45579152124_aa6fd00d1c_k-768x512.jpg 768w, https:\\\/\\\/www.greenpeace.org\\\/static\\\/planet4-poland-stateless\\\/2018\\\/12\\\/1d127ccb-45579152124_aa6fd00d1c_k-1024x683.jpg 1024w, https:\\\/\\\/www.greenpeace.org\\\/static\\\/planet4-poland-stateless\\\/2018\\\/12\\\/1d127ccb-45579152124_aa6fd00d1c_k-510x340.jpg 510w&quot;,&quot;image_sizes&quot;:false,&quot;alt_text&quot;:&quot;Polska uhonorowana antynagrod\\u0105 \\&quot;Skamielina Roku\\&quot; podczas COP24 w Katowicach&quot;,&quot;caption&quot;:&quot;Polska uhonorowana antynagrod\\u0105 \\&quot;Skamielina Roku\\&quot; podczas COP24 w Katowicach&quot;,&quot;focus_image&quot;:&quot;&quot;,&quot;credits&quot;:&quot;&quot;},{&quot;image_src&quot;:&quot;https:\\\/\\\/www.greenpeace.org\\\/static\\\/planet4-poland-stateless\\\/2018\\\/12\\\/b2a88f9b-45579136404_b57b7480e0_k.jpg&quot;,&quot;image_srcset&quot;:&quot;https:\\\/\\\/www.greenpeace.org\\\/static\\\/planet4-poland-stateless\\\/2018\\\/12\\\/b2a88f9b-45579136404_b57b7480e0_k.jpg 2048w, https:\\\/\\\/www.greenpeace.org\\\/static\\\/planet4-poland-stateless\\\/2018\\\/12\\\/b2a88f9b-45579136404_b57b7480e0_k-300x200.jpg 300w, https:\\\/\\\/www.greenpeace.org\\\/static\\\/planet4-poland-stateless\\\/2018\\\/12\\\/b2a88f9b-45579136404_b57b7480e0_k-768x512.jpg 768w, https:\\\/\\\/www.greenpeace.org\\\/static\\\/planet4-poland-stateless\\\/2018\\\/12\\\/b2a88f9b-45579136404_b57b7480e0_k-1024x683.jpg 1024w, https:\\\/\\\/www.greenpeace.org\\\/static\\\/planet4-poland-stateless\\\/2018\\\/12\\\/b2a88f9b-45579136404_b57b7480e0_k-510x340.jpg 510w&quot;,&quot;image_sizes&quot;:false,&quot;alt_text&quot;:&quot;Polska uhonorowana antynagrod\\u0105 \\&quot;Skamielina Roku\\&quot; podczas COP24 w Katowicach&quot;,&quot;caption&quot;:&quot;Polska uhonorowana antynagrod\\u0105 \\&quot;Skamielina Roku\\&quot; podczas COP24 w Katowicach&quot;,&quot;focus_image&quot;:&quot;&quot;,&quot;credits&quot;:&quot;&quot;},{&quot;image_src&quot;:&quot;https:\\\/\\\/www.greenpeace.org\\\/static\\\/planet4-poland-stateless\\\/2018\\\/12\\\/b3b39b10-32430527868_aca20f50af_k.jpg&quot;,&quot;image_srcset&quot;:&quot;https:\\\/\\\/www.greenpeace.org\\\/static\\\/planet4-poland-stateless\\\/2018\\\/12\\\/b3b39b10-32430527868_aca20f50af_k.jpg 2048w, https:\\\/\\\/www.greenpeace.org\\\/static\\\/planet4-poland-stateless\\\/2018\\\/12\\\/b3b39b10-32430527868_aca20f50af_k-300x200.jpg 300w, https:\\\/\\\/www.greenpeace.org\\\/static\\\/planet4-poland-stateless\\\/2018\\\/12\\\/b3b39b10-32430527868_aca20f50af_k-768x512.jpg 768w, https:\\\/\\\/www.greenpeace.org\\\/static\\\/planet4-poland-stateless\\\/2018\\\/12\\\/b3b39b10-32430527868_aca20f50af_k-1024x683.jpg 1024w, https:\\\/\\\/www.greenpeace.org\\\/static\\\/planet4-poland-stateless\\\/2018\\\/12\\\/b3b39b10-32430527868_aca20f50af_k-510x340.jpg 510w&quot;,&quot;image_sizes&quot;:false,&quot;alt_text&quot;:&quot;Polska uhonorowana antynagrod\\u0105 \\&quot;Skamielina Roku\\&quot; podczas COP24 w Katowicach&quot;,&quot;caption&quot;:&quot;Polska uhonorowana antynagrod\\u0105 \\&quot;Skamielina Roku\\&quot; podczas COP24 w Katowicach&quot;,&quot;focus_image&quot;:&quot;&quot;,&quot;credits&quot;:&quot;&quot;}]}}\"><\/div>\n<p><\/p>\n\t\t\t<section\n\t\t\tclass=\"boxout post-3090 \"\n\t\t\t\n\t\t>\n\t\t\t<a\n\t\t\t\tdata-ga-category=\"Take Action Boxout\"\n\t\t\t\tdata-ga-action=\"Image\"\n\t\t\t\tdata-ga-label=\"n\/a\"\n\t\t\t\tclass=\"cover-card-overlay\"\n\t\t\t\thref=\"https:\/\/www.greenpeace.org\/poland\/dzialaj-old\/podpisz-polska-bez-wegla-2030\/\" \n\t\t\t><\/a>\n\t\t\t\t\t\t\t<img\n\t\t\t\t\t\tsrc=\"https:\/\/www.greenpeace.org\/static\/planet4-poland-stateless\/2020\/06\/7fe0778a-copy-of-dji_0010-1024x768.jpg\"\n\t\t\t\t\t\tsrcset=\"https:\/\/www.greenpeace.org\/static\/planet4-poland-stateless\/2020\/06\/7fe0778a-copy-of-dji_0010-300x225.jpg 300w, https:\/\/www.greenpeace.org\/static\/planet4-poland-stateless\/2020\/06\/7fe0778a-copy-of-dji_0010-1024x768.jpg 1024w, https:\/\/www.greenpeace.org\/static\/planet4-poland-stateless\/2020\/06\/7fe0778a-copy-of-dji_0010-768x576.jpg 768w, https:\/\/www.greenpeace.org\/static\/planet4-poland-stateless\/2020\/06\/7fe0778a-copy-of-dji_0010-1536x1152.jpg 1536w, https:\/\/www.greenpeace.org\/static\/planet4-poland-stateless\/2020\/06\/7fe0778a-copy-of-dji_0010-2048x1536.jpg 2048w, https:\/\/www.greenpeace.org\/static\/planet4-poland-stateless\/2020\/06\/7fe0778a-copy-of-dji_0010-1821x1366.jpg 1821w, https:\/\/www.greenpeace.org\/static\/planet4-poland-stateless\/2020\/06\/7fe0778a-copy-of-dji_0010-453x340.jpg 453w\"\n\t\t\t\t\t\tsizes=\"(min-width: 1000px) 358px, (min-width: 780px) 313px, 88px\"\n\t\t\t\t\t\talt=\"\" title=\"\"\n\t\t\t\t\/>\n            \t\t\t<div class=\"boxout-content\">\n\t\t\t\t\t\t\t\t\t<a\n\t\t\t\t\t\tclass=\"boxout-heading medium\"\n\t\t\t\t\t\tdata-ga-category=\"Take Action Boxout\"\n\t\t\t\t\t\tdata-ga-action=\"Title\"\n\t\t\t\t\t\tdata-ga-label=\"n\/a\"\n\t\t\t\t\t\thref=\"https:\/\/www.greenpeace.org\/poland\/dzialaj-old\/podpisz-polska-bez-wegla-2030\/\"\n\t\t\t\t\t\t\n\t\t\t\t\t>\n\t\t\t\t\t\tPodpisz: Chro\u0144my klimat, chro\u0144my ludzi!\n\t\t\t\t\t<\/a>\n\t\t\t\t\t\t\t\t\t\t\t\t\t<p class=\"boxout-excerpt\">Podpisz petycj\u0119 o jak najszybsze odej\u015bcie Polski od spalania paliw kopalnych.<\/p>\n\t\t\t\t                                    <a\n                        class=\"btn btn-primary\"\n                        data-ga-category=\"Take Action Boxout\"\n                        data-ga-action=\"Call to Action\"\n                        data-ga-label=\"n\/a\"\n                        href=\"https:\/\/www.greenpeace.org\/poland\/dzialaj-old\/podpisz-polska-bez-wegla-2030\/\"\n                        \n                    >\n                        Dzia\u0142aj!\n                    <\/a>\n                \t\t\t<\/div>\n\t\t\t\t\t<\/section>\n\t","protected":false},"excerpt":{"rendered":"<div>\n\tDzi\u015b Polska zosta\u0142a \u201cuhonorowana\u201d antynagrod\u0105 podsumowuj\u0105c\u0105 szczyt klimatyczny COP24. Skamielina Roku (Colossal Fossil) zosta\u0142a przyznana zar\u00f3wno polskiej prezydencji jak i polskiemu rz\u0105dowi. Pierwszy raz w historii ta nagroda zosta\u0142a przyznana gospodarzowi szczytu klimatycznego.\n<\/div>\n","protected":false},"author":28,"featured_media":2388,"comment_status":"closed","ping_status":"closed","sticky":false,"template":"","format":"standard","meta":{"ep_exclude_from_search":false,"p4_og_title":"","p4_og_description":"","p4_og_image":"","p4_og_image_id":"","p4_seo_canonical_url":"","p4_campaign_name":"not set","p4_local_project":"not set","p4_basket_name":"not set","p4_department":"","footnotes":""},"categories":[2],"tags":[18,6],"p4-page-type":[14],"class_list":["post-1567","post","type-post","status-publish","format-standard","has-post-thumbnail","hentry","category-klimat-energia","tag-wegiel","tag-klimat","p4-page-type-aktualnosci"],"_links":{"self":[{"href":"https:\/\/www.greenpeace.org\/poland\/wp-json\/wp\/v2\/posts\/1567","targetHints":{"allow":["GET"]}}],"collection":[{"href":"https:\/\/www.greenpeace.org\/poland\/wp-json\/wp\/v2\/posts"}],"about":[{"href":"https:\/\/www.greenpeace.org\/poland\/wp-json\/wp\/v2\/types\/post"}],"author":[{"embeddable":true,"href":"https:\/\/www.greenpeace.org\/poland\/wp-json\/wp\/v2\/users\/28"}],"replies":[{"embeddable":true,"href":"https:\/\/www.greenpeace.org\/poland\/wp-json\/wp\/v2\/comments?post=1567"}],"version-history":[{"count":7,"href":"https:\/\/www.greenpeace.org\/poland\/wp-json\/wp\/v2\/posts\/1567\/revisions"}],"predecessor-version":[{"id":31075,"href":"https:\/\/www.greenpeace.org\/poland\/wp-json\/wp\/v2\/posts\/1567\/revisions\/31075"}],"wp:featuredmedia":[{"embeddable":true,"href":"https:\/\/www.greenpeace.org\/poland\/wp-json\/wp\/v2\/media\/2388"}],"wp:attachment":[{"href":"https:\/\/www.greenpeace.org\/poland\/wp-json\/wp\/v2\/media?parent=1567"}],"wp:term":[{"taxonomy":"category","embeddable":true,"href":"https:\/\/www.greenpeace.org\/poland\/wp-json\/wp\/v2\/categories?post=1567"},{"taxonomy":"post_tag","embeddable":true,"href":"https:\/\/www.greenpeace.org\/poland\/wp-json\/wp\/v2\/tags?post=1567"},{"taxonomy":"p4-page-type","embeddable":true,"href":"https:\/\/www.greenpeace.org\/poland\/wp-json\/wp\/v2\/p4-page-type?post=1567"}],"curies":[{"name":"wp","href":"https:\/\/api.w.org\/{rel}","templated":true}]}}