{"id":1608,"date":"2019-05-16T00:00:00","date_gmt":"2019-05-15T22:00:00","guid":{"rendered":"https:\/\/master.k8s.p4.greenpeace.org\/poland\/article\/1608\/policja-potraktowala-obroncow-klimatu-jak-pospolitych-przestepcow\/"},"modified":"2021-12-01T14:40:02","modified_gmt":"2021-12-01T12:40:02","slug":"policja-potraktowala-obroncow-klimatu-jak-pospolitych-przestepcow","status":"publish","type":"post","link":"https:\/\/www.greenpeace.org\/poland\/aktualnosci\/1608\/policja-potraktowala-obroncow-klimatu-jak-pospolitych-przestepcow\/","title":{"rendered":"Policja potraktowa\u0142a obro\u0144c\u00f3w klimatu jak pospolitych przest\u0119pc\u00f3w"},"content":{"rendered":"<div class=\"leader\" style=\"font-weight: bold; margin-bottom: 12px;\">Po wtorkowej akcji na siedzibach Prawa i Sprawiedliwo\u015bci oraz Platformy Obywatelskiej 46 aktywistek i aktywist\u00f3w Greenpeace us\u0142ysza\u0142o zarzuty naruszenia miru domowego i nielegalnego umieszczania og\u0142osze\u0144. Wszystkie osoby zosta\u0142y ju\u017c zwolnione. Swoj\u0105 akcj\u0105 ekolodzy zwr\u00f3cili uwag\u0119 na to, \u017ce dwie najwi\u0119ksze polskie partie pomin\u0119\u0142y w swoich programach wyborczych kwesti\u0119 kryzysu klimatycznego. Aktywi\u015bci nie stawiali oporu, a mimo to Policja u\u017cy\u0142a w stosunku do nich \u015brodk\u00f3w przymusu bezpo\u015bredniego nieadekwatnych do pokojowego charakteru protestu przeprowadzonego w wa\u017cnym spo\u0142ecznym celu.<\/div>\n<div>\n<p><img loading=\"lazy\" decoding=\"async\" class=\"wp-image-2272 size-medium alignleft\" src=\"https:\/\/www.greenpeace.org\/static\/planet4-poland-stateless\/2019\/05\/2b0c3b5c-47795581342_7571edf96c_k-300x200.jpg\" alt=\"Polska bez w\u0119gla 2030 - akcja na siedzibach PiS i PO\" width=\"300\" height=\"200\" srcset=\"https:\/\/www.greenpeace.org\/static\/planet4-poland-stateless\/2019\/05\/2b0c3b5c-47795581342_7571edf96c_k-300x200.jpg 300w, https:\/\/www.greenpeace.org\/static\/planet4-poland-stateless\/2019\/05\/2b0c3b5c-47795581342_7571edf96c_k-768x512.jpg 768w, https:\/\/www.greenpeace.org\/static\/planet4-poland-stateless\/2019\/05\/2b0c3b5c-47795581342_7571edf96c_k-1024x683.jpg 1024w, https:\/\/www.greenpeace.org\/static\/planet4-poland-stateless\/2019\/05\/2b0c3b5c-47795581342_7571edf96c_k.jpg 2048w, https:\/\/www.greenpeace.org\/static\/planet4-poland-stateless\/2019\/05\/2b0c3b5c-47795581342_7571edf96c_k-510x340.jpg 510w\" sizes=\"auto, (max-width: 300px) 100vw, 300px\" \/><\/p>\n<\/div>\n<p>Chocia\u017c ekolodzy protestowali pokojowo, nie pr\u00f3bowali ucieka\u0107 i nie stawiali oporu przy zatrzymaniu, wielu z nich na\u0142o\u017cono kajdanki. By\u0142y to dzia\u0142ania nieproporcjonalne i niepotrzebne wobec aktywist\u00f3w, kt\u00f3rzy swoim dzia\u0142aniem nie dawali podstaw do stosowania wobec nich \u015brodk\u00f3w przymusu bezpo\u015bredniego. Osoby mia\u0142y r\u0119ce skute kajdankami nawet podczas wizyt w toalecie. Cz\u0119\u015b\u0107 os\u00f3b poddano kontroli osobistej, a niekt\u00f3re z zatrzymanych kobiet poddano kontroli osobistej \u0142\u0105cznie z zagl\u0105daniem w miejsca intymne.<\/p>\n<p><em>\u2013 Dobrowolnie zesz\u0142am z drabiny, nie stawia\u0142am oporu. Mimo to policjanci skuli mi r\u0119ce kajdankami z ty\u0142u. W kajdankach sp\u0119dzi\u0142am kolejnych 12 godzin, przesz\u0142am kontrol\u0119 osobist\u0105, sprawdzanie bielizny. Nie dosta\u0142am od policji informacji, \u017ce mam prawo do obro\u0144cy od samego pocz\u0105tku. Przy spisywaniu protoko\u0142u zatrzymania by\u0142am sama, dopiero na przes\u0142uchanie dopuszczono do mnie prawnika. Wiem, \u017ce moi obro\u0144cy byli na terenie komendy przez ca\u0142y czas, mimo to nie dopuszczono ich do mnie niezw\u0142ocznie. To wszystko sprawi\u0142o, \u017ce czu\u0142am si\u0119 wyj\u0105tkowo zdezorientowana. Od wielu lat bior\u0119 udzia\u0142 w pokojowych protestach, nigdy wcze\u015bniej nie spotka\u0142am si\u0119 z takim traktowaniem<\/em> \u2013 powiedzia\u0142a Patrycja, aktywistka bior\u0105ca udzia\u0142 w prote\u015bcie.<\/p>\n<p><em><img loading=\"lazy\" decoding=\"async\" class=\"alignright wp-image-2286 size-medium\" src=\"https:\/\/www.greenpeace.org\/static\/planet4-poland-stateless\/2019\/05\/7d20b6cd-40891337153_ece88e6b12_k-300x200.jpg\" alt=\"Polska bez w\u0119gla 2030\" width=\"300\" height=\"200\" srcset=\"https:\/\/www.greenpeace.org\/static\/planet4-poland-stateless\/2019\/05\/7d20b6cd-40891337153_ece88e6b12_k-300x200.jpg 300w, https:\/\/www.greenpeace.org\/static\/planet4-poland-stateless\/2019\/05\/7d20b6cd-40891337153_ece88e6b12_k-768x512.jpg 768w, https:\/\/www.greenpeace.org\/static\/planet4-poland-stateless\/2019\/05\/7d20b6cd-40891337153_ece88e6b12_k-1024x683.jpg 1024w, https:\/\/www.greenpeace.org\/static\/planet4-poland-stateless\/2019\/05\/7d20b6cd-40891337153_ece88e6b12_k-510x340.jpg 510w, https:\/\/www.greenpeace.org\/static\/planet4-poland-stateless\/2019\/05\/7d20b6cd-40891337153_ece88e6b12_k.jpg 2048w\" sizes=\"auto, (max-width: 300px) 100vw, 300px\" \/>\u2013 Aktywistki i aktywi\u015bci Greenpeace protestowali w sprawie kluczowej dla nas wszystkich. Kryzys klimatyczny zagra\u017ca naszej bezpiecznej przysz\u0142o\u015bci, st\u0105d tym bardziej dziwi nieadekwatna reakcja Policji na ten pokojowy protest. Cz\u0119stsze anomalie pogodowe, fatalne w skutkach susze, po\u017cary las\u00f3w czy huraganowe wiatry, kt\u00f3re pustosz\u0105 wsie i niszcz\u0105 ca\u0142e hektary las\u00f3w \u2013 to wszystko znamy z dzisiejszej Polski. Politycy PiS-u i Platformy ten kryzys lekcewa\u017c\u0105 i przeciwko takiemu ich nieodpowiedzialnemu zachowaniu aktywi\u015bci protestowali. Ogromna wi\u0119kszo\u015b\u0107 Polek i Polak\u00f3w \u2013 ponad trzy czwarte \u2013 popiera postulat odej\u015bcia Polski od w\u0119gla do 2030 roku. Aktywi\u015bci protestowali dlatego, \u017ce Jaros\u0142aw Kaczy\u0144ski i Grzegorz Schetyna s\u0105 g\u0142usi na g\u0142os spo\u0142ecze\u0144stwa, kt\u00f3re oczekuje od nich realnych dzia\u0142a\u0144 dla klimatu<\/em> \u2013 komentuje Marek J\u00f3zefiak z Greenpeace Polska.<\/p>\n\t\t\t<section\n\t\t\tclass=\"boxout post-30 \"\n\t\t\t\n\t\t>\n\t\t\t<a\n\t\t\t\tdata-ga-category=\"Take Action Boxout\"\n\t\t\t\tdata-ga-action=\"Image\"\n\t\t\t\tdata-ga-label=\"n\/a\"\n\t\t\t\tclass=\"cover-card-overlay\"\n\t\t\t\thref=\"https:\/\/www.greenpeace.org\/poland\/dzialaj-old\/dzialaj-dla-klimatu\/\" \n\t\t\t><\/a>\n\t\t\t\t\t\t\t<img\n\t\t\t\t\t\tsrc=\"https:\/\/www.greenpeace.org\/static\/planet4-poland-stateless\/2021\/09\/06f1e79a-51439660800_dcf586c521_k-1024x683.jpg\"\n\t\t\t\t\t\tsrcset=\"https:\/\/www.greenpeace.org\/static\/planet4-poland-stateless\/2021\/09\/06f1e79a-51439660800_dcf586c521_k-300x200.jpg 300w, https:\/\/www.greenpeace.org\/static\/planet4-poland-stateless\/2021\/09\/06f1e79a-51439660800_dcf586c521_k-1024x683.jpg 1024w, https:\/\/www.greenpeace.org\/static\/planet4-poland-stateless\/2021\/09\/06f1e79a-51439660800_dcf586c521_k-768x512.jpg 768w, https:\/\/www.greenpeace.org\/static\/planet4-poland-stateless\/2021\/09\/06f1e79a-51439660800_dcf586c521_k-1536x1024.jpg 1536w, https:\/\/www.greenpeace.org\/static\/planet4-poland-stateless\/2021\/09\/06f1e79a-51439660800_dcf586c521_k-510x340.jpg 510w, https:\/\/www.greenpeace.org\/static\/planet4-poland-stateless\/2021\/09\/06f1e79a-51439660800_dcf586c521_k.jpg 2048w\"\n\t\t\t\t\t\tsizes=\"(min-width: 1000px) 358px, (min-width: 780px) 313px, 88px\"\n\t\t\t\t\t\talt=\"\" title=\"\"\n\t\t\t\t\/>\n            \t\t\t<div class=\"boxout-content\">\n\t\t\t\t\t\t\t\t\t<a\n\t\t\t\t\t\tclass=\"boxout-heading medium\"\n\t\t\t\t\t\tdata-ga-category=\"Take Action Boxout\"\n\t\t\t\t\t\tdata-ga-action=\"Title\"\n\t\t\t\t\t\tdata-ga-label=\"n\/a\"\n\t\t\t\t\t\thref=\"https:\/\/www.greenpeace.org\/poland\/dzialaj-old\/dzialaj-dla-klimatu\/\"\n\t\t\t\t\t\t\n\t\t\t\t\t>\n\t\t\t\t\t\tDzia\u0142aj dla klimatu!\n\t\t\t\t\t<\/a>\n\t\t\t\t\t\t\t\t\t\t\t\t\t<p class=\"boxout-excerpt\">Jedyna szansa, \u017ceby ochroni\u0107 \u015bwiat przed katastrof\u0105 klimatyczn\u0105, to podj\u0119cie natychmiastowych dzia\u0142a\u0144. Dlatego wszyscy musimy zacz\u0105\u0107 dzia\u0142a\u0107 &#8211; nim b\u0119dzie za p\u00f3\u017ano.<\/p>\n\t\t\t\t                                    <a\n                        class=\"btn btn-primary\"\n                        data-ga-category=\"Take Action Boxout\"\n                        data-ga-action=\"Call to Action\"\n                        data-ga-label=\"n\/a\"\n                        href=\"https:\/\/www.greenpeace.org\/poland\/dzialaj-old\/dzialaj-dla-klimatu\/\"\n                        \n                    >\n                        Dzia\u0142aj!\n                    <\/a>\n                \t\t\t<\/div>\n\t\t\t\t\t<\/section>\n\t","protected":false},"excerpt":{"rendered":"<div>\n\tPo wtorkowej akcji na siedzibach Prawa i Sprawiedliwo\u015bci oraz Platformy Obywatelskiej 46 aktywistek i aktywist\u00f3w Greenpeace us\u0142ysza\u0142o zarzuty naruszenia miru domowego i nielegalnego umieszczania og\u0142osze\u0144. Wszystkie osoby zosta\u0142y ju\u017c zwolnione. Swoj\u0105 akcj\u0105 ekolodzy zwr\u00f3cili uwag\u0119 na to, \u017ce dwie najwi\u0119ksze polskie partie pomin\u0119\u0142y w swoich programach wyborczych kwesti\u0119 kryzysu klimatycznego. Aktywi\u015bci nie stawiali oporu, a mimo to Policja u\u017cy\u0142a w stosunku do nich \u015brodk\u00f3w przymusu bezpo\u015bredniego nieadekwatnych do pokojowego charakteru protestu przeprowadzonego w wa\u017cnym spo\u0142ecznym celu.\n<\/div>\n","protected":false},"author":28,"featured_media":2272,"comment_status":"closed","ping_status":"closed","sticky":false,"template":"","format":"standard","meta":{"ep_exclude_from_search":false,"p4_og_title":"","p4_og_description":"","p4_og_image":"","p4_og_image_id":"","p4_seo_canonical_url":"","p4_campaign_name":"","p4_local_project":"","p4_basket_name":"","p4_department":"","footnotes":""},"categories":[2],"tags":[6,18,24],"p4-page-type":[14],"class_list":["post-1608","post","type-post","status-publish","format-standard","has-post-thumbnail","hentry","category-klimat-energia","tag-klimat","tag-wegiel","tag-aktywizm","p4-page-type-aktualnosci"],"_links":{"self":[{"href":"https:\/\/www.greenpeace.org\/poland\/wp-json\/wp\/v2\/posts\/1608","targetHints":{"allow":["GET"]}}],"collection":[{"href":"https:\/\/www.greenpeace.org\/poland\/wp-json\/wp\/v2\/posts"}],"about":[{"href":"https:\/\/www.greenpeace.org\/poland\/wp-json\/wp\/v2\/types\/post"}],"author":[{"embeddable":true,"href":"https:\/\/www.greenpeace.org\/poland\/wp-json\/wp\/v2\/users\/28"}],"replies":[{"embeddable":true,"href":"https:\/\/www.greenpeace.org\/poland\/wp-json\/wp\/v2\/comments?post=1608"}],"version-history":[{"count":8,"href":"https:\/\/www.greenpeace.org\/poland\/wp-json\/wp\/v2\/posts\/1608\/revisions"}],"predecessor-version":[{"id":31062,"href":"https:\/\/www.greenpeace.org\/poland\/wp-json\/wp\/v2\/posts\/1608\/revisions\/31062"}],"wp:featuredmedia":[{"embeddable":true,"href":"https:\/\/www.greenpeace.org\/poland\/wp-json\/wp\/v2\/media\/2272"}],"wp:attachment":[{"href":"https:\/\/www.greenpeace.org\/poland\/wp-json\/wp\/v2\/media?parent=1608"}],"wp:term":[{"taxonomy":"category","embeddable":true,"href":"https:\/\/www.greenpeace.org\/poland\/wp-json\/wp\/v2\/categories?post=1608"},{"taxonomy":"post_tag","embeddable":true,"href":"https:\/\/www.greenpeace.org\/poland\/wp-json\/wp\/v2\/tags?post=1608"},{"taxonomy":"p4-page-type","embeddable":true,"href":"https:\/\/www.greenpeace.org\/poland\/wp-json\/wp\/v2\/p4-page-type?post=1608"}],"curies":[{"name":"wp","href":"https:\/\/api.w.org\/{rel}","templated":true}]}}