{"id":1665,"date":"2017-11-16T00:00:00","date_gmt":"2017-11-15T22:00:00","guid":{"rendered":"https:\/\/master.k8s.p4.greenpeace.org\/poland\/article\/1665\/gdos-po-stronie-srodowiska-w-sprawie-rozbudowy-odkrywki-tomislawice\/"},"modified":"2019-11-06T11:05:14","modified_gmt":"2019-11-06T09:05:14","slug":"gdos-po-stronie-srodowiska-w-sprawie-rozbudowy-odkrywki-tomislawice","status":"publish","type":"post","link":"https:\/\/www.greenpeace.org\/poland\/aktualnosci\/1665\/gdos-po-stronie-srodowiska-w-sprawie-rozbudowy-odkrywki-tomislawice\/","title":{"rendered":"GDO\u015a po stronie \u015brodowiska w sprawie rozbudowy odkrywki Tomis\u0142awice"},"content":{"rendered":"<div class=\"leader\" style=\"font-weight: bold;margin-bottom: 12px\">\tGeneralny Dyrektor Ochrony \u015arodowiska 15 listopada br. uzna\u0142, \u017ce w\u0142a\u015bciciel kopalni w\u0119gla brunatnego Tomis\u0142awice dzia\u0142aj\u0105cej od 2008 roku w woj. wielkopolskim ma obowi\u0105zek przygotowania raportu \u015brodowiskowego dla planowanej rozbudowy odkrywki. Odrzuci\u0142 tym  samym za\u017calenie PAK Kopalni W\u0119gla Brunatnego \u201cKonin\u201d na postanowienie wydane w tej sprawie przez Regionalnego Dyrektora Ochrony \u015arodowiska w Poznaniu. Dzi\u0119ki temu zostanie przeprowadzona kolejna ocena oddzia\u0142ywania odkrywki na \u015brodowisko z uwzgl\u0119dnieniem m.in. g\u0142osu strony spo\u0142ecznej.<\/div>\n<div>\t<span>W ocenie Greenpeace, b\u0119d\u0105cego stron\u0105 w post\u0119powaniu, <\/span><span>szereg aspekt\u00f3w dzia\u0142alno\u015bci odkrywki Tomis\u0142awice ma ogromny negatywny wp\u0142yw na \u015brodowisko. Szczeg\u00f3lne zaniepokojenie budzi zrzucanie \u015bciek\u00f3w kopalnianych do rzek Pichny i po\u015brednio Noteci oraz jeziora Gop\u0142o, jak r\u00f3wnie\u017c oddzia\u0142ywanie wsp\u00f3lnego leja depresji odkrywek Tomis\u0142awice i Lubst\u00f3w na dolin\u0119 Noteci, powoduj\u0105ce niezale\u017cne od warunk\u00f3w atmosferycznych osuszenie teren\u00f3w. Co gorsza, w trakcie post\u0119powania wysz\u0142o na jaw, \u017ce eksploatacja w\u0119gla brunatnego jest od lat prowadzona w spos\u00f3b niezgodny z raportem \u015brodowiskowym z 2007 r., kt\u00f3ry by\u0142 podstaw\u0105 wydania zgody na budow\u0119 kopalni Tomis\u0142awice.<\/span><\/p>\n<p><span>Dotychczasowe efekty 8-letniego funkcjonowania odkrywki Tomis\u0142awice s\u0105 zatrwa\u017caj\u0105ce. Note\u0107 zatruta na jednym odcinku, ca\u0142kowicie osuszona na innym \u2013 to modelowy przyk\u0142ad tego, jak g\u00f3rnictwo odkrywkowe w\u0119gla brunatnego niszczy \u015brodowisko, mo\u017cna by tam zaj\u0119cia terenowe dla student\u00f3w robi\u0107. Je\u015bli PAK chce t\u0119 odkrywk\u0119 rozbudowywa\u0107, to ocena oddzia\u0142ywania na \u015brodowisko jest wr\u0119cz konieczno\u015bci\u0105 \u2013 stwierdzi\u0142 dr hab. Leszek Pazderski, ekspert Greenpeace ds. polityki ekologicznej.<\/span><\/p>\n<p><span>Podobnego zdania jest Komisja Europejska, kt\u00f3ra w czerwcu br. wezwa\u0142a Polsk\u0119 do usuni\u0119cia naruszenia prawa unijnego i zmiany obecnej decyzji \u015brodowiskowej dla odkrywki Tomis\u0142awice. Komisja stwierdzi\u0142a m.in., \u017ce model hydrogeologiczny u\u017cyty przed laty do okre\u015blenia wp\u0142ywu odkrywki na wody powierzchniowe i podziemne by\u0142 nieprawid\u0142owy, a zasi\u0119g leja depresji odkrywki okaza\u0142 si\u0119 znacz\u0105co niedoszacowany. Oznacza to, \u017ce istnieje realne zagro\u017cenie negatywnego wp\u0142ywu tego przedsi\u0119wzi\u0119cia na obszary Natura 2000 Jezioro Gop\u0142o i Ostoja Nadgopla\u0144ska oraz naruszenia przepis\u00f3w dyrektyw siedliskowej i ptasiej. <\/span><\/p>\n<p><span>Odkrywka Tomis\u0142awice to chybione przedsi\u0119wzi\u0119cie. Szkody w \u015brodowisku, zrujnowane rolnictwo <\/span><span>\u2013 <\/span><span>wszystko by wydoby\u0107 w\u0119giel, kt\u00f3rego spalanie powoduje zmiany klimatu i szkodzi naszemu zdrowiu. A przecie\u017c w zasi\u0119gu r\u0119ki s\u0105 nowoczesne, coraz bardziej op\u0142acalne sposoby produkcji energii elektrycznej ze \u017ar\u00f3de\u0142 odnawialnych <\/span><span>\u2013<\/span><span> doda\u0142 dr hab. Pazderski.<\/span><\/p>\n<p><span>Decyzja GDO\u015a dost\u0119pna tutaj: <\/span><span>http:\/\/bip.gdos.gov.pl\/files\/obwieszczenia\/93655\/Zawiadomienie-GDO%C5%9A-DOO%C5%9A-D%C5%9AI.4235.7.2017.mc.6.pdf<\/span><\/p>\n<\/div>\n","protected":false},"excerpt":{"rendered":"<div>\n\tGeneralny Dyrektor Ochrony \u015arodowiska 15 listopada br. uzna\u0142, \u017ce w\u0142a\u015bciciel kopalni w\u0119gla brunatnego Tomis\u0142awice dzia\u0142aj\u0105cej od 2008 roku w woj. wielkopolskim ma obowi\u0105zek przygotowania raportu \u015brodowiskowego dla planowanej rozbudowy odkrywki. Odrzuci\u0142 tym  samym za\u017calenie PAK Kopalni W\u0119gla Brunatnego \u201cKonin\u201d na postanowienie wydane w tej sprawie przez Regionalnego Dyrektora Ochrony \u015arodowiska w Poznaniu. Dzi\u0119ki temu zostanie przeprowadzona kolejna ocena oddzia\u0142ywania odkrywki na \u015brodowisko z uwzgl\u0119dnieniem m.in. g\u0142osu strony spo\u0142ecznej.\n<\/div>\n","protected":false},"author":28,"featured_media":0,"comment_status":"closed","ping_status":"closed","sticky":false,"template":"","format":"standard","meta":{"ep_exclude_from_search":false,"p4_og_title":"","p4_og_description":"","p4_og_image":"","p4_og_image_id":"","p4_seo_canonical_url":"","p4_campaign_name":"","p4_local_project":"","p4_basket_name":"","p4_department":"","footnotes":""},"categories":[2],"tags":[18],"p4-page-type":[14],"class_list":["post-1665","post","type-post","status-publish","format-standard","hentry","category-klimat-energia","tag-wegiel","p4-page-type-aktualnosci"],"_links":{"self":[{"href":"https:\/\/www.greenpeace.org\/poland\/wp-json\/wp\/v2\/posts\/1665","targetHints":{"allow":["GET"]}}],"collection":[{"href":"https:\/\/www.greenpeace.org\/poland\/wp-json\/wp\/v2\/posts"}],"about":[{"href":"https:\/\/www.greenpeace.org\/poland\/wp-json\/wp\/v2\/types\/post"}],"author":[{"embeddable":true,"href":"https:\/\/www.greenpeace.org\/poland\/wp-json\/wp\/v2\/users\/28"}],"replies":[{"embeddable":true,"href":"https:\/\/www.greenpeace.org\/poland\/wp-json\/wp\/v2\/comments?post=1665"}],"version-history":[{"count":1,"href":"https:\/\/www.greenpeace.org\/poland\/wp-json\/wp\/v2\/posts\/1665\/revisions"}],"predecessor-version":[{"id":1666,"href":"https:\/\/www.greenpeace.org\/poland\/wp-json\/wp\/v2\/posts\/1665\/revisions\/1666"}],"wp:attachment":[{"href":"https:\/\/www.greenpeace.org\/poland\/wp-json\/wp\/v2\/media?parent=1665"}],"wp:term":[{"taxonomy":"category","embeddable":true,"href":"https:\/\/www.greenpeace.org\/poland\/wp-json\/wp\/v2\/categories?post=1665"},{"taxonomy":"post_tag","embeddable":true,"href":"https:\/\/www.greenpeace.org\/poland\/wp-json\/wp\/v2\/tags?post=1665"},{"taxonomy":"p4-page-type","embeddable":true,"href":"https:\/\/www.greenpeace.org\/poland\/wp-json\/wp\/v2\/p4-page-type?post=1665"}],"curies":[{"name":"wp","href":"https:\/\/api.w.org\/{rel}","templated":true}]}}