{"id":1697,"date":"2018-09-11T00:00:00","date_gmt":"2018-09-10T22:00:00","guid":{"rendered":"https:\/\/master.k8s.p4.greenpeace.org\/poland\/article\/1697\/komentarz-marka-jozefiaka-z-greenpeace-polska-odnosnie-opublikowanego-dzis-raportu-najwyzszej-izby-kontroli-o-ochronie-powietrza-przed-zanieczyszczeniami\/"},"modified":"2021-10-13T21:00:35","modified_gmt":"2021-10-13T19:00:35","slug":"komentarz-marka-jozefiaka-z-greenpeace-polska-odnosnie-opublikowanego-dzis-raportu-najwyzszej-izby-kontroli-o-ochronie-powietrza-przed-zanieczyszczeniami","status":"publish","type":"post","link":"https:\/\/www.greenpeace.org\/poland\/komentarze\/1697\/komentarz-marka-jozefiaka-z-greenpeace-polska-odnosnie-opublikowanego-dzis-raportu-najwyzszej-izby-kontroli-o-ochronie-powietrza-przed-zanieczyszczeniami\/","title":{"rendered":"Komentarz Marka J\u00f3zefiaka z Greenpeace Polska odno\u015bnie opublikowanego dzi\u015b raportu Najwy\u017cszej Izby Kontroli o ochronie powietrza przed zanieczyszczeniami."},"content":{"rendered":"<p>Najwy\u017csza Izba Kontroli do\u0142\u0105czy\u0142a do krytyki, kt\u00f3ra sp\u0142ywa na ministra Tch\u00f3rzewskiego z wielu stron, w tym z ministerstw zdrowia i \u015brodowiska, licznych samorz\u0105d\u00f3w oraz organizacji pozarz\u0105dowych. Raport NIK w sprawie jako\u015bci powietrza w Polsce jednoznacznie wskazuje, \u017ce bez wsp\u00f3\u0142pracy ze strony Ministerstwa Energii z innymi resortami, wysi\u0142ki premiera Morawieckiego na rzecz poprawy jako\u015bci powietrza p\u00f3jd\u0105 na marne. Przygotowane przez Ministerstwo Energii rozporz\u0105dzenie ws. norm w\u0119gla, w obecnym kszta\u0142cie sabotuje walk\u0119 rz\u0105du ze smogiem.<\/p>\n<p>Musimy od\u0142o\u017cy\u0107 na kolejne lata marzenia o poprawie jako\u015bci powietrza, kt\u00f3rym oddychamy i kt\u00f3re wywo\u0142uje powa\u017cne choroby oraz powoduje, \u017ce tysi\u0105ce Polek i Polak\u00f3w przedwcze\u015bnie umiera. Jednocze\u015bnie Najwy\u017csza Izba Kontroli pochwali\u0142a rz\u0105d za pewne systemowe zmiany takie jak cho\u0107by powo\u0142anie pe\u0142nomocnika premiera ds. programu Czyste Powietrze czy wprowadzenie programu termomodernizacyjnego.<\/p>\n","protected":false},"excerpt":{"rendered":"<p>Najwy\u017csza Izba Kontroli do\u0142\u0105czy\u0142a do krytyki, kt\u00f3ra sp\u0142ywa na ministra Tch\u00f3rzewskiego z wielu stron, w tym z ministerstw zdrowia i \u015brodowiska, licznych samorz\u0105d\u00f3w oraz organizacji pozarz\u0105dowych. Raport NIK w sprawie&hellip;<\/p>\n","protected":false},"author":28,"featured_media":2751,"comment_status":"closed","ping_status":"closed","sticky":false,"template":"","format":"standard","meta":{"ep_exclude_from_search":false,"p4_og_title":"","p4_og_description":"","p4_og_image":"","p4_og_image_id":"","p4_seo_canonical_url":"","p4_campaign_name":"not set","p4_local_project":"not set","p4_basket_name":"not set","p4_department":"","footnotes":""},"categories":[2],"tags":[18,34],"p4-page-type":[30],"class_list":["post-1697","post","type-post","status-publish","format-standard","has-post-thumbnail","hentry","category-klimat-energia","tag-wegiel","tag-smog","p4-page-type-komentarze"],"_links":{"self":[{"href":"https:\/\/www.greenpeace.org\/poland\/wp-json\/wp\/v2\/posts\/1697","targetHints":{"allow":["GET"]}}],"collection":[{"href":"https:\/\/www.greenpeace.org\/poland\/wp-json\/wp\/v2\/posts"}],"about":[{"href":"https:\/\/www.greenpeace.org\/poland\/wp-json\/wp\/v2\/types\/post"}],"author":[{"embeddable":true,"href":"https:\/\/www.greenpeace.org\/poland\/wp-json\/wp\/v2\/users\/28"}],"replies":[{"embeddable":true,"href":"https:\/\/www.greenpeace.org\/poland\/wp-json\/wp\/v2\/comments?post=1697"}],"version-history":[{"count":5,"href":"https:\/\/www.greenpeace.org\/poland\/wp-json\/wp\/v2\/posts\/1697\/revisions"}],"predecessor-version":[{"id":30572,"href":"https:\/\/www.greenpeace.org\/poland\/wp-json\/wp\/v2\/posts\/1697\/revisions\/30572"}],"wp:featuredmedia":[{"embeddable":true,"href":"https:\/\/www.greenpeace.org\/poland\/wp-json\/wp\/v2\/media\/2751"}],"wp:attachment":[{"href":"https:\/\/www.greenpeace.org\/poland\/wp-json\/wp\/v2\/media?parent=1697"}],"wp:term":[{"taxonomy":"category","embeddable":true,"href":"https:\/\/www.greenpeace.org\/poland\/wp-json\/wp\/v2\/categories?post=1697"},{"taxonomy":"post_tag","embeddable":true,"href":"https:\/\/www.greenpeace.org\/poland\/wp-json\/wp\/v2\/tags?post=1697"},{"taxonomy":"p4-page-type","embeddable":true,"href":"https:\/\/www.greenpeace.org\/poland\/wp-json\/wp\/v2\/p4-page-type?post=1697"}],"curies":[{"name":"wp","href":"https:\/\/api.w.org\/{rel}","templated":true}]}}