{"id":1776,"date":"2016-01-13T00:00:00","date_gmt":"2016-01-12T22:00:00","guid":{"rendered":"https:\/\/master.k8s.p4.greenpeace.org\/poland\/article\/1776\/kochampuszcze-pl-ruszyla-zbiorka-podpisow-w-obronie-puszczy-bialowieskiej\/"},"modified":"2019-11-06T11:05:43","modified_gmt":"2019-11-06T09:05:43","slug":"kochampuszcze-pl-ruszyla-zbiorka-podpisow-w-obronie-puszczy-bialowieskiej","status":"publish","type":"post","link":"https:\/\/www.greenpeace.org\/poland\/aktualnosci\/1776\/kochampuszcze-pl-ruszyla-zbiorka-podpisow-w-obronie-puszczy-bialowieskiej\/","title":{"rendered":"KochamPuszcze.pl &#8211; ruszy\u0142a zbi\u00f3rka podpis\u00f3w w obronie Puszczy Bia\u0142owieskiej"},"content":{"rendered":"<div class=\"leader\" style=\"font-weight: bold;margin-bottom: 12px\">\tW przededniu decyzji ministra \u015brodowiska dotycz\u0105cej zwi\u0119kszenia wycinki w Puszczy Bia\u0142owieskiej Greenpeace Polska, Fundacja Greenmind, WWF Polska i Fundacja Dzika Polska rozpocz\u0119\u0142y zbi\u00f3rk\u0119 podpis\u00f3w pod petycj\u0105 na rzecz zapewnienia temu wyj\u0105tkowemu miejscu nale\u017cytej ochrony. Petycj\u0119 do Premier Beaty Szyd\u0142o mo\u017cna podpisa\u0107 na stronie www.kochampuszcze.pl.<\/div>\n<div>\n<p><img loading=\"lazy\" decoding=\"async\" style=\"float: left;\" src=\"https:\/\/www.greenpeace.org\/static\/planet4-poland-stateless\/2019\/06\/3fdc040f-3fdc040f-i_love_puszcza.jpg\" alt=\"KochamPuszcze.pl\" width=\"150\" height=\"113\">W nadchodz\u0105cych dniach wa\u017cy\u0107 si\u0119 b\u0119d\u0105 losy Puszczy Bia\u0142owieskiej. Minister \u015brodowiska, Jan Szyszko, ma podpisa\u0107 aneks do Planu Urz\u0105dzenia Lasu (PUL) Nadle\u015bnictwa Bia\u0142owie\u017ca na lata 2012-2021, kt\u00f3rego efektem b\u0119dzie m.in. kilkukrotne zwi\u0119kszenie wycinki drzew na terenie Puszczy Bia\u0142owieskiej, obejmuj\u0105ce r\u00f3wnie\u017c drzewostany stuletnie i starsze. W przypadku zatwierdzenia przez ministra zmian w PUL, Puszcza mo\u017ce zosta\u0107 nieodwracalnie zniszczona i zmieniona w plantacj\u0119 drzew, a Polacy utrac\u0105 swoje wielowiekowe dziedzictwo narodowe.<\/p>\n<p>Zwi\u0119kszenie wycinki drzew w Puszczy negatywnie oceni\u0142y organizacje ekologiczne[1] oraz naukowcy, w tym Rada Naukowa Bia\u0142owieskiego Parku Narodowego, Pa\u0144stwowa Rada Ochrony Przyrody i Komitet Ochrony Przyrody PAN.<\/p>\n<p>Jeszcze w grudniu zesz\u0142ego roku do ministra \u015brodowiska trafi\u0142 list ze stanowiskiem wobec proponowanych zmian w Planie Urz\u0105dzenia Lasu Nadle\u015bnictwa Bia\u0142owie\u017ca przygotowany przez Greenpeace Polska, Fundacj\u0119 Greenmind, Stowarzyszenie Pracownia na Rzecz Wszystkich Istot i WWF Polska. Mimo, \u017ce minister Szyszko publicznie deklaruje ch\u0119\u0107 wys\u0142uchania strony spo\u0142ecznej, dotychczas organizacje ekologiczne nie otrzyma\u0142y odpowiedzi.<\/p>\n<p><em>&#8211; Skoro Minister Szyszko milczy w sprawie g\u0142osu \u015bwiata nauki i nie odpowiada organizacjom pozarz\u0105dowym, apelujemy do Premier Beaty Szyd\u0142o o obj\u0119cie Puszczy i jej naturalnych proces\u00f3w biologicznych specjaln\u0105 ochron\u0105 <\/em>&#8211; powiedzia\u0142 Robert Cyglicki, dyrektor Greenpeace Polska. <em>&#8211; To nie kornik, a pycha i pazerno\u015b\u0107 cz\u0142owieka s\u0105 realnym zagro\u017ceniem dla Puszczy Bia\u0142owieskiej, naszego skarbu narodowego i najbogatszego ekosystemu l\u0105dowego Europy. Planowany wyr\u0105b obejmuje drzewa, dla kt\u00f3rych kornik nie jest zagro\u017ceniem, a zaplanowane \u201ezabiegi le\u015bne\u201d to nic innego jak przeliczanie dziedzictwa ludzko\u015bci na z\u0142ot\u00f3wki i metry sze\u015bcienne drewna do pozyskania.<\/em><\/p>\n<p>Puszcza Bia\u0142owieska to ostatni w Europie nizinny las o cechach naturalnych. Poza obszarami oficjalnie chronionymi (stanowi\u0105 one jedynie 30% powierzchni polskiej cz\u0119\u015bci Puszczy), na jej terenie znajduj\u0105 si\u0119 fragmenty naturalnych las\u00f3w, jakie przed wiekami porasta\u0142y Europ\u0119. Aby chroni\u0107 ten niezwyk\u0142y ekosystem i zachodz\u0105ce w nim procesy, w 2005 roku ca\u0142y obszar Puszczy zosta\u0142 wpisany na List\u0119 \u015awiatowego Dziedzictwa Ludzko\u015bci UNESCO.<\/p>\n<p>Konieczno\u015b\u0107 specjalnej ochrony Puszczy Bia\u0142owieskiej dostrzega\u0142 m.in. Prezydent Lech Kaczy\u0144ski, kt\u00f3rego zesp\u00f3\u0142 ekspert\u00f3w przygotowa\u0142 projekty ustaw, uznaj\u0105cych konieczno\u015b\u0107 poszerzenia granic Bia\u0142owieskiego Parku Narodowego, a tak\u017ce 250 tysi\u0119cy os\u00f3b, kt\u00f3re w 2010 roku podpisa\u0142y si\u0119 pod inicjatyw\u0105 ustawodawcz\u0105, maj\u0105c\u0105 umo\u017cliwi\u0107 w przysz\u0142o\u015bci\u00a0 powi\u0119kszenie Parku. Mimo, \u017ce obecnie obowi\u0105zuj\u0105cy Plan Urz\u0105dzenia Lasu dla trzech nadle\u015bnictw Puszczy Bia\u0142owieskiej powsta\u0142 mi\u0119dzy innymi na bazie rozwi\u0105za\u0144 wypracowanych przez zesp\u00f3\u0142 Prezydenta Kaczy\u0144skiego, zar\u00f3wno prezydenckie projekty ustaw, jak i inicjatywa obywatelska zosta\u0142y zignorowane przez rz\u0105dz\u0105cych.<\/p>\n<p><strong>Apel o ochron\u0119 Puszczy Bia\u0142owieskiej zainicjowany przez Greenpeace Polska, Fundacj\u0119 Greenmind, WWF Polska i Fundacj\u0119 Dzika Polska mo\u017cna podpisa\u0107 na stronie <\/strong><a href=\"http:\/\/www.kochampuszcze.pl\/\"><strong>www.kochampuszcze.pl<\/strong><\/a><strong>. Wszystkie podpisy zostan\u0105 przekazane Premier Beacie Szyd\u0142o.<\/strong><\/p>\n<p><a href=\"http:\/\/www.kochampuszcze.pl\/\"><img decoding=\"async\" title=\"KochamPuszcze.pl\" src=\"https:\/\/www.greenpeace.org\/static\/planet4-poland-stateless\/2019\/06\/045da9be-045da9be-wycinka.jpg\" alt=\"KochamPuszcze.pl\" width=\"602\"><\/a>\u00a0<\/p>\n<\/div>\n","protected":false},"excerpt":{"rendered":"<div>\n\tW przededniu decyzji ministra \u015brodowiska dotycz\u0105cej zwi\u0119kszenia wycinki w Puszczy Bia\u0142owieskiej Greenpeace Polska, Fundacja Greenmind, WWF Polska i Fundacja Dzika Polska rozpocz\u0119\u0142y zbi\u00f3rk\u0119 podpis\u00f3w pod petycj\u0105 na rzecz zapewnienia temu wyj\u0105tkowemu miejscu nale\u017cytej ochrony. Petycj\u0119 do Premier Beaty Szyd\u0142o mo\u017cna podpisa\u0107 na stronie www.kochampuszcze.pl.\n<\/div>\n","protected":false},"author":28,"featured_media":1777,"comment_status":"closed","ping_status":"closed","sticky":false,"template":"","format":"standard","meta":{"ep_exclude_from_search":false,"p4_og_title":"","p4_og_description":"","p4_og_image":"","p4_og_image_id":"","p4_seo_canonical_url":"","p4_campaign_name":"","p4_local_project":"","p4_basket_name":"","p4_department":"","footnotes":""},"categories":[3],"tags":[22,19],"p4-page-type":[14],"class_list":["post-1776","post","type-post","status-publish","format-standard","has-post-thumbnail","hentry","category-przyroda","tag-puszcza-bialowieska","tag-lasy","p4-page-type-aktualnosci"],"_links":{"self":[{"href":"https:\/\/www.greenpeace.org\/poland\/wp-json\/wp\/v2\/posts\/1776","targetHints":{"allow":["GET"]}}],"collection":[{"href":"https:\/\/www.greenpeace.org\/poland\/wp-json\/wp\/v2\/posts"}],"about":[{"href":"https:\/\/www.greenpeace.org\/poland\/wp-json\/wp\/v2\/types\/post"}],"author":[{"embeddable":true,"href":"https:\/\/www.greenpeace.org\/poland\/wp-json\/wp\/v2\/users\/28"}],"replies":[{"embeddable":true,"href":"https:\/\/www.greenpeace.org\/poland\/wp-json\/wp\/v2\/comments?post=1776"}],"version-history":[{"count":1,"href":"https:\/\/www.greenpeace.org\/poland\/wp-json\/wp\/v2\/posts\/1776\/revisions"}],"predecessor-version":[{"id":1779,"href":"https:\/\/www.greenpeace.org\/poland\/wp-json\/wp\/v2\/posts\/1776\/revisions\/1779"}],"wp:featuredmedia":[{"embeddable":true,"href":"https:\/\/www.greenpeace.org\/poland\/wp-json\/wp\/v2\/media\/1777"}],"wp:attachment":[{"href":"https:\/\/www.greenpeace.org\/poland\/wp-json\/wp\/v2\/media?parent=1776"}],"wp:term":[{"taxonomy":"category","embeddable":true,"href":"https:\/\/www.greenpeace.org\/poland\/wp-json\/wp\/v2\/categories?post=1776"},{"taxonomy":"post_tag","embeddable":true,"href":"https:\/\/www.greenpeace.org\/poland\/wp-json\/wp\/v2\/tags?post=1776"},{"taxonomy":"p4-page-type","embeddable":true,"href":"https:\/\/www.greenpeace.org\/poland\/wp-json\/wp\/v2\/p4-page-type?post=1776"}],"curies":[{"name":"wp","href":"https:\/\/api.w.org\/{rel}","templated":true}]}}