{"id":1866,"date":"2017-04-27T00:00:00","date_gmt":"2017-04-26T22:00:00","guid":{"rendered":"https:\/\/master.k8s.p4.greenpeace.org\/poland\/article\/1866\/lex-szyszko-to-polska-w-trocinach\/"},"modified":"2019-11-06T11:05:25","modified_gmt":"2019-11-06T09:05:25","slug":"lex-szyszko-to-polska-w-trocinach","status":"publish","type":"post","link":"https:\/\/www.greenpeace.org\/poland\/aktualnosci\/1866\/lex-szyszko-to-polska-w-trocinach\/","title":{"rendered":"Lex Szyszko to Polska w trocinach"},"content":{"rendered":"<div class=\"leader\" style=\"font-weight: bold;margin-bottom: 12px\">\t&#8220;Lex Szyszko. Polska w trocinach&#8221; &#8211; transparenty z takim napisem pojawi\u0142y si\u0119 dzisiaj obok kopca trocin, kt\u00f3ry wyr\u00f3s\u0142 przed Sejmem. &#8220;Pos\u0142owie nie skorzystali z okazji naprawienia chaosu wywo\u0142anego przez Lex Szyszko. Dlatego Greenpeace popiera ruchy miejskie, kt\u00f3re domagaj\u0105 si\u0119 przywr\u00f3cenia spo\u0142ecznych poprawek w Ustawie o ochronie przyrody. Dzisiaj jest na to szansa w Senacie&#8221; &#8211; m\u00f3wi Robert Cyglicki, dyrektor Greenpeace Polska.<\/div>\n<div>\t<span>Robert Cyglicki: \u201cDrzewo ro\u015bnie d\u0142ugo, ale w stert\u0119 trocin mo\u017cna zmieni\u0107 je momentalnie. Tak\u0105 stert\u0119 zobaczyli\u015bmy dzisiaj pod Sejmem, ale to Jan Szyszko zafundowa\u0142 Polakom prawo, kt\u00f3re sprawi\u0142o, \u017ce podobne kopce zacz\u0119\u0142y powstawa\u0107 masowo i w spos\u00f3b niekontrolowany w ca\u0142ym kraju. Kiedy wysz\u0142o na jaw, do czego prowadzi Lex Szyszko, ludzie zacz\u0119li domaga\u0107 si\u0119 przywr\u00f3cenia spo\u0142eczno\u015bciom lokalnym kontroli nad zieleni\u0105, nad kszta\u0142towaniem zdrowej i warto\u015bciowej przestrzeni miejskiej. Greenpeace razem z innymi organizacjami proponowa\u0142y zmiany, kt\u00f3re pozwala\u0142y uszanowa\u0107 w\u0142asno\u015b\u0107 prywatn\u0105, ale jednocze\u015bnie dawa\u0142y szans\u0119 na skuteczn\u0105 ochron\u0119 dobra wsp\u00f3lnego.<\/span><\/p>\n<p><span>Przez moment wydawa\u0142o si\u0119, \u017ce pod wp\u0142ywem ogromnej spo\u0142ecznej presji parlament naprawi Ustaw\u0119 o ochronie przyrody. Niestety na ostatniej prostej Sejm wyci\u0105\u0142 zasadnicz\u0105 cz\u0119\u015b\u0107 zaproponowanych przez organizacje spo\u0142eczne poprawek, kt\u00f3re cywilizowa\u0142y Lex Szyszko i ogranicza\u0142y chaos wywo\u0142any przez ministra \u015brodowiska. W obecnej formie nowe prawo nie uratuje polskich drzew i nie pozwala unikn\u0105\u0107 nadu\u017cy\u0107, na kt\u00f3re zwracali\u015bmy wcze\u015bniej uwag\u0119.<\/span><\/p>\n<p><span id=\"docs-internal-guid-9b26737f-ac30-dd6a-311d-568ecbe50633\"><span>Nie zmieniamy zdania: Lex Szyszko to z\u0142a ustawa i musi zosta\u0107 gruntownie zreformowana! Umo\u017cliwienie niemal niekontrolowanych wycinek i odebranie spo\u0142eczno\u015bciom lokalnym kontroli nad zieleni\u0105 to tylko cz\u0119\u015b\u0107 z\u0142ych przepis\u00f3w Lex Szyszko. Od momentu, kiedy na pocz\u0105tku grudnia ubieg\u0142ego roku ujawnili\u015bmy ustaw\u0119 przygotowan\u0105 w Ministerstwie \u015arodowiska, zwracamy uwag\u0119, \u017ce szczeg\u00f3lnie niebezpieczne s\u0105 przepisy, kt\u00f3re wy\u0142\u0105czy\u0142y gospodark\u0119 le\u015bn\u0105 spod przepis\u00f3w dotycz\u0105cych ochrony przyrody. Na takie rozwi\u0105zania nie ma naszej zgody, dlatego oczekujemy zmian w Ustawie o ochronie przyrody i ostatecznego ko\u0144ca Lex Szyszko&#8221;<\/span><\/span><\/p>\n<p><span><span><span id=\"docs-internal-guid-9b26737f-ac32-60be-592a-0741226590f5\">Zdj\u0119cia: <a href=\"https:\/\/www.flickr.com\/photos\/greenpeacepl\/\">tutaj<\/p>\n<p><\/a><\/span><\/span><\/span><\/p>\n<p><a title=\"Lex Szyszko to Polska w trocinach\" href=\"https:\/\/www.flickr.com\/photos\/greenpeacepl\/albums\/72157680450178252\" data-flickr-embed=\"true\" data-header=\"true\"><img loading=\"lazy\" decoding=\"async\" src=\"https:\/\/www.greenpeace.org\/static\/planet4-poland-stateless\/2019\/06\/03dbf745-03dbf745-33913547270_e8aaaf18b1.jpg\" alt=\"Lex Szyszko to Polska w trocinach\" width=\"500\" height=\"333\"><\/a><script charset=\"utf-8\" type=\"text\/javascript\" src=\"https:\/\/embedr.flickr.com\/assets\/client-code.js\"><\/script><\/p>\n<\/div>\n","protected":false},"excerpt":{"rendered":"<div>\n\t&#8222;Lex Szyszko. Polska w trocinach&#8221; &#8211; transparenty z takim napisem pojawi\u0142y si\u0119 dzisiaj obok kopca trocin, kt\u00f3ry wyr\u00f3s\u0142 przed Sejmem. &#8222;Pos\u0142owie nie skorzystali z okazji naprawienia chaosu wywo\u0142anego przez Lex Szyszko. Dlatego Greenpeace popiera ruchy miejskie, kt\u00f3re domagaj\u0105 si\u0119 przywr\u00f3cenia spo\u0142ecznych poprawek w Ustawie o ochronie przyrody. Dzisiaj jest na to szansa w Senacie&#8221; &#8211; m\u00f3wi Robert Cyglicki, dyrektor Greenpeace Polska.\n<\/div>\n","protected":false},"author":28,"featured_media":1867,"comment_status":"closed","ping_status":"closed","sticky":false,"template":"","format":"standard","meta":{"ep_exclude_from_search":false,"p4_og_title":"","p4_og_description":"","p4_og_image":"","p4_og_image_id":"","p4_seo_canonical_url":"","p4_campaign_name":"","p4_local_project":"","p4_basket_name":"","p4_department":"","footnotes":""},"categories":[3],"tags":[26,24],"p4-page-type":[14],"class_list":["post-1866","post","type-post","status-publish","format-standard","has-post-thumbnail","hentry","category-przyroda","tag-ochrona-przyrody","tag-aktywizm","p4-page-type-aktualnosci"],"_links":{"self":[{"href":"https:\/\/www.greenpeace.org\/poland\/wp-json\/wp\/v2\/posts\/1866","targetHints":{"allow":["GET"]}}],"collection":[{"href":"https:\/\/www.greenpeace.org\/poland\/wp-json\/wp\/v2\/posts"}],"about":[{"href":"https:\/\/www.greenpeace.org\/poland\/wp-json\/wp\/v2\/types\/post"}],"author":[{"embeddable":true,"href":"https:\/\/www.greenpeace.org\/poland\/wp-json\/wp\/v2\/users\/28"}],"replies":[{"embeddable":true,"href":"https:\/\/www.greenpeace.org\/poland\/wp-json\/wp\/v2\/comments?post=1866"}],"version-history":[{"count":1,"href":"https:\/\/www.greenpeace.org\/poland\/wp-json\/wp\/v2\/posts\/1866\/revisions"}],"predecessor-version":[{"id":1868,"href":"https:\/\/www.greenpeace.org\/poland\/wp-json\/wp\/v2\/posts\/1866\/revisions\/1868"}],"wp:featuredmedia":[{"embeddable":true,"href":"https:\/\/www.greenpeace.org\/poland\/wp-json\/wp\/v2\/media\/1867"}],"wp:attachment":[{"href":"https:\/\/www.greenpeace.org\/poland\/wp-json\/wp\/v2\/media?parent=1866"}],"wp:term":[{"taxonomy":"category","embeddable":true,"href":"https:\/\/www.greenpeace.org\/poland\/wp-json\/wp\/v2\/categories?post=1866"},{"taxonomy":"post_tag","embeddable":true,"href":"https:\/\/www.greenpeace.org\/poland\/wp-json\/wp\/v2\/tags?post=1866"},{"taxonomy":"p4-page-type","embeddable":true,"href":"https:\/\/www.greenpeace.org\/poland\/wp-json\/wp\/v2\/p4-page-type?post=1866"}],"curies":[{"name":"wp","href":"https:\/\/api.w.org\/{rel}","templated":true}]}}