{"id":1924,"date":"2016-03-25T00:00:00","date_gmt":"2016-03-24T22:00:00","guid":{"rendered":"https:\/\/master.k8s.p4.greenpeace.org\/poland\/article\/1924\/minister-szyszko-wydal-wyrok-na-puszcze-bialowieska\/"},"modified":"2019-11-06T11:05:41","modified_gmt":"2019-11-06T09:05:41","slug":"minister-szyszko-wydal-wyrok-na-puszcze-bialowieska","status":"publish","type":"post","link":"https:\/\/www.greenpeace.org\/poland\/aktualnosci\/1924\/minister-szyszko-wydal-wyrok-na-puszcze-bialowieska\/","title":{"rendered":"Minister Szyszko wyda\u0142 wyrok na Puszcz\u0119 Bia\u0142owiesk\u0105"},"content":{"rendered":"<div class=\"leader\" style=\"font-weight: bold;margin-bottom: 12px\">\tKomentarz organizacji pozarz\u0105dowych (ClientEarth, Dzika Polska, Greenpeace, Greenmind, Pracownia na rzecz Wszystkich Istot, WWF) do przyj\u0119cia przez ministra \u015brodowiska Jana Szyszko aneksu do Planu Urz\u0105dzenia Lasu Nadle\u015bnictwa Bia\u0142owie\u017ca<\/div>\n<div>\n<p>Minister \u015brodowiska Jan Szyszko og\u0142osi\u0142 zatwierdzenie zmian w Planie Urz\u0105dzenia Lasu (PUL) Nadle\u015bnictwa Bia\u0142owie\u017ca na lata 2012-2021. Minister zatwierdzi zwi\u0119kszenie wycinki drzew na terenie nadle\u015bnictwa, a tym samym nieodwracalne naruszenie zachodz\u0105cych w Puszczy naturalnych proces\u00f3w, kt\u00f3re s\u0105 jednym z powod\u00f3w, dla kt\u00f3rych &#8211; r\u00f3wnie\u017c poza parkiem narodowym i rezerwatami \u2013 zosta\u0142a wpisana na list\u0119 \u015bwiatowego dziedzictwa UNESCO.<\/p>\n<p>Decyzja ministra Szyszko jest niezgodna z opini\u0105 kluczowych cia\u0142 naukowych w Polsce, m.in. Pa\u0144stwowej Rady Ochrony Przyrody, Rady Naukowej Bia\u0142owieskiego Parku Narodowego, Komitetu Ochrony Przyrody Polskiej Akademii Nauk, kt\u00f3re jednoznacznie stwierdzi\u0142y, \u017ce nie powinno si\u0119 zwi\u0119ksza\u0107 wycinki drzew na tym cennym obszarze. Taka decyzja odzwierciedla spojrzenie na Puszcz\u0119 z perspektywy produkcji drewna, przy zupe\u0142nym zignorowaniu naukowych podstaw ochrony ekosystem\u00f3w le\u015bnych jako ca\u0142o\u015bci. Zas\u0142anianie si\u0119 potrzeb\u0105 ochrony Puszczy przed post\u0119puj\u0105c\u0105 gradacj\u0105 kornika jest ogromnym nadu\u017cyciem i wprowadzaniem opinii publicznej w b\u0142\u0105d. Wyst\u0119powanie kornika w Puszczy, oraz jego gradacja co kilka-kilkana\u015bcie lat, jest procesem naturalnym, wygasaj\u0105cym w spos\u00f3b spontaniczny. Tezy o zagro\u017ceniu trwa\u0142o\u015bci siedlisk chronionych dyrektyw\u0105 siedliskow\u0105 UE nie znajduj\u0105 oparcia w faktach. \u00a0\u00a0<\/p>\n<p>Decyzja ministra Szyszko jednoznacznie pokazuje, \u017ce nie tylko nie liczy si\u0119 on z opini\u0105 \u015bwiata nauki i nie dopuszcza do merytorycznej debaty, ale tak\u017ce za nic ma mi\u0119dzynarodowe zobowi\u0105zania Polski dotycz\u0105ce ochrony Puszczy Bia\u0142owieskiej. Znacz\u0105ce zwi\u0119kszenie ci\u0119\u0107 mo\u017ce wp\u0142yn\u0105\u0107 na wszcz\u0119cie post\u0119powania przeciwko Polsce przez Komisj\u0119 Europejsk\u0105, z uwagi na naruszenie integralno\u015bci obszaru Natura 2000. \u00a0Niewykluczone jest te\u017c na\u0142o\u017cenie kar za naruszenie prawa unijnego. Zar\u00f3wno Komisja Europejska, jak i UNESCO wys\u0142a\u0142y do ministra Szyszko w tej sprawie listy [1].<\/p>\n<p>Puszcza Bia\u0142owieska jest najcenniejszym lasem nizinnym w Europie i jednym z najcenniejszych na \u015bwiecie. Jej najwi\u0119ksz\u0105 warto\u015bci\u0105 jest wielowiekowa ci\u0105g\u0142o\u015b\u0107 niewymuszonych przez cz\u0142owieka proces\u00f3w ekologicznych oraz niezwyk\u0142e bogactwo gatunk\u00f3w ro\u015blin, zwierz\u0105t i grzyb\u00f3w. Dlatego ca\u0142y obszar Puszczy powinien zosta\u0107 obj\u0119ty specjalnym statusem i nie powinna by\u0107 tam prowadzona gospodarka le\u015bna w my\u015bl Ustawy o lasach, kt\u00f3ra dotyczy drzewostan\u00f3w o charakterze gospodarczym. Respektowanie zasad ochrony obszaru Natura 2000, jak i Obiektu \u015awiatowego Dziedzictwa UNESCO wyklucza pozyskiwania drewna, motywowanego wzgl\u0119dami walki ze szkodnikami czy inn\u0105 mitologi\u0105 nie znajduj\u0105c\u0105 zastosowania w ochronie naturalnych ekosystem\u00f3w.<\/p>\n<p>[1] <a href=\"http:\/\/www.wwf.pl\/?18820\/List-Komisji-Europejskiej-zaprzecza-zapewnieniom-Ministra-rodowiska\">http:\/\/www.wwf.pl\/?18820\/List-Komisji-Europejskiej-zaprzecza-zapewnieniom-Ministra-rodowiska<\/a><\/p>\n<p><img loading=\"lazy\" decoding=\"async\" title=\"Wyrok na Puszcz\u0119\" src=\"https:\/\/www.greenpeace.org\/static\/planet4-poland-stateless\/2019\/06\/3fa5f66d-3fa5f66d-wyrok.jpg\" alt=\"Wyrok na Puszcz\u0119\" width=\"604\" height=\"307\"><\/p>\n<\/div>\n","protected":false},"excerpt":{"rendered":"<div>\n\tKomentarz organizacji pozarz\u0105dowych (ClientEarth, Dzika Polska, Greenpeace, Greenmind, Pracownia na rzecz Wszystkich Istot, WWF) do przyj\u0119cia przez ministra \u015brodowiska Jana Szyszko aneksu do Planu Urz\u0105dzenia Lasu Nadle\u015bnictwa Bia\u0142owie\u017ca\n<\/div>\n","protected":false},"author":28,"featured_media":1925,"comment_status":"closed","ping_status":"closed","sticky":false,"template":"","format":"standard","meta":{"ep_exclude_from_search":false,"p4_og_title":"","p4_og_description":"","p4_og_image":"","p4_og_image_id":"","p4_seo_canonical_url":"","p4_campaign_name":"","p4_local_project":"","p4_basket_name":"","p4_department":"","footnotes":""},"categories":[3],"tags":[22,19],"p4-page-type":[14],"class_list":["post-1924","post","type-post","status-publish","format-standard","has-post-thumbnail","hentry","category-przyroda","tag-puszcza-bialowieska","tag-lasy","p4-page-type-aktualnosci"],"_links":{"self":[{"href":"https:\/\/www.greenpeace.org\/poland\/wp-json\/wp\/v2\/posts\/1924","targetHints":{"allow":["GET"]}}],"collection":[{"href":"https:\/\/www.greenpeace.org\/poland\/wp-json\/wp\/v2\/posts"}],"about":[{"href":"https:\/\/www.greenpeace.org\/poland\/wp-json\/wp\/v2\/types\/post"}],"author":[{"embeddable":true,"href":"https:\/\/www.greenpeace.org\/poland\/wp-json\/wp\/v2\/users\/28"}],"replies":[{"embeddable":true,"href":"https:\/\/www.greenpeace.org\/poland\/wp-json\/wp\/v2\/comments?post=1924"}],"version-history":[{"count":1,"href":"https:\/\/www.greenpeace.org\/poland\/wp-json\/wp\/v2\/posts\/1924\/revisions"}],"predecessor-version":[{"id":1926,"href":"https:\/\/www.greenpeace.org\/poland\/wp-json\/wp\/v2\/posts\/1924\/revisions\/1926"}],"wp:featuredmedia":[{"embeddable":true,"href":"https:\/\/www.greenpeace.org\/poland\/wp-json\/wp\/v2\/media\/1925"}],"wp:attachment":[{"href":"https:\/\/www.greenpeace.org\/poland\/wp-json\/wp\/v2\/media?parent=1924"}],"wp:term":[{"taxonomy":"category","embeddable":true,"href":"https:\/\/www.greenpeace.org\/poland\/wp-json\/wp\/v2\/categories?post=1924"},{"taxonomy":"post_tag","embeddable":true,"href":"https:\/\/www.greenpeace.org\/poland\/wp-json\/wp\/v2\/tags?post=1924"},{"taxonomy":"p4-page-type","embeddable":true,"href":"https:\/\/www.greenpeace.org\/poland\/wp-json\/wp\/v2\/p4-page-type?post=1924"}],"curies":[{"name":"wp","href":"https:\/\/api.w.org\/{rel}","templated":true}]}}