{"id":1958,"date":"2015-08-05T00:00:00","date_gmt":"2015-08-04T22:00:00","guid":{"rendered":"https:\/\/master.k8s.p4.greenpeace.org\/poland\/article\/1958\/badanie-obecnosci-pestycydow-w-kwiatostanach-rzepaku\/"},"modified":"2019-11-06T11:05:47","modified_gmt":"2019-11-06T09:05:47","slug":"badanie-obecnosci-pestycydow-w-kwiatostanach-rzepaku","status":"publish","type":"post","link":"https:\/\/www.greenpeace.org\/poland\/raporty\/1958\/badanie-obecnosci-pestycydow-w-kwiatostanach-rzepaku\/","title":{"rendered":"Badanie obecno\u015bci pestycyd\u00f3w w kwiatostanach rzepaku"},"content":{"rendered":"<div class=\"leader\" style=\"font-weight: bold; margin-bottom: 12px;\">Uprawy rzepaku w Polsce s\u0105 truj\u0105ce dla pszcz\u00f3\u0142, wynika z badania Greenpeace przeprowadzonego w 2014 i 2015 roku.<\/div>\n<div>\n<p>Wyniki badania pr\u00f3bek kwiatostan\u00f3w rzepaku z lat 2014-2015 wskazuj\u0105, \u017ce polskie uprawy tej niezwykle atrakcyjnej dla pszcz\u00f3\u0142 ro\u015bliny mog\u0105 by\u0107 dla nich truj\u0105ce, a cz\u0119sto wr\u0119cz zab\u00f3jcze. \u0141\u0105cznie we wszystkich pr\u00f3bkach oznaczono 35 r\u00f3\u017cnych substancji aktywnych, a 96% pr\u00f3bek zawiera\u0142o co najmniej jeden \u015brodek owadob\u00f3jczy uwa\u017cany za szkodliwy dla pszcz\u00f3\u0142 miodnych. W\u015br\u00f3d nich by\u0142o te\u017c 6 z 7 substancji najbardziej niebezpiecznych dla owad\u00f3w zapylaj\u0105cych. W badaniu wykryto tak\u017ce wszystkie trzy pestycydy zakazane w Unii Europejskiej ze wzgl\u0119du toksyczno\u015b\u0107 dla pszcz\u00f3\u0142: imidaklopryd, klotianidyna, tiametoksam.<\/p>\n<p><strong>Pobierz raport:<\/strong><\/p>\n<\/div>\n<p><a href=\"https:\/\/www.greenpeace.org\/static\/planet4-poland-stateless\/2019\/06\/411da2d3-411da2d3-raport_gp_badanie_kwiat\u00f3w_rzepaku.pdf\" target=\"_blank\" rel=\"noopener noreferrer\">Badanie obecno\u015bci pestycyd\u00f3w w kwiatostanach rzepaku<\/a><\/p>\n","protected":false},"excerpt":{"rendered":"<div>\n\tUprawy rzepaku w Polsce s\u0105 truj\u0105ce dla pszcz\u00f3\u0142, wynika z badania Greenpeace przeprowadzonego w 2014 i 2015 roku.\n<\/div>\n","protected":false},"author":28,"featured_media":1959,"comment_status":"closed","ping_status":"closed","sticky":false,"template":"","format":"standard","meta":{"ep_exclude_from_search":false,"p4_og_title":"","p4_og_description":"","p4_og_image":"","p4_og_image_id":"","p4_seo_canonical_url":"","p4_campaign_name":"","p4_local_project":"","p4_basket_name":"","p4_department":"","footnotes":""},"categories":[4],"tags":[27,28],"p4-page-type":[15],"class_list":["post-1958","post","type-post","status-publish","format-standard","has-post-thumbnail","hentry","category-rolnictwo","tag-rolnictwo","tag-pszczoly","p4-page-type-raporty"],"_links":{"self":[{"href":"https:\/\/www.greenpeace.org\/poland\/wp-json\/wp\/v2\/posts\/1958","targetHints":{"allow":["GET"]}}],"collection":[{"href":"https:\/\/www.greenpeace.org\/poland\/wp-json\/wp\/v2\/posts"}],"about":[{"href":"https:\/\/www.greenpeace.org\/poland\/wp-json\/wp\/v2\/types\/post"}],"author":[{"embeddable":true,"href":"https:\/\/www.greenpeace.org\/poland\/wp-json\/wp\/v2\/users\/28"}],"replies":[{"embeddable":true,"href":"https:\/\/www.greenpeace.org\/poland\/wp-json\/wp\/v2\/comments?post=1958"}],"version-history":[{"count":3,"href":"https:\/\/www.greenpeace.org\/poland\/wp-json\/wp\/v2\/posts\/1958\/revisions"}],"predecessor-version":[{"id":3212,"href":"https:\/\/www.greenpeace.org\/poland\/wp-json\/wp\/v2\/posts\/1958\/revisions\/3212"}],"wp:featuredmedia":[{"embeddable":true,"href":"https:\/\/www.greenpeace.org\/poland\/wp-json\/wp\/v2\/media\/1959"}],"wp:attachment":[{"href":"https:\/\/www.greenpeace.org\/poland\/wp-json\/wp\/v2\/media?parent=1958"}],"wp:term":[{"taxonomy":"category","embeddable":true,"href":"https:\/\/www.greenpeace.org\/poland\/wp-json\/wp\/v2\/categories?post=1958"},{"taxonomy":"post_tag","embeddable":true,"href":"https:\/\/www.greenpeace.org\/poland\/wp-json\/wp\/v2\/tags?post=1958"},{"taxonomy":"p4-page-type","embeddable":true,"href":"https:\/\/www.greenpeace.org\/poland\/wp-json\/wp\/v2\/p4-page-type?post=1958"}],"curies":[{"name":"wp","href":"https:\/\/api.w.org\/{rel}","templated":true}]}}