{"id":1988,"date":"2017-01-10T00:00:00","date_gmt":"2017-01-09T22:00:00","guid":{"rendered":"https:\/\/master.k8s.p4.greenpeace.org\/poland\/article\/1988\/list-otwarty-do-premier-beaty-szydlo-nt-ochrony-srodowiska\/"},"modified":"2019-11-06T11:05:29","modified_gmt":"2019-11-06T09:05:29","slug":"list-otwarty-do-premier-beaty-szydlo-nt-ochrony-srodowiska","status":"publish","type":"post","link":"https:\/\/www.greenpeace.org\/poland\/aktualnosci\/1988\/list-otwarty-do-premier-beaty-szydlo-nt-ochrony-srodowiska\/","title":{"rendered":"List otwarty do Premier Beaty Szyd\u0142o nt. ochrony \u015brodowiska"},"content":{"rendered":"<div class=\"leader\" style=\"font-weight: bold; margin-bottom: 12px;\">\n<p>5 stycznia premier Beata Szyd\u0142o otrzyma\u0142a list otwarty wsprawie powstrzymania zmian w systemie ochrony przyrody i \u015brodowiska wPolsce podpisany przez 270 przedstawicielek i przedstawicieli organizacji pozarz\u0105dowych, samorz\u0105d\u00f3w, instytucji naukowych i ekspert\u00f3w ochrony \u015brodowiska. W\u015br\u00f3d sygnatariuszy listu znalaz\u0142 si\u0119 Robert Cyglicki, dyrektor Greenpeace Polska. Poni\u017cej publikujemy tre\u015b\u0107 listu.<\/p>\n<\/div>\n<div>\n<p style=\"text-align: left;\">Pani Beata Szyd\u0142o<br \/>\nPrezes Rady Ministr\u00f3w<\/p>\n<p>Szanowna Pani Premier,<\/p>\n<p>w imieniu organizacji pozarz\u0105dowych, przedstawicieli samorz\u0105d\u00f3w, instytucji naukowych i ekspert\u00f3w ochrony \u015brodowiska podpisanych pod niniejszym listem, jako reprezentanci spo\u0142ecze\u0144stwa obywatelskiego, zwracamy si\u0119 z apelem o niedokonywanie zmian w przepisach ustawy o udost\u0119pnianiu informacji o \u015brodowisku i jego ochronie, udziale spo\u0142ecze\u0144stwa w ochronie \u015brodowiska oraz o ocenach oddzia\u0142ywania na \u015brodowisko, ustawy o ochronie przyrody oraz ustawy Prawo ochrony \u015brodowiska w wersji zaproponowanej przez Ministerstwo \u015arodowiska w listopadzie 2016 roku.<\/p>\n<p>Polska jest krajem, kt\u00f3ry odni\u00f3s\u0142 niezwyk\u0142y sukces ekologiczny, co wielokrotnie podkre\u015bla\u0142 obecny Minister \u015arodowiska Jan Szyszko. W ci\u0105gu ostatnich 27 lat rozwi\u0105zano wiele istotnych problem\u00f3w ochrony \u015brodowiska, znacz\u0105co zmniejszono emisj\u0119 wielu zanieczyszcze\u0144 i wzmocniono ochron\u0119 przyrody ojczystej. Sta\u0142o si\u0119 to mo\u017cliwe dzi\u0119ki stworzeniu nowoczesnego, apolitycznego systemu zarz\u0105dzania zasobami przyrodniczymi i zaanga\u017cowaniu obywateli naszego kraju dzia\u0142aj\u0105cych w ramach organizacji pozarz\u0105dowych i samorz\u0105d\u00f3w. Proponowane zmiany spowoduj\u0105, \u017ce ten wielki dorobek ulegnie degradacji.<\/p>\n<p>Najwi\u0119kszym zagro\u017ceniem zwi\u0105zanym z proponowanymi zmianami b\u0119dzie zablokowanie w Polsce korzystania z funduszy europejskich przeznaczonych na wszystkie inwestycje wymagaj\u0105ce procedury ocen oddzia\u0142ywania na \u015brodowisko. Dotyczy ona bardzo wielu rodzaj\u00f3w przedsi\u0119wzi\u0119\u0107 wymagaj\u0105cych dofinasowania ze strony UE. Jest to spowodowane nieuzasadnionym i zbyt daleko id\u0105cym, niezgodnym z normami prawa europejskiego i Konwencji z Aarhus (Polska jest jej stron\u0105), ograniczeniem mo\u017cliwo\u015bci udzia\u0142u organizacji pozarz\u0105dowych w post\u0119powaniach w sprawie oceny oddzia\u0142ywania na \u015brodowisko.<\/p>\n<p>Wprowadzenie zaproponowanych zmian doprowadzi tak\u017ce do tego, \u017ce polskie rodziny i lokalne spo\u0142eczno\u015bci stan\u0105 si\u0119 bezradne wobec plan\u00f3w wielkich korporacji. Dobro, jakim jest ojczysta przyroda, zostanie powa\u017cnie zagro\u017cone, bez mo\u017cliwo\u015bci kontroli spo\u0142ecznej nad post\u0119powaniem inwestor\u00f3w.<\/p>\n<p>Poprawa jako\u015bci \u015brodowiska w Polsce nie by\u0142aby mo\u017cliwa bez zaanga\u017cowania samorz\u0105d\u00f3w lokalnych i regionalnych. Dzi\u0119ki ustaleniu priorytet\u00f3w dzia\u0142a\u0144 na tym poziomie i wsp\u00f3\u0142pracy gmin z Wojew\u00f3dzkimi Funduszami Ochrony \u015arodowiska i Gospodarki Wodnej by\u0142o mo\u017cliwe przeprowadzenie tysi\u0119cy projekt\u00f3w zmniejszaj\u0105cych presj\u0119 na \u015brodowisko przyrodnicze. Proponowane zmiany poprzez przeniesienie zarz\u0105dzania Wojew\u00f3dzkim Funduszami Ochrony \u015arodowiska i Gospodarki Wodnej na szczebel centralny radykalnie zablokuj\u0105 skuteczne dzia\u0142ania samorz\u0105d\u00f3w lokalnych i zmniejsz\u0105 ich gotowo\u015b\u0107 do prowadzenia dzia\u0142a\u0144 w tym obszarze.<\/p>\n<p>Zwracamy tak\u017ce uwag\u0119, \u017ce wprowadzenie proponowanych zmian oznacza brak kontroli nad dzia\u0142aniem Las\u00f3w Pa\u0144stwowych. Podmiot ten zarz\u0105dza dobrem og\u00f3lnospo\u0142ecznym, jakim s\u0105 polskie lasy, zajmuj\u0105ce niemal 30% powierzchni kraju. Proponowane zmiany ogranicz\u0105 mo\u017cliwo\u015b\u0107 nie tylko prowadzenia publicznej i spo\u0142ecznej kontroli nad gospodark\u0105 le\u015bn\u0105, ale r\u00f3wnie\u017c swobodnego korzystania z las\u00f3w milionom Polak\u00f3w. Jest to bowiem projekt faktycznego \u201esprywatyzowania\u201d d\u00f3br publicznych przez jedno przedsi\u0119biorstwo.<\/p>\n<p>Pani Premier, wobec wielkich wyzwa\u0144, jakie w XXI wieku stoj\u0105 przed ochron\u0105 \u015brodowiska, istniej\u0105cy system zarz\u0105dzania \u015brodowiskiem mo\u017ce i powinien by\u0107 poprawiany oraz ulepszany. Wymaga to jednak szerokiej debaty publicznej, zaanga\u017cowania ekspert\u00f3w i interesariuszy reprezentuj\u0105cych r\u00f3\u017cne interesy, w tym samorz\u0105d\u00f3w lokalnych i organizacji spo\u0142ecznych. Tryb przedstawienia i zakres omawianych zmian w ustawach dotycz\u0105cych systemu ochrony \u015brodowiska nie spe\u0142nia tych warunk\u00f3w i zamiast przyczyni\u0107 si\u0119 do poprawy skuteczno\u015bci dzia\u0142a\u0144 we wspomnianym zakresie doprowadzi do pog\u0142\u0119bienia dezintegracji i degradacji tego systemu.<\/p>\n<p>Z powa\u017caniem:<\/p>\n<p>1. Anna Amirowicz, Instytut Nauk o \u015arodowisku, Uniwersytet Jagiello\u0144ski<br \/>\n2. mgr in\u017c. Karolina Anwajler, doktorant Instytut Architektury Krajobrazu, Wydzia\u0142 In\u017cynierii Kszta\u0142towania \u015arodowiska i Geodezji, Uniwersytet Przyrodniczy we Wroc\u0142awiu<br \/>\n3. prof. dr hab. Andrzej Baranowski, emerytowany prof. Politechniki Gda\u0144skiej, prof. Sopockiej Szko\u0142y Wy\u017cszej<br \/>\n4. dr hab, Adam Barcikowski, emerytowany prof. Uniwersytetu Miko\u0142aja Kopernika w Toruniu<br \/>\n5. Piotr Barczak, Europejskie Biuro Ochrony \u015arodowiska<br \/>\n6. dr hab. Maciej Bartos, prof. U\u0141, Katedra Badania R\u00f3\u017cnorodno\u015bci Biologicznej, Dydaktyki i Bioedukacji, Uniwersytet \u0141\u00f3dzki<br \/>\n7. Robert Biedro\u0144, prezydent miasta S\u0142upska<br \/>\n8. Piotr Bielski, socjolog, prezes Fundacji Jogini \u015amiechu<br \/>\n9. Aleksandra Bilewicz, redaktorka naczelna czasopisma \u201eNowe Peryferie\u201d<br \/>\n10. Dorota Bonk-Hammermeister, filozof, prezes zarz\u0105du Stowarzyszenia Prawo do Miasta, Pozna\u0144<br \/>\n11. Monika Brodzka, prezes Dolno\u015bl\u0105skiego Oddzia\u0142u Stowarzyszenia Polskich Architekt\u00f3w Krajobrazu<br \/>\n12. Maria Jolanta Brykczy\u0144ska, prezes Stowarzyszenia na rzecz Aktywizacji Spo\u0142eczno\u015bci Lokalnej \u201eSiedlisko\u201d w Lubochni<br \/>\n13. S\u0142awomir Brz\u00f3zek, prezes zarz\u0105du Fundacji Nasza Ziemia<br \/>\n14. Beata Budzik, Ma\u0142opolskie Towarzystwo O\u015bwiatowe<br \/>\n15. dr Dariusz Bukaci\u0144ski, prezes zarz\u0105du Og\u00f3lnopolskiego Towarzystwa Ochrony Ptak\u00f3w (OTOP)<br \/>\n16. dr in\u017c. S\u0142awomir Chmielewski, pracownik naukowy17. dr hab. Damian Chmura, prof. ATH, Instytut Ochrony i In\u017cynierii \u015arodowiska ATH w Bielsku-Bia\u0142ej18. dr hab. Jaros\u0142aw Chyb, Katedra Ichtiobiologii i Rybactwa, Uniwersytet Rolniczy im. H. Ko\u0142\u0142\u0105taja w Krakowie19. dr hab. Przemys\u0142aw Chylarecki, prof. nadzw., Muzeum i Instytut Zoologii, Polska Akademia Nauk; Fundacja Greenmind20. Paulina Chyrc, obywatelka21. Magdalena Ciepielewska, obywatelka22. dr Agata Cieszewska, Katedra Architektury Krajobrazu SGGW, wiceprzewodnicz\u0105ca Polskiej Asocjacji Ekologii Krajobrazu23. Micha\u0142 Cie\u015blik, DUET Sp. J. Konopka, Pe\u0142ka24. Robert Cyglicki, dyrektor Fundacji Greenpeace Polska25. dr hab. Jaros\u0142aw Czocha\u0144ski, prof. UG, Wydzia\u0142 Oceanografii i Geografii, Uniwersytet Gda\u0144ski26. Monika Czuchra, Zak\u0142ad Ekologii Behawioralnej, Instytut Biologii \u015arodowiskowej, Uniwersytet Wroc\u0142awski27. dr Beata Czy\u017c, Uniwersytet Wroc\u0142awski28. dr Zygmunt Dajdok, Zak\u0142ad Botaniki, Instytut Biologii \u015arodowiskowej, Wydzia\u0142 Nauk Biologicznych, Uniwersytet Wroc\u0142awski29. dr Piotr D\u0105browski, przewodnicz\u0105cy Komisji Ochrony Przyrody Oddzia\u0142u Akademickiego PTTK w Krakowie30. dr Alicja Derkowska, Ma\u0142opolskie Towarzystwo O\u015bwiatowe31. Katarzyna Dmochowska, specjalista ds. ochrony \u015brodowiska32. prof. dr hab. in\u017c. Andrzej Drabi\u0144ski, emerytowany prof. Uniwersytetu Przyrodniczego we Wroc\u0142awiu33. dr Ewa Dr\u0105g-Kozak, Katedra Ichtiobiologii i Rybactwa, Uniwersytet Rolniczy im. H. Ko\u0142\u0142\u0105taja w Krakowie<br \/>\n34. dr hab. Ma\u0142gorzata Duda, Zak\u0142ad Endokrynologii, Instytut Zoologii, Uniwersytet Jagiello\u0144ski<br \/>\n35. Magdalena Dul-Komosi\u0144ska, prezes zarz\u0105du Fundacji WWF Polska<br \/>\n36. dr Piotr Dwojacki, WSAiB im. E. Kwiatkowskiego w Gdyni, Stowarzyszenie Gda\u0144sk Obywatelski<br \/>\n37. Ewa Dzieko\u0144ska, Eko-Kobieta Roku 2016 w wojew\u00f3dztwie \u015bl\u0105skim<br \/>\n38. prof. zw. dr hab. Wies\u0142aw Fa\u0142tynowicz, Uniwersytet Wroc\u0142awski<br \/>\n39. Przemys\u0142aw Filar, prezes Towarzystwa Upi\u0119kszania Miasta Wroc\u0142awia<br \/>\n40. dr hab. Izabella Franiel, Katedra Ekologii, Uniwersytet \u015al\u0105ski<br \/>\n41. Artur Furdyna, Towarzystwo Przyjaci\u00f3\u0142 Rzek Iny i Gowienicy<br \/>\n42. Joanna Furmaga, prezes Zwi\u0105zku Stowarzysze\u0144 Polska Zielona Sie\u0107<br \/>\n43. Rados\u0142aw Gawlik, prezes Stowarzyszenia Ekologicznego EKO-UNIA<br \/>\n44. Olgierd Geblewicz, marsza\u0142ek wojew\u00f3dztwa zachodniopomorskiego<br \/>\n45. Hanna Gill-Pi\u0105tek, aktywistka miejska, dzia\u0142aczka spo\u0142eczna, ekspertka z zakresu rewitalizacji miast<br \/>\n46. Jakub Jerzy Gogolewski, obywatel47. Grzegorz Go\u0142\u0119bniak, Zielona Ewolucja<br \/>\n48. Rafa\u0142 G\u00f3rski, prezes Instytutu Spraw Obywatelskich<br \/>\n49. mgr in\u017c. arch. Ma\u0142gorzata Grabowska-Snarska, Stowarzyszenie OKOLICA<br \/>\n50. dr Maciej Grabowski, by\u0142y minister \u015brodowiska<br \/>\n51. prof. dr hab. Adam Grobler, Instytut Filozofii UO, Komitet Nauk Filozoficznych, Polska Akademia Nauk<br \/>\n52. Urszula Grochowska, obywatelka<br \/>\n53. Andrzej Grochowski, obywatel<br \/>\n54. prof. dr hab. Ma\u0142gorzata Grodzi\u0144ska-Jurczak, Instytut Nauk o \u015arodowisku, Uniwersytet Jagiello\u0144ski<br \/>\n55. Pawe\u0142 Grzybowski, cz\u0142onek zarz\u0105du Klubu Gaja<br \/>\n56. dr Justyna Gutowska, Instytut Nauk o \u015arodowisku, Uniwersytet Jagiello\u0144ski<br \/>\n57. Roman Guziak, prezes Stowarzyszenia Ekologicznego \u201eEtna\u201d<br \/>\n58. dr Izabela Hajdamowicz, Katedra Zoologii, Instytut Biologii Uniwersytet Przyrodniczo\u2013Humanistyczny w Siedlcach<br \/>\n59. Pawe\u0142 Augustynek Halny, Przyjaciele Raby \/ Przyjaciele Dunajca<br \/>\n60. dr Lucyna Ha\u0142upka, Stacja Ornitologiczna, Wydzia\u0142 Nauk Biologicznych, Uniwersytet Wroc\u0142awski<br \/>\n61. Jerzy Hardie-Douglas, burmistrz miasta Szczecinek<br \/>\n62. Marcin Harembski, Spo\u0142eczny Monitor Atomowy<br \/>\n63. Health and Environment Alliance (HEAL)<br \/>\n64. prof. dr hab. Jacek Herbich, emerytowany prof. Uniwersytetu Gda\u0144skiego<br \/>\n65. Arnold Hochu\u0142, obywatel<br \/>\n66. prof. dr hab. Lilla Hryniewiecka, emerytowany prof. zwyczajny, Uniwersytet im. Adama Mickiewicza w Poznaniu<br \/>\n67. dr Ewa Jab\u0142o\u0144ska, Wydzia\u0142 Biologii, Uniwersytet Warszawski<br \/>\n68. Karolina Jab\u0142o\u0144ska-Stanek, architekt krajobrazu<br \/>\n69. dr Marcelina Janik, Zak\u0142ad Biochemii Glikokoniugat\u00f3w, Instytut Zoologii, Uniwersytet Jagiello\u0144ski<br \/>\n70. dr hab. Tomasz Janiszewski, Katedra Badania R\u00f3\u017cnorodno\u015bci Biologicznej, Dydaktyki i Bioedukacji, Uniwersytet \u0141\u00f3dzki<br \/>\n71. Edyta Jaroszewska-Nowak, Ekoland Oddzia\u0142 Zachodniopomorski<br \/>\n72. Micha\u0142 Ja\u015bkiewicz, CEO i fundator Ansee Consulting<br \/>\n73. prof. dr hab. in\u017c. Katarzyna Juda-Rezler, kierownik Zespo\u0142u Ochrony Atmosfery, Politechnika Warszawska<br \/>\n74. dr \u0141ukasz Kaczmarek, Wydzia\u0142 Biologii, Uniwersytet im. Adama Mickiewicza w Poznaniu<br \/>\n75. Danuta Kaczy\u0144ska, dyrektor sekretariatu Og\u00f3lnopolskiego Towarzystwa Ochrony Ptak\u00f3w (OTOP)<br \/>\n76. dr hab. \u0141ukasz Kajtoch, Instytut Systematyki i Ewolucji Zwierz\u0105t, Polska Akademia Nauk w Krakowie<br \/>\n77. Natalia Kalata, DUET Sp. J. Konopka, Pe\u0142ka<br \/>\n78. dr Anna Kalinowska, cz\u0142onek Komisji Edukacji i Komunikacji Mi\u0119dzynarodowej Unii Ochrony Przyrody<br \/>\n79. in\u017c. Aleksandra Kami\u0144ska-Popek, Katedra Ichtiobiologii i Rybactwa, Uniwersytet Rolniczy im. H. Ko\u0142\u0142\u0105taja w Krakowie<br \/>\n80. Jaros\u0142aw Kapsa, pracownik samorz\u0105dowy, Cz\u0119stochowa81. dr hab. in\u017c. Zbigniew M. Karaczun, prof. SGGW, Katedra Ochrony \u015arodowiska, Szko\u0142a G\u0142\u00f3wna Gospodarstwa Wiejskiego w Warszawie82. dr Andrzej Kassenberg, wsp\u00f3\u0142za\u0142o\u017cyciel Fundacji Instytut na rzecz wiceprzewodnicz\u0105cy Krajowej Komisji ds. Ocen Oddzia\u0142ywania na \u015arodowisko Ekorozwoju,83. dr Stanis\u0142aw K\u0119dzia, Instytut Geografii i Przestrzennego Zagospodarowania, Polska Akademia Nauk84. Barbara Kijewska, adiunkt, Instytut Politologii, Uniwersytet Gda\u0144ski85. prof. dr hab. in\u017c. Janusz Kindler, by\u0142y dziekan Wydzia\u0142u In\u017cynierii \u015arodowiska, Politechnika Warszawska86. mgr in\u017c. Artur Klaczak, Katedra Ichtiobiologii i Rybactwa, Uniwersytet Rolniczy im. H. Ko\u0142\u0142\u0105taja w Krakowie87. dr Beata Klimek, Wydzia\u0142 Biologii i Nauk o Ziemi, Instytut Nauk o \u015arodowisku, Uniwersytet Jagiello\u0144ski88. prof. dr hab. Hanna Kmita, Wydzia\u0142 Biologii, Uniwersytet im. Adama Mickiewicza w Poznaniu89. Beata Kojtek, cz\u0142onek zarz\u0105du Og\u00f3lnopolskiego Towarzystwa Ochrony Ptak\u00f3w (OTOP)90. Witalis Konopka, DUET Sp. J. Konopka, Pe\u0142ka91. Jadwiga Kope\u0107, wiceprezes Polskiego Klubu Ekologicznego Okr\u0119gu Wschodnio-Pomorskiego92. dr hab. Pawe\u0142 Koperski, Wydzia\u0142 Biologii, Uniwersytet Warszawski93. dr Julita Korczy\u0144ska, Pracownia Etologii, Instytut Biologii Do\u015bwiadczalnej PAN im. M. Nenckiego94. mgr Barbara Korwel-Lejkowska, Katedra Geografii Fizycznej i Kszta\u0142towania \u015arodowiska, Instytut Geografii, Uniwersytet Gda\u0144ski95. dr hab. Wiktor Kotowski, Wydzia\u0142 Biologii, Uniwersytet Warszawski, Stowarzyszenie Centrum Ochrony Mokrade\u014296. Beata Kowalska, Instytut Socjologii, Uniwersytet Jagiello\u0144ski97. dr Maciej Kozakiewicz, O\u015brodek Dzia\u0142a\u0144 Ekologicznych \u0179r\u00f3d\u0142a98. Dariusz Kozerawski, obywatel99. Jaros\u0142aw Krajewski, wiceprezes zarz\u0105du Og\u00f3lnopolskiego Towarzystwa Ochrony Ptak\u00f3w (OTOP)100. dr hab. Paulina Kramarz, adiunkt, Instytut Nauk o \u015arodowisku, Uniwersytet Jagiello\u0144ski101. dr hab. in\u017c. Andrzej Kraszewski, prof. PW, by\u0142y minister \u015brodowiska102. dr Jaros\u0142aw Krogulec, kierownik ds. ochrony przyrody w Og\u00f3lnopolskim Towarzystwie Ochrony Ptak\u00f3w (OTOP)103. dr hab. Jakub Kronenberg, prof. U\u0141, Uniwersytet \u0141\u00f3dzki104. Zenon Kruczy\u0144ski, koalicja Niech \u017byj\u0105!105. Irena Krukowska-Szopa, prezes Fundacji Ekologicznej \u201eZielona Akcja\u201d106. Mariusz Krynicki, inspektor ds. le\u015bnictwa i ochrony \u015brodowiska, Urz\u0105d Miasta i Gminy L\u0105dek-Zdr\u00f3j107. Mi\u0142ka Ksi\u0119ska, obywatelka108. Dominik Ksi\u0119ski, przedsi\u0119biorca109. dr hab. Daniel Kubisz, Instytut Systematyki i Ewolucji Zwierz\u0105t, Polska Akademia Nauk w Krakowie110. Jacek Kucharczyk, prezes zarz\u0105du Instytutu Spraw Publicznych111. dr Ryszard Kulik, Pracownia na rzecz Wszystkich Istot112. prof. dr hab. Zbigniew W. Kundzewicz, Instytut \u015arodowiska Rolnego i Le\u015bnego, Polska Akademia Nauk, cz\u0142onek korespondent PAN113. Krzysztof Kus, dyrektor Fundacji Wspierania Inicjatyw Ekologicznych114. Bartosz Kwiatkowski, dyrektor Fundacji Frank Bold115. dr Marta Labocha-Derkowska, Instytut Nauk o \u015arodowisku, Uniwersytet Jagiello\u0144ski116. dr Witold Lenart, cz\u0142onek Pa\u0144stwowej Rady Ochrony \u015arodowiska117. Ewa Le\u015b, Stowarzyszenie Ekologiczne EKO-UNIA118. Piotr Lewandowski, Fundacja Naukowa Instytut Bada\u0144 Strukturalnych119. mgr Wojciech Lewandowski, Nature Service, Wroc\u0142aw120. El\u017cbieta Lubomska-Skrzypczak, obywatelka121. dr Edyta \u0141aszkiewicz, pracownik naukowy122. Jadwiga \u0141opata, laureatka nagrody Goldmana (ekologiczny Nobel)123. dr hab. in\u017c. Ewa \u0141uszczek-Trojnar, Katedra Ichtiobiologii i Rybactwa, Uniwersytet Rolniczy im. H. Ko\u0142\u0142\u0105taja w Krakowie124. Beata Maciejewska, pe\u0142nomocniczka prezydenta miasta S\u0142upska ds. zr\u00f3wnowa\u017conego rozwoju i zielonej modernizacji miasta125. dr in\u017c. Bartosz Macikowski, Politechnika Gda\u0144ska126. Waldemar Madej, GEOS consulting Zak\u0142ad Ochrony \u015arodowiska, by\u0142y cz\u0142onek mazowieckiej, regionalnej Komisji OOS127. dr. rer. nat. Magdalena Main-Knorn, German Aerospace Center Earth Observation Center128. Wanda Majewska, Partia Zieloni129. Konrad Malec, ornitolog i herpetolog130. Karolina Maliszewska, prezeska Fundacji Sendzimira131. Du\u015bka Markowska-Resich, re\u017cyserka filmowa, teatralna i operowa132. Jolanta Matiakowska-Karma\u0144ska, dziennikarka, Klub Publicyst\u00f3w Ochrony \u015arodowiska133. dr Mi\u0142osz A. Mazur, Centrum Studi\u00f3w nad Bior\u00f3\u017cnorodno\u015bci\u0105, Uniwersytet Opolski134. Lech Mergler, publicysta i wydawca, prezes zarz\u0105du federacji Kongres Ruch\u00f3w Miejskich135. miasto S\u0142upsk136. miasto sto\u0142eczne Warszawa137. dr \u0141ukasz Michalczyk, Instytut Zoologii, Uniwersytet Jagiello\u0144ski138. Joanna Mieszkowicz, prezes zarz\u0105du Fundacji Aeris Futuro139. prof. dr hab. Tomasz Miko\u0142ajczyk, koordynator naukowy, Fundacja Salmonidae, Pracownia Ekspertyz i Bada\u0144 Ichtiologicznych PEBI140. dr Andrzej Mikulski, Uniwersytet Warszawski141. dr Ma\u0142gorzata Mitrus, Uniwersytet Opolski142. dr S\u0142awomir Mitrus, Uniwersytet Opolski143. dr J\u00f3zef Musia\u0142, biolog144. Kamila Musiatowicz, Fundacja alter eko145. prof. dr hab. in\u017c. Marek Nawalany, kierownik Katedry Ochrony i Kszta\u0142towania \u015arodowiska, Politechnika Warszawska146. prof. dr hab. Wojciech Niedba\u0142a, Wydzia\u0142 Biologii, Uniwersytet im. Adama Mickiewicza w Poznaniu147. dr hab. in\u017c. arch. Irena Nied\u017awiecka-Filipiak, dyrektor Instytutu Architektury Krajobrazu, Uniwersytet Przyrodniczy we Wroc\u0142awiu; prezes Stowarzyszenia Polskich Architekt\u00f3w Krajobrazu (SPAK)148. Hanna Nied\u017awiecka-Pasternak, architekt krajobrazu149. mgr in\u017c. arch. kraj. Tomasz Niewczas, za\u0142o\u017cyciel i administrator Projektu Zielony \u017boliborz150. Zdzis\u0142aw Nitak, Fundacja GAP Polska, Plan Globalnego Dzia\u0142ania na rzecz Ziemi151. dr hab. Arkadiusz Nowak, prof. Uniwersytetu Opolskiego152. Beata Nowak, cz\u0142onkini zarz\u0105du Fundacji Zielone \u015awiat\u0142o, redaktor naczelna \u201eZielonych Wiadomo\u015bci\u201d153. dr in\u017c. Micha\u0142 Nowak, Katedra Ichtiobiologii i Rybactwa, Uniwersytet Rolniczy im. H. Ko\u0142\u0142\u0105taja w Krakowie154. dr hab. Tomasz Jan Nowak, emerytowany prof. UWr i UP we Wroc\u0142awiu, emerytowany dyrektor Ogrodu Botanicznego Uniwersytetu Wroc\u0142awskiego155. prof. dr hab. in\u017c. Maciej Nowicki, by\u0142y minister \u015brodowiska, za\u0142o\u017cyciel i prezes Fundacji EKOFUNDUSZ156. dr hab. Piotr Nowicki, adiunkt, Instytut Nauk o \u015arodowisku Uniwersytetu Jagiello\u0144skiego157. Jakub Nowotarski, prezes Stowarzyszenia Akcja Miasto158. dr Janusz Okrzesik, by\u0142y pose\u0142 i senator, samorz\u0105dowiec, Akademia Ignatianum159. dr hab. Ziemowit Olszanowski, prof. UAM, Zak\u0142ad Taksonomii i Ekologii Zwierz\u0105t, Uniwersytet im. Adama Mickiewicza w Poznaniu160. Micha\u0142 Olszewski, dziennikarz161. Micha\u0142 Olszewski, zast\u0119pca prezydenta miasta sto\u0142ecznego Warszawy162. dr hab. Anna Orczewska, Wydzia\u0142 Biologii i Ochrony \u015arodowiska, Katedra Ekologii, Uniwersytet \u015al\u0105ski163. Beata Or\u0142owska, Stacja Ornitologiczna, Wydzia\u0142 Nauk Biologicznych, Uniwersytet Wroc\u0142awski164. Ewa Karolina Osowska, prezes Polskiego Klubu Ekologicznego Okr\u0119gu Mazowieckiego165. Wojciech Owczarz, prezes zarz\u0105du Fundacji Ekologicznej ARKA166. Danuta Paj\u0105k-Bener, prezes Polskiego Klubu Ekologicznego167. dr Agnieszka Pajdak-St\u00f3s, Instytut Nauk o \u015arodowisku, Uniwersytet Jagiello\u0144ski168. dr Jerzy Parusel, Centrum Dziedzictwa Przyrody G\u00f3rnego \u015al\u0105ska169. Zofia Pasternak-Wietrzna, prezes zarz\u0105du Fundacji Planeta170. mgr Alicja Pawelec, Zak\u0142ad Hydrobiologii, Wydzia\u0142 Biologii, Uniwersytet Warszawski171. dr hab. in\u017c. Jan Piekarczyk, prof. UAM, Zak\u0142ad Kartografii i Geomatyki, Instytut Geografii Fizycznej i Kszta\u0142towania \u015arodowiska Przyrodniczego, Uniwersytet im. Adama Mickiewicza w Poznaniu172. dr Barbara Pietrzak, Wydzia\u0142 Biologii, Uniwersytet Warszawski173. prof. dr hab. Joanna Pijanowska, Wydzia\u0142 Biologii, Uniwersytet Warszawski174. Emilia Piotrowska, Warszawski Alarm Smogowy175. Grzegorz Piskalski, prezes zarz\u0105du Fundacji CentrumCSR.PL176. dr Monika Podg\u00f3rska, Katedra Ochrony i Kszta\u0142towania \u015arodowiska, Uniwersytet Jana Kochanowskiego w Kielcach177. Ewa Podlesi\u0144ska, Polski Klub Ekologiczny Okr\u0119g Wschodnio-Pomorski178. Ewa Podolska, dziennikarka, Radio TOK FM179. dr hab. W\u0142adys\u0142aw Polcyn, prof. UAM, Uniwersytet im. Adama Mickiewicza w Poznaniu180. Polskie Stowarzyszenie \u201eDachy Zielone\u201d181. prof. dr hab. in\u017c. W\u0142odzimierz Popek, kierownik Katedry Ichtiobiologii i Rybactwa, Uniwersytet Rolniczy im. H. Ko\u0142\u0142\u0105taja w Krakowie182. dr hab. Jaros\u0142aw Popiel, prof. UP, Wydzia\u0142 Medycyny Weterynaryjnej, Uniwersytet Przyrodniczy we Wroc\u0142awiu183. Marcin Popkiewicz, analityk megatrend\u00f3w, autor portalu Ziemia na rozdro\u017cu184. mgr in\u017c. Anna Pop\u00f3w-Nowicka, Arboretum \u2013 O\u015brodek Bada\u0144 Dendrologicznych, Uniwersytet Przyrodniczy we Wroc\u0142awiu185. dr hab. Ma\u0142gorzata Prajer, Instytut Systematyki i Ewolucji Zwierz\u0105t, Polska Akademia Nauk w Krakowie186. dr Zofia Prokop, Wydzia\u0142 Biologii i Nauk o Ziemi, Instytut Nauk o \u015arodowisku, Uniwersytet Jagiello\u0144ski187. prof. dr hab. Ewa Przybo\u015b, Instytut Systematyki i ewolucji Zwierz\u0105t, Polska Akademia Nauk w Krakowie188. dr hab. Roman Przymusi\u0144ski, prof. UAM, Uniwersytet im. Adama Mickiewicza w Poznaniu189. mgr in\u017c. Jowita Pyszczek, Instytut Architektury Krajobrazu, Uniwersytet Przyrodniczy we Wroc\u0142awiu190. prof. dr hab. El\u017cbieta Pyza, prezes zarz\u0105du Polskiego Towarzystwa Przyrodnik\u00f3w im. Kopernika191. dr hab. Zofia R\u0105czkowska, prof. IGiPZ Zagospodarowania, Polska Akademia Nauk PAN, Instytut Geografii i Przestrzennego192. Jakub Rok, pracownik naukowy Centrum Europejskich Studi\u00f3w Regionalnych i Lokalnych, Uniwersytet Warszawski193. Ewa Romanow-P\u0119kal, prezes zarz\u0105du Stowarzyszenia Eko-Inicjatywa194. Micha\u0142 Rosa, obywatel195. sir Julian Rose, prezes Mi\u0119dzynarodowej Koalicji dla Ochrony Polskiej Wsi (ICPPC)196. dr Zuzanna M. Rosin, Wydzia\u0142 Biologii, Uniwersytet im. Adama Mickiewicza w Poznaniu197. dr in\u017c. Edyta Ros\u0142on-Szery\u0144ska, Katedra Architektury Krajobrazu, SGGW w Warszawie, radna gminy Wilga, powiat garwoli\u0144ski198. dr hab. Adam Rosta\u0144ski, Katedra Botaniki i Ochrony Przyrody, Uniwersytet \u015al\u0105ski199. dr in\u017c. arch. Tomasz Rozwadowski, prezes Polskiego Klubu Ekologicznego Okr\u0119gu Wschodnio \u2013 Pomorskiego200. dr Anna Rusi\u0144ska, botanik201. Piotr Rymarowicz, prezes zarz\u0105du Towarzystwa na rzecz Ziemi202. prof. dr hab. Barbara Rzebik-Kowalska, Instytut Systematyki i Ewolucji Zwierz\u0105t, Polska Akademia Nauk w Krakowie203. dr hab. in\u017c. arch. Aleksandra Sas-Bojarska, prof. PG, Przewodnicz\u0105ca Regionalnej Komisji ds. Ocen Oddzia\u0142ywania na \u015arodowisko w Gda\u0144sku204. dr hab. Edyta Sierka, specjalista ochrony \u015brodowiska. Uniwersytet \u015al\u0105ski205. dr in\u017c. Daniel Skar\u017cy\u0144ski, Polskie Stowarzyszenie \u201eDachy Zielone\u201d206. dr Micha\u0142 Sk\u00f3ra, pracownik naukowy207. prof. dr hab. Piotr Skuba\u0142a, Katedra Ekologii, Uniwersytet \u015al\u0105ski208. dr Jaros\u0142aw F. S\u0142o\u0144, biolog ewolucyjny, ekolog, Wydzia\u0142 Biologii, Uniwersytet Warszawski209. Krzysztof Smolnicki, prezes zarz\u0105du Fundacji EkoRozwoju210. Ewa Smuk-Stratenwerth, Stowarzyszenie Ekologiczno-Kulturalnego ZIARNO211. Robert Sobolewski, doktorant Instytutu Architektury Krajobrazu, Uniwersytet Przyrodniczy we Wroc\u0142awiu212. dr hab. in\u017c. Magdalena Socha, Katedra Ichtiobiologii i Rybactwa, Uniwersytet Rolniczy im. H. Ko\u0142\u0142\u0105taja w Krakowie213. prof. dr hab. Miros\u0142awa Soko\u0142owska-Miko\u0142ajczyk, Katedra Ichtiobiologii i Rybactwa, Uniwersytet Rolniczy im. H. Ko\u0142\u0142\u0105taja w Krakowie214. Maria Staniszewska, skarbnik Polskiego Klubu Ekologicznego215. dr Wojciech Staszek, Katedra Geografii Fizycznej i Kszta\u0142towania \u015arodowiska, Instytut Geografii, Uniwersytet Gda\u0144ski216. mgr in\u017c. Aleksandra Staszewska, doktorant w Instytucie Architektury Krajobrazu, Wydzia\u0142 In\u017cynierii Kszta\u0142towania \u015arodowiska i Geodezji, Uniwersytet Przyrodniczy we Wroc\u0142awiu217. Iwona Stawowczyk, biolog218. dr Krzysztof Stawowczyk, biolog i botanik219. Patrycja Stefa\u0144ska, architekt krajobrazu220. prof. dr hab. Piotr Stepnowski, prorektor ds. nauki i wsp\u00f3\u0142pracy z zagranic\u0105, Uniwersytet Gda\u0144ski221. dr Marcin Stoczkiewicz, Fundacja ClientEarth Prawnicy dla Ziemi222. Stowarzyszenie My-Poznaniacy223. Stowarzyszenie Ochrony Przyrody Smogorniak224. dr in\u017c. Marzena Suchocka, Katedra Architektury Krajobrazu, Szko\u0142a G\u0142\u00f3wna Gospodarstwa Wiejskiego w Warszawie225. prof. dr in\u017c. Wojciech Suchorzewski, Politechnika Warszawska226. Ewa Sufin-Jacquemart, Fundacja Strefa Zieleni227. Pawe\u0142 Sulik, dziennikarz, Radio TOK FM228. Jolanta Swinarska, prezes Mi\u0119dzynarodowego Towarzystwa Uprawy i Ochrony Drzew229. prof. dr hab. Ewa Symonides, by\u0142a przewodnicz\u0105ca Pa\u0144stwowej Rady Ochrony Przyrody, by\u0142a g\u0142\u00f3wny konserwator przyrody, podsekretarz stanu w Ministerstwie \u015arodowiska230. dr in\u017c. Pawe\u0142 Szczerbik, Katedra Ichtiobiologii i Rybactwa, Uniwersytet Rolniczy im. H. Ko\u0142\u0142\u0105taja w Krakowie231. Wanda Szcze\u015bniak, obywatelka232. Joanna Szcz\u0119\u015bniak-Weso\u0142owska, geolog233. dr Anna Szczuka, Pracownia Etologii, Instytut Biologii Do\u015bwiadczalnej234. Dariusz Szwed, Zielony Instytut235. Wojciech Szymalski, prezes Fundacji Instytut na rzecz Ekorozwoju236. Czes\u0142aw \u015aleziak, by\u0142y minister \u015brodowiska237. mgr in\u017c. Ma\u0142gorzata \u015awi\u0105der, Katedra Gospodarki Przestrzennej, Uniwersytet Przyrodniczy we Wroc\u0142awiu238. prof. dr hab. Barbara Tokarska-Guzik, Katedra Botaniki i Ochrony Przyrody, Uniwersytet \u015al\u0105ski239. Wies\u0142aw Tomaszewski, prezes Polskiego Klubu Ekologicznego Okr\u0119gu Pomorsko-Kujawskiego240. dr in\u017c. Piotr Topi\u0144ski, dziennikarz, Portal Opinii241. Aleksandra Walczy\u0144ska, Instytut Nauk o \u015arodowisku, Uniwersytet Jagiello\u0144ski242. dr in\u017c. Ewa Walter, Instytut Architektury Krajobrazu, Uniwersytet Przyrodniczy we Wroc\u0142awiu243. mgr in\u017c. Agata Wa\u0142ek, architekt krajobrazu, dendrolog244. prof. dr hab. Jerzy Weber, dyrektor Instytutu Nauk o Glebie i Ochrony \u015arodowiska, Uniwersytet Przyrodniczy we Wroc\u0142awiu245. Maria Weber, cz\u0142onek zarz\u0105du Polskiego Klubu Ekologicznego Okr\u0119gu Wschodnio-Pomorskiego246. dr in\u017c. Marta Weber-Siwirska, adiunkt w Instytucie Architektury Krajobrazu, Uniwersytet Przyrodniczy we Wroc\u0142awiu, prezes Polskiego Stowarzyszenia \u201eDachy Zielone\u201d247. prof. dr hab. January Weiner, Instytut Nauk o \u015arodowisku, Uniwersytet Jagiello\u0144ski248. Andrzej Weso\u0142owski, geolog249. prof. dr hab. Tomasz Weso\u0142owski, Pracownia Biologii Lasu, Uniwersytet Wroc\u0142awski250. prof. dr hab. Jan Marcin W\u0119s\u0142awski, Instytut Oceanologii, Polska Akademia Nauk w Sopocie251. Micha\u0142 Wilczy\u0144ski, by\u0142y wiceminister \u015brodowiska252. dr Marta Wi\u015bniewska, obywatelka253. Grzegorz Wojs\u0142aw, Komisja Zarz\u0105dzania Ekosystemami, Mi\u0119dzynarodowa Unia Ochrony Przyrody (IUCN)254. Krzysztof A. Worobiec, Stowarzyszenie na rzecz Ochrony Krajobrazu Kulturowego Mazur \u201eSadyba\u201d255. Piotr Wo\u017anicki, Ekoland Zarz\u0105d G\u0142\u00f3wny256. mgr in\u017c. Agnieszka W\u00f3jcik, Zak\u0142ad Architektury Krajobrazu, Uniwersytet Rzeszowski257. dr in\u017c. Katarzyna Wr\u00f3blewska, Uniwersytet Przyrodniczy we Wroc\u0142awiu258. dr in\u017c. Roman Wr\u00f3blewski, Politechnika Wroc\u0142awska259. dr hab. Dariusz Wysocki, prof. US, Instytut Bada\u0144 nad Bior\u00f3\u017cnorodno\u015bci\u0105, Uniwersytet Szczeci\u0144ski260. Maciej Zacher, Wy\u017csza Szko\u0142a Techniczna w Katowicach261. dr Marta Zakrzewska, Instytut Nauk o \u015arodowisku, Uniwersytet Jagiello\u0144ski262. Ryszard Zakrzewski, by\u0142y dyrektor Departamentu Ocen Oddzia\u0142ywania na \u015arodowiskow Generalnej Dyrekcji Ochrony \u015arodowiska, zast\u0119pca przewodnicz\u0105cego Krajowej Komisji ds. Ocen Oddzia\u0142ywania na \u015arodowisko263. Beata Zieli\u0144ska-Tubacka, obywatelka264. dr hab. Jan Zarzycki, prof. UR, Uniwersytet Rolniczy w Krakowie265. dr in\u017c. Monika Ziemia\u0144ska, Instytut Architektury Krajobrazu, Uniwersytet Przyrodniczy we Wroc\u0142awiu266. Aleksandra Zienkiewicz, przewodnicz\u0105ca Stowarzyszenia Ochrony Drzew \u201emiasto Drzew\u201d267. dr hab. Marcin Zych, Uniwersytet Warszawski268. dr hab. in\u017c. Barbara \u017barska, prof. SGGW, kierownik Katedry Ochrony \u015arodowiska, Szko\u0142a G\u0142\u00f3wna Gospodarstwa Wiejskiego w Warszawie269. dr hab. Roman \u017burek, Instytut Ochrony Przyrody, Polska Akademia Nauk w Krakowie270. prof. dr hab. Tomasz \u017bylicz, Uniwersytet Warszawski<\/p>\n<\/div>\n<p><a href=\"\/poland\/PageFiles\/746855\/LIST_do_premier_Szydlo_nt_ochrony_srodowiska%20-%20wersja%20%20ostateczna.pdf\" target=\"_blank\" rel=\"noopener noreferrer\">List otwarty do Premier Beaty Szyd\u0142o w sprawie powstrzymania zmian w systemie ochrony przyrody i \u015brodowiska wPolsce<\/a><\/p>\n","protected":false},"excerpt":{"rendered":"<div>\n\t5 stycznia premier Beata Szyd\u0142o otrzyma\u0142a list otwarty w<br \/>\nsprawie powstrzymania zmian w systemie ochrony przyrody i \u015brodowiska w<br \/>\nPolsce podpisany przez 270 przedstawicielek i przedstawicieli organizacji pozarz\u0105dowych, samorz\u0105d\u00f3w, instytucji naukowych i ekspert\u00f3w ochrony \u015brodowiska. W\u015br\u00f3d sygnatariuszy listu znalaz\u0142 si\u0119 Robert Cyglicki, dyrektor Greenpeace Polska. Poni\u017cej publikujemy tre\u015b\u0107 listu.<\/p>\n<\/div>\n","protected":false},"author":28,"featured_media":0,"comment_status":"closed","ping_status":"closed","sticky":false,"template":"","format":"standard","meta":{"ep_exclude_from_search":false,"p4_og_title":"","p4_og_description":"","p4_og_image":"","p4_og_image_id":"","p4_seo_canonical_url":"","p4_campaign_name":"","p4_local_project":"","p4_basket_name":"","p4_department":"","footnotes":""},"categories":[3],"tags":[26],"p4-page-type":[14],"class_list":["post-1988","post","type-post","status-publish","format-standard","hentry","category-przyroda","tag-ochrona-przyrody","p4-page-type-aktualnosci"],"_links":{"self":[{"href":"https:\/\/www.greenpeace.org\/poland\/wp-json\/wp\/v2\/posts\/1988","targetHints":{"allow":["GET"]}}],"collection":[{"href":"https:\/\/www.greenpeace.org\/poland\/wp-json\/wp\/v2\/posts"}],"about":[{"href":"https:\/\/www.greenpeace.org\/poland\/wp-json\/wp\/v2\/types\/post"}],"author":[{"embeddable":true,"href":"https:\/\/www.greenpeace.org\/poland\/wp-json\/wp\/v2\/users\/28"}],"replies":[{"embeddable":true,"href":"https:\/\/www.greenpeace.org\/poland\/wp-json\/wp\/v2\/comments?post=1988"}],"version-history":[{"count":3,"href":"https:\/\/www.greenpeace.org\/poland\/wp-json\/wp\/v2\/posts\/1988\/revisions"}],"predecessor-version":[{"id":2561,"href":"https:\/\/www.greenpeace.org\/poland\/wp-json\/wp\/v2\/posts\/1988\/revisions\/2561"}],"wp:attachment":[{"href":"https:\/\/www.greenpeace.org\/poland\/wp-json\/wp\/v2\/media?parent=1988"}],"wp:term":[{"taxonomy":"category","embeddable":true,"href":"https:\/\/www.greenpeace.org\/poland\/wp-json\/wp\/v2\/categories?post=1988"},{"taxonomy":"post_tag","embeddable":true,"href":"https:\/\/www.greenpeace.org\/poland\/wp-json\/wp\/v2\/tags?post=1988"},{"taxonomy":"p4-page-type","embeddable":true,"href":"https:\/\/www.greenpeace.org\/poland\/wp-json\/wp\/v2\/p4-page-type?post=1988"}],"curies":[{"name":"wp","href":"https:\/\/api.w.org\/{rel}","templated":true}]}}