{"id":2011,"date":"2017-12-06T00:00:00","date_gmt":"2017-12-05T22:00:00","guid":{"rendered":"https:\/\/master.k8s.p4.greenpeace.org\/poland\/article\/2011\/dzieci-choruja-przez-smog-a-minister-energii-zwleka-z-wprowadzeniem-norm-jakosci-wegla\/"},"modified":"2021-10-13T21:11:55","modified_gmt":"2021-10-13T19:11:55","slug":"dzieci-choruja-przez-smog-a-minister-energii-zwleka-z-wprowadzeniem-norm-jakosci-wegla","status":"publish","type":"post","link":"https:\/\/www.greenpeace.org\/poland\/aktualnosci\/2011\/dzieci-choruja-przez-smog-a-minister-energii-zwleka-z-wprowadzeniem-norm-jakosci-wegla\/","title":{"rendered":"Dzieci choruj\u0105 przez smog, a minister energii zwleka z wprowadzeniem norm jako\u015bci w\u0119gla"},"content":{"rendered":"<div class=\"leader\" style=\"font-weight: bold; margin-bottom: 12px;\">Ponad 60 proc. przedszkoli po\u0142o\u017conych jest na terenach o jako\u015bci powietrza nie spe\u0142niaj\u0105cej obowi\u0105zuj\u0105cych w Polsce norm, za\u015b przekroczenia norm okre\u015blonych przez \u015awiatow\u0105 Organizacj\u0119 Zdrowia wyst\u0119puj\u0105 w otoczeniu wszystkich przedszkoli \u2013 podaje raport Fundacji #13 i Greenpeace. Przedstawiciele organizacji podkre\u015blaj\u0105, \u017ce rodzice i nauczyciele przez kolejny sezon grzewczy mog\u0105 chroni\u0107 dzieci jedynie dora\u017anie, bo resort energii wci\u0105\u017c nie podejmuje potrzebnych dzia\u0142a\u0144. Minister Tch\u00f3rzewski sp\u00f3\u017ania si\u0119 ju\u017c 250 dni z wprowadzeniem obiecanych przez rz\u0105d norm jako\u015bci w\u0119gla.<\/div>\n<div>\n<div id=\"attachment_2740\" style=\"width: 310px\" class=\"wp-caption alignleft\"><a href=\"https:\/\/www.greenpeace.org\/poland\/aktualnosci\/2011\/dzieci-choruja-przez-smog-a-minister-energii-zwleka-z-wprowadzeniem-norm-jakosci-wegla\/33076665391_46a2f76898_k\/\" rel=\"attachment wp-att-2740\"><img loading=\"lazy\" decoding=\"async\" aria-describedby=\"caption-attachment-2740\" class=\"size-medium wp-image-2740\" src=\"https:\/\/www.greenpeace.org\/static\/planet4-poland-stateless\/2017\/12\/7a6908bb-33076665391_46a2f76898_k-300x212.jpg\" alt=\"\" width=\"300\" height=\"212\" srcset=\"https:\/\/www.greenpeace.org\/static\/planet4-poland-stateless\/2017\/12\/7a6908bb-33076665391_46a2f76898_k-300x212.jpg 300w, https:\/\/www.greenpeace.org\/static\/planet4-poland-stateless\/2017\/12\/7a6908bb-33076665391_46a2f76898_k-768x543.jpg 768w, https:\/\/www.greenpeace.org\/static\/planet4-poland-stateless\/2017\/12\/7a6908bb-33076665391_46a2f76898_k-1024x724.jpg 1024w, https:\/\/www.greenpeace.org\/static\/planet4-poland-stateless\/2017\/12\/7a6908bb-33076665391_46a2f76898_k-1932x1366.jpg 1932w, https:\/\/www.greenpeace.org\/static\/planet4-poland-stateless\/2017\/12\/7a6908bb-33076665391_46a2f76898_k-481x340.jpg 481w, https:\/\/www.greenpeace.org\/static\/planet4-poland-stateless\/2017\/12\/7a6908bb-33076665391_46a2f76898_k.jpg 2048w\" sizes=\"auto, (max-width: 300px) 100vw, 300px\" \/><\/a><p id=\"caption-attachment-2740\" class=\"wp-caption-text\">Ilustracja Marii &#8222;Mroux&#8221; Bulikowskiej narysowana smogiem<\/p><\/div>\n<p>\u201cPolskie przedszkola w smogu\u201d to pierwsza tego typu analiza w Polsce: autorzy raportu por\u00f3wnali oficjalne dane dotycz\u0105ce st\u0119\u017ce\u0144 zanieczyszcze\u0144 powietrza z rozmieszczeniem niemal 12 tysi\u0119cy przedszkoli. Ocenili te\u017c, jak st\u0119\u017cenie smogu wyst\u0119puj\u0105ce w r\u00f3\u017cnych miejscach kraju wp\u0142ywa na zdrowie dzieci poni\u017cej pi\u0105tego roku \u017cycia. U ma\u0142ych dzieci oddychanie zanieczyszczonym powietrzem zwi\u0119ksza ryzyko zachorowania np. na zapalenie p\u0142uc lub oskrzeli.<\/p>\n<p>\u2013 W najbardziej zanieczyszczonych miejscach w Polsce ryzyko zaka\u017cenia dolnych dr\u00f3g oddechowych, np. zapalenia p\u0142uc czy oskrzeli, ro\u015bnie u ma\u0142ych dzieci o ponad 25 proc. w skali roku. Ponadto epizody smogowe mog\u0105 zaostrza\u0107 objawy zapalenia p\u0142uc i powodowa\u0107 konieczno\u015b\u0107 leczenia dziecka w szpitalu. Ryzyko hospitalizacji dzieci z zapaleniem p\u0142uc w dniu z najbardziej zanieczyszczonym powietrzem w roku ro\u015bnie o co najmniej 12 proc. Taka skala problemu dotyczy obszar\u00f3w, na kt\u00f3rych znajduje si\u0119 a\u017c 1000 przedszkoli \u2013 powiedzia\u0142 \u0141ukasz Adamkiewicz z Fundacji #13, wsp\u00f3\u0142autor raportu.<\/p>\n<p>Podstawow\u0105 przyczyn\u0105 zanieczyszczenia powietrza w Polsce jest w\u0119giel. W polskich domach spala si\u0119 go co roku kilkana\u015bcie milion\u00f3w ton. Jednocze\u015bnie przez brak norm jako\u015bci w\u0119gla mo\u017cna w Polsce legalnie sprzedawa\u0107 paliwo zasiarczone, zawilgocone, o wysokiej zawarto\u015bci popio\u0142u, a nawet odpady w\u0119glowe, kt\u00f3re nadaj\u0105 si\u0119 wy\u0142\u0105cznie do utylizacji. Rz\u0105d w ramach programu \u201cCzyste Powietrze\u201d zapowiedzia\u0142 m.in. usuni\u0119cie z rynku paliwa najgorszej jako\u015bci do ko\u0144ca marca 2017 roku. Do dzi\u015b nie spe\u0142ni\u0142 tej obietnicy, co skazuje polskich rodzic\u00f3w na stosowanie jedynie dora\u017anych sposob\u00f3w ochrony dzieci, takich jak ograniczanie ich aktywno\u015bci na zewn\u0105trz w dni, w kt\u00f3rych wyst\u0119puj\u0105 wysokie st\u0119\u017cenia zanieczyszcze\u0144, stosowanie oczyszczaczy powietrza w pomieszczeniach czy unikanie otwierania okien w godzinach, w kt\u00f3rych pali si\u0119 w piecach.<\/p>\n<p>\u2013 Wprowadzenie norm jako\u015bci w\u0119gla to konieczny krok na drodze do poprawy jako\u015bci powietrza w Polsce. Minister Energii Krzysztof Tch\u00f3rzewski wykazuje si\u0119 wyj\u0105tkow\u0105 opiesza\u0142o\u015bci\u0105 i sp\u00f3\u017ania si\u0119 ze spe\u0142nieniem obietnicy w tej sprawie ju\u017c o 250 dni! Niestety, w rezultacie polskie dzieci wychodz\u0105c z domu kolejn\u0105 zim\u0119 b\u0119d\u0105 nara\u017cone na kontakt ze smogiem. Tymczasem najgorszej jako\u015bci w\u0119giel nie powinien by\u0107 w og\u00f3le sprzedawany i to wstyd, \u017ce musimy o tym jeszcze rozmawia\u0107. Apelujemy, aby Minister Tch\u00f3rzewski przyj\u0105\u0142 bezzw\u0142ocznie normy jako\u015bci w\u0119gla, oparte na rzetelnych analizach, a nie na kalkulacji zysk\u00f3w lobby w\u0119glowego \u2013 powiedzia\u0142 Marek J\u00f3zefiak, koordynator kampanii Klimat i Energia w Greenpeace.<\/p>\n<p>Dzieci s\u0105 grup\u0105 szczeg\u00f3lnie nara\u017con\u0105 na zanieczyszczenia powietrza, o czym m\u00f3wi dr hab. n. med. &nbsp;Tadeusz Zielonka, pulmonolog i internista z Polskiego Towarzystwa Chor\u00f3b P\u0142uc.<\/p>\n<p>\u2013 Dzieci wdychaj\u0105 wi\u0119cej zanieczyszcze\u0144 powietrza w przeliczeniu na mas\u0119 cia\u0142a ni\u017c osoby doros\u0142e. Maj\u0105 te\u017c nie w pe\u0142ni wykszta\u0142cony system odporno\u015bciowy, a ich p\u0142uca rosn\u0105 i si\u0119 rozwijaj\u0105. Te czynniki w po\u0142\u0105czeniu z du\u017c\u0105 aktywno\u015bci\u0105 ruchow\u0105 sprawiaj\u0105, \u017ce podatno\u015b\u0107 dzieci na zanieczyszczenia powietrza jest wyj\u0105tkowo du\u017ca \u2013 podkre\u015bli\u0142 dr hab. Tadeusz Zielonka. Ekspozycja na zanieczyszczone powietrze w m\u0142odym wieku mo\u017ce w p\u00f3\u017aniejszym rozwoju skutkowa\u0107 przewlek\u0142ymi chorobami uk\u0142adu &nbsp;oddechowego i kr\u0105\u017cenia. Na szcz\u0119\u015bcie badania prowadzone za granic\u0105 pokazuj\u0105, \u017ce poprawa jako\u015bci powietrza prowadzi do poprawy zdrowia, dlatego tak wa\u017cne jest, aby rz\u0105d realizowa\u0142 obietnice w zakresie walki ze smogiem \u2013 &nbsp;doda\u0142 dr hab. Tadeusz Zielonka.<\/p>\n<p>Do czasu realnej poprawy sytuacji rodzice ma\u0142ych dzieci mog\u0105 podj\u0105\u0107 dzia\u0142ania ograniczaj\u0105ce ich kontakt ze smogiem. Warto monitorowa\u0107 jako\u015b\u0107 powietrza (np. u\u017cywaj\u0105c jednej z dost\u0119pnych aplikacji na telefon) i nie reagowa\u0107 dopiero na alarm smogowy \u2013 w Polsce jest on og\u0142aszany przy absurdalnie wysokich st\u0119\u017ceniach py\u0142u PM10 r\u00f3wnych 300 \u03bcg\/m3 w ci\u0105gu doby. Dobrze jest si\u0119 upewni\u0107, czy przedszkole, do kt\u00f3rego chodzi dziecko, r\u00f3wnie\u017c monitoruje jako\u015b\u0107 powietrza i unika wyprowadzania dzieci na zewn\u0105trz w czasie wysokich st\u0119\u017ce\u0144 zanieczyszcze\u0144. Wiele plac\u00f3wek przedszkolnych ma \u015bwiadomo\u015b\u0107 istnienia problemu.<\/p>\n<p>\u2013 Nasze przedszkole wprowadzi\u0142o w\u0142asny system ostrzegawczy. Codziennie rano sprawdzamy w aplikacji mobilnej GIO\u015a poziom zanieczyszczenia powietrza i zale\u017cnie od wyniku umieszczamy na przedszkolnej tablicy og\u0142osze\u0144 bu\u017aki w r\u00f3\u017cnych kolorach i wyra\u017caj\u0105ce r\u00f3\u017cne emocje \u2013 od u\u015bmiechni\u0119tej zielonej buzi, kt\u00f3ra oznacza, \u017ce grupa b\u0119dzie mog\u0142a wybra\u0107 si\u0119 na spacer, do smutnej czerwonej, kt\u00f3ra sygnalizuje dzieciom, \u017ce tego dnia niestety nie ma mowy o zabawie na zewn\u0105trz \u2013 opowiada Renata Grajda z przedszkola Myszka Mepi na warszawskim Wawrze.<\/p>\n<p><strong>Raport dost\u0119pny tutaj: <\/strong><a href=\"http:\/\/www.greenpeace.org\/poland\/pl\/press-centre\/dokumenty-i-raporty\/Raport-Polskie-przedszkola-w-smogu\/\">http:\/\/www.greenpeace.org\/poland\/pl\/press-centre\/dokumenty-i-raporty\/Raport-Polskie-przedszkola-w-smogu\/<\/a><\/p>\n<p><a href=\"https:\/\/greenpeace.pl\/recurring\/subdomain7\/index.php?stage=stage2&amp;campaign=energia&amp;fundraiser=gppl\" target=\"_blank\" rel=\"noopener noreferrer\"><img decoding=\"async\" title=\"Walcz z nami o czyste powietrze. Wesprzyj kampani\u0119!\" src=\"https:\/\/www.greenpeace.org\/static\/planet4-poland-stateless\/2019\/06\/70596b2d-70596b2d-smog-fr.png\" alt=\"Walcz z nami o czyste powietrze. Wesprzyj kampani\u0119!\"><\/a><\/p>\n<\/div>\n","protected":false},"excerpt":{"rendered":"<p>Ponad 60 proc. przedszkoli po\u0142o\u017conych jest na terenach o jako\u015bci powietrza nie spe\u0142niaj\u0105cej obowi\u0105zuj\u0105cych w Polsce norm, za\u015b przekroczenia norm okre\u015blonych przez \u015awiatow\u0105 Organizacj\u0119 Zdrowia wyst\u0119puj\u0105 w otoczeniu wszystkich przedszkoli<\/p>\n","protected":false},"author":28,"featured_media":2740,"comment_status":"closed","ping_status":"closed","sticky":false,"template":"","format":"standard","meta":{"ep_exclude_from_search":false,"p4_og_title":"","p4_og_description":"","p4_og_image":"","p4_og_image_id":"","p4_seo_canonical_url":"","p4_campaign_name":"not set","p4_local_project":"not set","p4_basket_name":"not set","p4_department":"","footnotes":""},"categories":[2],"tags":[34,18],"p4-page-type":[14],"class_list":["post-2011","post","type-post","status-publish","format-standard","has-post-thumbnail","hentry","category-klimat-energia","tag-smog","tag-wegiel","p4-page-type-aktualnosci"],"_links":{"self":[{"href":"https:\/\/www.greenpeace.org\/poland\/wp-json\/wp\/v2\/posts\/2011","targetHints":{"allow":["GET"]}}],"collection":[{"href":"https:\/\/www.greenpeace.org\/poland\/wp-json\/wp\/v2\/posts"}],"about":[{"href":"https:\/\/www.greenpeace.org\/poland\/wp-json\/wp\/v2\/types\/post"}],"author":[{"embeddable":true,"href":"https:\/\/www.greenpeace.org\/poland\/wp-json\/wp\/v2\/users\/28"}],"replies":[{"embeddable":true,"href":"https:\/\/www.greenpeace.org\/poland\/wp-json\/wp\/v2\/comments?post=2011"}],"version-history":[{"count":3,"href":"https:\/\/www.greenpeace.org\/poland\/wp-json\/wp\/v2\/posts\/2011\/revisions"}],"predecessor-version":[{"id":30583,"href":"https:\/\/www.greenpeace.org\/poland\/wp-json\/wp\/v2\/posts\/2011\/revisions\/30583"}],"wp:featuredmedia":[{"embeddable":true,"href":"https:\/\/www.greenpeace.org\/poland\/wp-json\/wp\/v2\/media\/2740"}],"wp:attachment":[{"href":"https:\/\/www.greenpeace.org\/poland\/wp-json\/wp\/v2\/media?parent=2011"}],"wp:term":[{"taxonomy":"category","embeddable":true,"href":"https:\/\/www.greenpeace.org\/poland\/wp-json\/wp\/v2\/categories?post=2011"},{"taxonomy":"post_tag","embeddable":true,"href":"https:\/\/www.greenpeace.org\/poland\/wp-json\/wp\/v2\/tags?post=2011"},{"taxonomy":"p4-page-type","embeddable":true,"href":"https:\/\/www.greenpeace.org\/poland\/wp-json\/wp\/v2\/p4-page-type?post=2011"}],"curies":[{"name":"wp","href":"https:\/\/api.w.org\/{rel}","templated":true}]}}