{"id":2021,"date":"2018-09-04T00:00:00","date_gmt":"2018-09-03T22:00:00","guid":{"rendered":"https:\/\/master.k8s.p4.greenpeace.org\/poland\/article\/2021\/czym-sie-rozni-lesna-plantacja-od-lasu-naturalnego-i-czemu-jedne-chroni-sie-inaczej-niz-drugie\/"},"modified":"2019-11-06T11:04:58","modified_gmt":"2019-11-06T09:04:58","slug":"czym-sie-rozni-lesna-plantacja-od-lasu-naturalnego-i-czemu-jedne-chroni-sie-inaczej-niz-drugie","status":"publish","type":"post","link":"https:\/\/www.greenpeace.org\/poland\/komentarze\/2021\/czym-sie-rozni-lesna-plantacja-od-lasu-naturalnego-i-czemu-jedne-chroni-sie-inaczej-niz-drugie\/","title":{"rendered":"Czym si\u0119 r\u00f3\u017cni le\u015bna plantacja od lasu naturalnego i czemu jedne chroni si\u0119 inaczej ni\u017c drugie"},"content":{"rendered":"<h2>Komentarz Krzysztofa Cibora, koordynatora kampanii Greenpeace na rzecz las\u00f3w<\/h2>\n<div class=\"leader\" style=\"font-weight: bold; margin-bottom: 12px;\">Greenpeace zajmuje si\u0119 ochron\u0105 najcenniejszych przyrodniczo las\u00f3w, w kt\u00f3rych trwaj\u0105 naturalne procesy ekologiczne. Jednym z takich las\u00f3w w Polsce jest Puszcza Bia\u0142owieska. Innym dobrym przyk\u0142adem takiego lasu jest, znajduj\u0105cy si\u0119 w po\u0142udniowych Niemczech Las Bawarski, w kt\u00f3rego ochron\u0119 niemiecki oddzia\u0142 Greenpeace anga\u017cowa\u0142 si\u0119 kilka lat temu. Nie sprzeciwiamy si\u0119 wycinkom we wszystkich lasach, chcemy jednak, by te najcenniejsze by\u0142y nale\u017cycie chronione.<\/div>\n<div>\n<p>Sprawa, o kt\u00f3rej od kilku dni informuj\u0105 polskie media, czyli trwaj\u0105ca gradacja \u00a0kornika i zwi\u0105zana z tym wycinka, nie dotyczy Parku Narodowego Lasu Bawarskiego, tylko le\u017c\u0105cych na terenie Bawarii (a tak\u017ce Hesji, Turyngii i Saary) \u015bwierkowych monokultur, g\u0142\u00f3wnie prywatnych, kt\u00f3re hodowane s\u0105 przez cz\u0142owieka w celu pozyskiwania z nich drewna [1]. Por\u00f3wnywanie takich las\u00f3w gospodarczych do wyj\u0105tkowej na skal\u0119 \u015bwiatow\u0105 pod wzgl\u0119dem przyrodniczym Puszczy Bia\u0142owieskiej nie ma \u017cadnego sensu, tak jak nie ma sensu stosowanie tych samych dzia\u0142a\u0144 ochronnych w stosunku do las\u00f3w plantacyjnych i las\u00f3w naturalnych. Zrozumienie tej r\u00f3\u017cnicy jest fundamentalne dla w\u0142a\u015bciwej oceny zaistnia\u0142ej sytuacji.<\/p>\n<p>Greenpeace chce pe\u0142nej ochrony Puszczy Bia\u0142owieskiej ze wzgl\u0119du na wci\u0105\u017c tocz\u0105ce si\u0119 tam naturalne procesy przyrodnicze. Procesy te i b\u0119d\u0105ca ich wynikiem wyj\u0105tkowa r\u00f3\u017cnorodno\u015b\u0107 biologiczna Puszczy, nie ograniczaj\u0105 si\u0119 do teren\u00f3w Bia\u0142owieskiego Parku Narodowego, ale rozci\u0105gaj\u0105 na ca\u0142y obszar tego wyj\u0105tkowego lasu. Dlatego Polska w\u0142\u0105czy\u0142a ca\u0142\u0105 Puszcz\u0119 Bia\u0142owiesk\u0105 do sieci Natura 2000 oraz skutecznie wnioskowa\u0142a o uznanie tego lasu w ca\u0142o\u015bci za obiekt \u015bwiatowego dziedzictwa ludzko\u015bci UNESCO. Kilka polskich rz\u0105d\u00f3w (w tym rz\u0105d, w kt\u00f3rym Jan Szyszko by\u0142 po raz pierwszy ministrem \u015brodowiska [2]) d\u0105\u017cy\u0142o do rozszerzenia granic parku narodowego na obszar ca\u0142ej Puszczy. Propozycj\u0119 ustawy, kt\u00f3ra pozwoli\u0142aby dokona\u0107 takiego rozszerzenia przy zapewnieniu godnych warunk\u00f3w rozwoju mieszka\u0144com puszcza\u0144skich gmin, przedstawi\u0142 zesp\u00f3\u0142 ekspert\u00f3w powo\u0142anych przez Prezydenta RP Lecha Kaczy\u0144skiego [3].<\/p>\n<p>Wa\u017cnym elementem wp\u0142ywaj\u0105cym na przyrodnicz\u0105 wyj\u0105tkowo\u015b\u0107 Puszczy Bia\u0142owieskiej jest martwe drzewo, kt\u00f3re jest po\u017cywieniem i miejscem \u017cycia licznych \u2013 cz\u0119sto bardzo rzadkich \u2013 \u00a0gatunk\u00f3w grzyb\u00f3w, ro\u015blin i zwierz\u0105t. Z kolei kornik drukarz, kt\u00f3ry tego martwego drzewa \u201edostarcza\u201d a przy okazji pomaga przebudowa\u0107 drzewostan puszcza\u0144ski, jest wa\u017cnym elementem tego wyj\u0105tkowego ekosystemu. Kornik w lasach takich jak Puszcza Bia\u0142owieska nazywany jest przez przyrodnik\u00f3w gatunkiem kluczowym \u2013 od jego aktywno\u015bci, kt\u00f3ra reguluje ca\u0142y ekosystem, zale\u017cy istnienie wielu innych gatunk\u00f3w. Nie dotyczy to zreszt\u0105 jedynie Puszczy Bia\u0142owieskiej \u2013 gradacja kornika przydaje si\u0119 r\u00f3wnie\u017c w Bawarii. Osoby odpowiedzialne za tamtejsze chronione lasy otwarcie m\u00f3wi\u0105, \u017ce kornik pomo\u017ce przebudowa\u0107 niekt\u00f3re drzewostany, zmniejszy\u0107 zbyt du\u017c\u0105 liczb\u0119 \u015bwierk\u00f3w i otworzy\u0107 przestrze\u0144 do ro\u015bni\u0119cia lepiej przystosowanym do obecnego stanu siedlisk bukom [4].<\/p>\n<p>Wyeliminowanie kornika z Puszczy Bia\u0142owieskiej (czy z Parku Narodowego Las Bawarski) by\u0142oby wi\u0119c niezgodne z wiedz\u0105 przyrodnicz\u0105 i potrzebami puszcza\u0144skiego ekosystemu. Co wi\u0119cej \u2013 by\u0142oby to niemo\u017cliwe. Jak zwracaj\u0105 uwag\u0119 naukowcy, aby skutecznie wyeliminowa\u0107 kornika z lasu nale\u017ca\u0142oby wycina\u0107 i natychmiast wywozi\u0107 z niego co najmniej 80% zasiedlonych przez kornika drzew jeszcze zanim doros\u0142e osobniki je opuszcz\u0105. Taki wska\u017anik by\u0142 ca\u0142kowicie niemo\u017cliwy do osi\u0105gni\u0119cia w Puszczy Bia\u0142owieskiej ze wzgl\u0119du cho\u0107by na to, \u017ce do wielu miejsc dost\u0119p ci\u0119\u017ckiego sprz\u0119tu jest bardzo ograniczony. W Puszczy wycinka powodowa\u0142a wi\u0119c szkody (usuwanie martwych drzew, niszczenie gleby i podszytu, niszczenie siedlisk zwierz\u0105t i ro\u015blin), a nie dawa\u0142a szans na \u017cadn\u0105 \u2013 cho\u0107by ekonomiczn\u0105 \u2013 korzy\u015b\u0107.<\/p>\n<p>Z zupe\u0142nie inn\u0105 sytuacj\u0105 mamy w drzewnych monokulturach hodowanych przez cz\u0142owieka dla jego w\u0142asnych potrzeb. Takich las\u00f3w jest zdecydowana wi\u0119kszo\u015b\u0107 \u2013 i w Niemczech, i w Polsce. Tam wycinka nie napotyka na op\u00f3r organizacji pozarz\u0105dowych. Po pierwsze dlatego, \u017ce nie s\u0105 to lasy najcenniejsze przyrodniczo, po drugie dlatego, \u017ce ich podstawow\u0105 funkcj\u0105 jest dostarczanie surowca drzewnego. Greenpeace nigdy nie g\u0142osi\u0142, \u017ce powinni\u015bmy zaprzesta\u0107 pozyskiwania drewna w lasach. Dlatego nie protestuje \u2013 ani w Polsce, ani w Niemczech \u2013 gdy wycinane s\u0105 drzewa na plantacjach. D\u0105\u017cy za\u015b do tego, by w plantacje nie zamieni\u0107 las\u00f3w najcenniejszych przyrodniczo (wi\u0119cej na temat le\u015bnej dzia\u0142alno\u015bci naszych niemieckich koleg\u00f3w mo\u017cna poczyta\u0107 na stronie: https:\/\/www.greenpeace.de\/themen\/waelder.)<\/p>\n<p>Co bardzo wa\u017cne, i co podkre\u015blaj\u0105 niemieckie media (a co niekoniecznie znajduje wystarczaj\u0105ce odzwierciedlenie w polskich komentarzach) \u2013 zwi\u0119kszona w ostatnich latach aktywno\u015b\u0107 kornika wi\u0105\u017ce si\u0119 ze zmianami klimatycznymi, wynikaj\u0105cymi przede wszystkim ze spalania paliw kopalnych. Temperatura si\u0119 podnosi, zima trwa kr\u00f3cej i jest bardziej sucha \u2013 to wszystko z jednej strony os\u0142abia \u015bwierki, kt\u00f3re s\u0105 gatunkiem potrzebuj\u0105cym du\u017co wilgoci i niskich temperatur, z drugiej strony u\u0142atwia rozmna\u017canie si\u0119 kornikom. Je\u015bli chcemy, aby nasze dzieci i wnuki mog\u0142y chodzi\u0107 do \u015bwierkowych las\u00f3w w naszej cz\u0119\u015bci Europy, nie pomo\u017ce sama wycinka: \u00a0musimy natychmiast podj\u0105\u0107 powa\u017cne dzia\u0142ania na rzecz zmniejszenia emisji gaz\u00f3w cieplarnianych.<\/p>\n<p>Przypisy:<\/p>\n<p>[1] <a href=\"http:\/\/www.spiegel.de\/wissenschaft\/natur\/borkenkaefer-invasion-trockenheit-macht-fichten-zu-leichter-beute-a-1223512.html\">http:\/\/www.spiegel.de\/wissenschaft\/natur\/borkenkaefer-invasion-trockenheit-macht-fichten-zu-leichter-beute-a-1223512.html<\/a><\/p>\n<p>[2] <a href=\"http:\/\/www.encyklopedia.puszcza-bialowieska.eu\/index.php?dzial=haslo&amp;id=440\">http:\/\/www.encyklopedia.puszcza-bialowieska.eu\/index.php?dzial=haslo&amp;id=440<\/a><\/p>\n<p>[3] <a href=\"http:\/\/www.prezydent.pl\/archiwum-lecha-kaczynskiego\/aktualnosci\/rok-2006\/art,150,708,w-ochronie-puszczy.html\">http:\/\/www.prezydent.pl\/archiwum-lecha-kaczynskiego\/aktualnosci\/rok-2006\/art,150,708,w-ochronie-puszczy.html<\/a><\/p>\n<\/div>\n","protected":false},"excerpt":{"rendered":"<div>\n\tGreenpeace zajmuje si\u0119 ochron\u0105 najcenniejszych przyrodniczo las\u00f3w, w kt\u00f3rych trwaj\u0105 naturalne procesy ekologiczne. Jednym z takich las\u00f3w w Polsce jest Puszcza Bia\u0142owieska. Innym dobrym przyk\u0142adem takiego lasu jest, znajduj\u0105cy si\u0119 w po\u0142udniowych Niemczech Las Bawarski, w kt\u00f3rego ochron\u0119 niemiecki oddzia\u0142 Greenpeace anga\u017cowa\u0142 si\u0119 kilka lat temu. Nie sprzeciwiamy si\u0119 wycinkom we wszystkich lasach, chcemy jednak, by te najcenniejsze by\u0142y nale\u017cycie chronione.\n<\/div>\n","protected":false},"author":28,"featured_media":2610,"comment_status":"closed","ping_status":"closed","sticky":false,"template":"","format":"standard","meta":{"ep_exclude_from_search":false,"p4_og_title":"","p4_og_description":"","p4_og_image":"","p4_og_image_id":"","p4_seo_canonical_url":"","p4_campaign_name":"","p4_local_project":"","p4_basket_name":"","p4_department":"","footnotes":""},"categories":[3],"tags":[22,19],"p4-page-type":[30],"class_list":["post-2021","post","type-post","status-publish","format-standard","has-post-thumbnail","hentry","category-przyroda","tag-puszcza-bialowieska","tag-lasy","p4-page-type-komentarze"],"_links":{"self":[{"href":"https:\/\/www.greenpeace.org\/poland\/wp-json\/wp\/v2\/posts\/2021","targetHints":{"allow":["GET"]}}],"collection":[{"href":"https:\/\/www.greenpeace.org\/poland\/wp-json\/wp\/v2\/posts"}],"about":[{"href":"https:\/\/www.greenpeace.org\/poland\/wp-json\/wp\/v2\/types\/post"}],"author":[{"embeddable":true,"href":"https:\/\/www.greenpeace.org\/poland\/wp-json\/wp\/v2\/users\/28"}],"replies":[{"embeddable":true,"href":"https:\/\/www.greenpeace.org\/poland\/wp-json\/wp\/v2\/comments?post=2021"}],"version-history":[{"count":2,"href":"https:\/\/www.greenpeace.org\/poland\/wp-json\/wp\/v2\/posts\/2021\/revisions"}],"predecessor-version":[{"id":2611,"href":"https:\/\/www.greenpeace.org\/poland\/wp-json\/wp\/v2\/posts\/2021\/revisions\/2611"}],"wp:featuredmedia":[{"embeddable":true,"href":"https:\/\/www.greenpeace.org\/poland\/wp-json\/wp\/v2\/media\/2610"}],"wp:attachment":[{"href":"https:\/\/www.greenpeace.org\/poland\/wp-json\/wp\/v2\/media?parent=2021"}],"wp:term":[{"taxonomy":"category","embeddable":true,"href":"https:\/\/www.greenpeace.org\/poland\/wp-json\/wp\/v2\/categories?post=2021"},{"taxonomy":"post_tag","embeddable":true,"href":"https:\/\/www.greenpeace.org\/poland\/wp-json\/wp\/v2\/tags?post=2021"},{"taxonomy":"p4-page-type","embeddable":true,"href":"https:\/\/www.greenpeace.org\/poland\/wp-json\/wp\/v2\/p4-page-type?post=2021"}],"curies":[{"name":"wp","href":"https:\/\/api.w.org\/{rel}","templated":true}]}}