{"id":2065,"date":"2007-07-03T00:00:00","date_gmt":"2007-07-02T22:00:00","guid":{"rendered":"https:\/\/master.k8s.p4.greenpeace.org\/poland\/article\/2065\/wezwanie-z-komina\/"},"modified":"2019-11-06T11:06:18","modified_gmt":"2019-11-06T09:06:18","slug":"wezwanie-z-komina","status":"publish","type":"post","link":"https:\/\/www.greenpeace.org\/poland\/aktualnosci\/2065\/wezwanie-z-komina\/","title":{"rendered":"Wezwanie z komina"},"content":{"rendered":"<h2>Aktywi\u015bci Greenpeace protestuj\u0105 przeciwko rz\u0105dowej, nastawionej na w\u0119giel jako g\u0142\u00f3wne \u017ar\u00f3d\u0142o energii, \u201ePolityce energetycznej\u201d<\/h2>\n<\/p>\n<div class=\"leader\" style=\"font-weight: bold;margin-bottom: 12px\">\t3 lipca, oko\u0142o godziny 6 rano, aktywi\u015bci Greenpeace wspi\u0119li si\u0119 na jedn\u0105 z ch\u0142odni kominowych elektrowni Be\u0142chat\u00f3w. Po za\u0142o\u017ceniu stanowisk alpinistycznych rozpocz\u0119li malowanie na kominie napisu &#8220;Stop CO2&#8221;. Jest to protest przeciwko rz\u0105dowej \u201ePolityce Energetycznej\u201d, kt\u00f3ra faworyzuje w\u0119giel, jako g\u0142\u00f3wne \u017ar\u00f3d\u0142o energii.<\/div>\n<div>\n<div>\n<p>Greenpeace od dawna alarmuje, \u017ce obecna polityka energetyczna Polski jest anachroniczna w stosunku do europejskich trend\u00f3w. Ignoruj\u0105c oczywisty zwi\u0105zek pomi\u0119dzy spalaniem paliw kopalnych a zjawiskiem globalnego ocieplenia, polski sektor energetyczny przyczynia si\u0119 znacz\u0105co do zmian klimatycznych.\u00a0<\/p>\n<p>Wed\u0142ug Greenpeace, BOT Be\u0142chat\u00f3w to ha\u0144bi\u0105cy symbol ca\u0142ej polityki energetycznej kraju. Zamiast inwestowa\u0107 w zmniejszenie energoch\u0142onno\u015bci polskiej gospodarki, decentralizacj\u0119 produkcji energii i odnawialne \u017ar\u00f3d\u0142a, &#8216;Polityka energetyczna&#8217; pa\u0144stwa przewiduje utrzymanie dominacji w\u0119gla i dalszy wzrost zu\u017cycia energii. To z kolei oznacza coraz wy\u017csze emisje gaz\u00f3w cieplarnianych.<\/p>\n<\/p>\n<div class=\"embedded-image-gallery promo general-form\">\n<h1>Protest na ch\u0142odni kominowej elektrowni Be\u0142chat\u00f3w<\/h1>\n<div class=\"gallery\">\n<div class=\"img-view galleria_container\">        <input type=\"hidden\" value=\"\/poland\/ReSizes\/ImageGalleryLarge\/Global\/poland\/image\/2007\/7\/kominy-07.jpg\" class=\"hidStartImage\"><\/p>\n<div class=\"galleria_wrapper\">            <img decoding=\"async\" src=\"https:\/\/www.greenpeace.org\/static\/planet4-poland-stateless\/2019\/06\/0afe0bc3-0afe0bc3-kominy-07.jpg\" class=\"replaced\" title=\"kominy-07.jpg\" alt=\"kominy-07.jpg\"><\/p>\n<\/div>\n<p>        <span class=\"caption\"><\/span>    <\/div>\n<div class=\"img-nav\">\n<div class=\"carousel\">\n<ul class=\"img-list galleria\">\n<li class=\"active\">                            <a title=\"kominy-07.jpg\" href=\"http:\/\/www.greenpeace.org\/poland\/pl\/multimedia\/Protest-na-chlodni-kominowej-elektrowni-Belchatow\/kominy-07jpg\/\" rel=\"kominy-07.jpg~^Greenpeace~^\/poland\/ReSizes\/ImageGalleryLarge\/Global\/poland\/image\/2007\/7\/kominy-07.jpg~^401448\">                                <img decoding=\"async\" id=\"ctl00_cphContentArea_Property3_ctl00_ctl02_ctl00_repImages_ctl00_thumbImg\" title=\"kominy-07.jpg\" src=\"https:\/\/www.greenpeace.org\/static\/planet4-poland-stateless\/2019\/06\/0afe0bc3-0afe0bc3-kominy-07.jpg\" alt=\"kominy-07.jpg\" style=\"border-width:0px;\">                            <\/a>                        <\/li>\n<li>                            <a title=\"kominy-06.jpg\" href=\"http:\/\/www.greenpeace.org\/poland\/pl\/multimedia\/Protest-na-chlodni-kominowej-elektrowni-Belchatow\/kominy-06jpg\/\" rel=\"kominy-06.jpg~^Greenpeace~^\/poland\/ReSizes\/ImageGalleryLarge\/Global\/poland\/image\/2007\/7\/kominy-06.jpg~^401449\">                                <img decoding=\"async\" id=\"ctl00_cphContentArea_Property3_ctl00_ctl02_ctl00_repImages_ctl01_thumbImg\" title=\"kominy-06.jpg\" src=\"https:\/\/www.greenpeace.org\/static\/planet4-poland-stateless\/2019\/06\/6064ff2e-6064ff2e-kominy-06.jpg\" alt=\"kominy-06.jpg\" style=\"border-width:0px;\">                            <\/a>                        <\/li>\n<li>                            <a title=\"kominy-01.jpg\" href=\"http:\/\/www.greenpeace.org\/poland\/pl\/multimedia\/Protest-na-chlodni-kominowej-elektrowni-Belchatow\/kominy-01jpg\/\" rel=\"kominy-01.jpg~^Greenpeace \/ Konrad Konstantynowicz~^\/poland\/ReSizes\/ImageGalleryLarge\/Global\/poland\/image\/2007\/7\/kominy-01.jpg~^401450\">                                <img decoding=\"async\" id=\"ctl00_cphContentArea_Property3_ctl00_ctl02_ctl00_repImages_ctl02_thumbImg\" title=\"kominy-01.jpg\" src=\"https:\/\/www.greenpeace.org\/static\/planet4-poland-stateless\/2019\/06\/6064ff2e-6064ff2e-kominy-01.jpg\" alt=\"kominy-01.jpg\" style=\"border-width:0px;\">                            <\/a>                        <\/li>\n<li>                            <a title=\"kominy-02.jpg\" href=\"http:\/\/www.greenpeace.org\/poland\/pl\/multimedia\/Protest-na-chlodni-kominowej-elektrowni-Belchatow\/kominy-02jpg\/\" rel=\"kominy-02.jpg~^Greenpeace~^\/poland\/ReSizes\/ImageGalleryLarge\/Global\/poland\/image\/2007\/7\/kominy-02.jpg~^401451\">                                <img decoding=\"async\" id=\"ctl00_cphContentArea_Property3_ctl00_ctl02_ctl00_repImages_ctl03_thumbImg\" title=\"kominy-02.jpg\" src=\"https:\/\/www.greenpeace.org\/static\/planet4-poland-stateless\/2019\/06\/e86c6b57-e86c6b57-kominy-02.jpg\" alt=\"kominy-02.jpg\" style=\"border-width:0px;\">                            <\/a>                        <\/li>\n<li>                            <a title=\"kominy-03.jpg\" href=\"http:\/\/www.greenpeace.org\/poland\/pl\/multimedia\/Protest-na-chlodni-kominowej-elektrowni-Belchatow\/kominy-03jpg\/\" rel=\"kominy-03.jpg~^Greenpeace \/ Konrad Konstantynowicz~^\/poland\/ReSizes\/ImageGalleryLarge\/Global\/poland\/image\/2007\/7\/kominy-03.jpg~^401452\">                                <img decoding=\"async\" id=\"ctl00_cphContentArea_Property3_ctl00_ctl02_ctl00_repImages_ctl04_thumbImg\" title=\"kominy-03.jpg\" src=\"https:\/\/www.greenpeace.org\/static\/planet4-poland-stateless\/2019\/06\/e86c6b57-e86c6b57-kominy-03.jpg\" alt=\"kominy-03.jpg\" style=\"border-width:0px;\">                            <\/a>                        <\/li>\n<li>                            <a title=\"kominy-04.jpg\" href=\"http:\/\/www.greenpeace.org\/poland\/pl\/multimedia\/Protest-na-chlodni-kominowej-elektrowni-Belchatow\/kominy-04jpg\/\" rel=\"kominy-04.jpg~^Greenpeace \/ Konrad Konstantynowicz~^\/poland\/ReSizes\/ImageGalleryLarge\/Global\/poland\/image\/2007\/7\/kominy-04.jpg~^401453\">                                <img decoding=\"async\" id=\"ctl00_cphContentArea_Property3_ctl00_ctl02_ctl00_repImages_ctl05_thumbImg\" title=\"kominy-04.jpg\" src=\"https:\/\/www.greenpeace.org\/static\/planet4-poland-stateless\/2019\/06\/62353bbd-62353bbd-kominy-04.jpg\" alt=\"kominy-04.jpg\" style=\"border-width:0px;\">                            <\/a>                        <\/li>\n<li>                            <a title=\"kominy-05.jpg\" href=\"http:\/\/www.greenpeace.org\/poland\/pl\/multimedia\/Protest-na-chlodni-kominowej-elektrowni-Belchatow\/kominy-05jpg\/\" rel=\"kominy-05.jpg~^Greenpeace~^\/poland\/ReSizes\/ImageGalleryLarge\/Global\/poland\/image\/2007\/7\/kominy-05.jpg~^401454\">                                <img decoding=\"async\" id=\"ctl00_cphContentArea_Property3_ctl00_ctl02_ctl00_repImages_ctl06_thumbImg\" title=\"kominy-05.jpg\" src=\"https:\/\/www.greenpeace.org\/static\/planet4-poland-stateless\/2019\/06\/62353bbd-62353bbd-kominy-05.jpg\" alt=\"kominy-05.jpg\" style=\"border-width:0px;\">                            <\/a>                        <\/li>\n<li>                            <a title=\"kominy-08.jpg\" href=\"http:\/\/www.greenpeace.org\/poland\/pl\/multimedia\/Protest-na-chlodni-kominowej-elektrowni-Belchatow\/kominy-08jpg\/\" rel=\"kominy-08.jpg~^Greenpeace \/ Konrad Konstantynowicz~^\/poland\/ReSizes\/ImageGalleryLarge\/Global\/poland\/image\/2007\/7\/kominy-08.jpg~^401455\">                                <img decoding=\"async\" id=\"ctl00_cphContentArea_Property3_ctl00_ctl02_ctl00_repImages_ctl07_thumbImg\" title=\"kominy-08.jpg\" src=\"https:\/\/www.greenpeace.org\/static\/planet4-poland-stateless\/2019\/06\/8f02825d-8f02825d-kominy-08.jpg\" alt=\"kominy-08.jpg\" style=\"border-width:0px;\">                            <\/a>                        <\/li>\n<li>                            <a title=\"belchatow-bot-02.jpg\" href=\"http:\/\/www.greenpeace.org\/poland\/pl\/multimedia\/Protest-na-chlodni-kominowej-elektrowni-Belchatow\/belchatow-bot-02jpg\/\" rel=\"belchatow-bot-02.jpg~^Greenpeace~^\/poland\/ReSizes\/ImageGalleryLarge\/Global\/poland\/image\/2007\/7\/belchatow-bot-02.jpg~^401456\">                                <img decoding=\"async\" id=\"ctl00_cphContentArea_Property3_ctl00_ctl02_ctl00_repImages_ctl08_thumbImg\" title=\"belchatow-bot-02.jpg\" src=\"https:\/\/www.greenpeace.org\/static\/planet4-poland-stateless\/2019\/06\/8f02825d-8f02825d-belchatow-bot-02.jpg\" alt=\"belchatow-bot-02.jpg\" style=\"border-width:0px;\">                            <\/a>                        <\/li>\n<li>                            <a title=\"belchatow-bot-03.jpg\" href=\"http:\/\/www.greenpeace.org\/poland\/pl\/multimedia\/Protest-na-chlodni-kominowej-elektrowni-Belchatow\/belchatow-bot-03jpg\/\" rel=\"belchatow-bot-03.jpg~^Greenpeace~^\/poland\/ReSizes\/ImageGalleryLarge\/Global\/poland\/image\/2007\/7\/belchatow-bot-03.jpg~^401457\">                                <img decoding=\"async\" id=\"ctl00_cphContentArea_Property3_ctl00_ctl02_ctl00_repImages_ctl09_thumbImg\" title=\"belchatow-bot-03.jpg\" src=\"https:\/\/www.greenpeace.org\/static\/planet4-poland-stateless\/2019\/06\/5ac5f60d-5ac5f60d-belchatow-bot-03.jpg\" alt=\"belchatow-bot-03.jpg\" style=\"border-width:0px;\">                            <\/a>                        <\/li>\n<li>                            <a title=\"belchatow-bot-05.jpg\" href=\"http:\/\/www.greenpeace.org\/poland\/pl\/multimedia\/Protest-na-chlodni-kominowej-elektrowni-Belchatow\/belchatow-bot-05jpg\/\" rel=\"belchatow-bot-05.jpg~^Greenpeace~^\/poland\/ReSizes\/ImageGalleryLarge\/Global\/poland\/image\/2007\/7\/belchatow-bot-05.jpg~^401458\">                                <img decoding=\"async\" id=\"ctl00_cphContentArea_Property3_ctl00_ctl02_ctl00_repImages_ctl10_thumbImg\" title=\"belchatow-bot-05.jpg\" src=\"https:\/\/www.greenpeace.org\/static\/planet4-poland-stateless\/2019\/06\/5ac5f60d-5ac5f60d-belchatow-bot-05.jpg\" alt=\"belchatow-bot-05.jpg\" style=\"border-width:0px;\">                            <\/a>                        <\/li>\n<li>                            <a title=\"belchatow-bot-07.jpg\" href=\"http:\/\/www.greenpeace.org\/poland\/pl\/multimedia\/Protest-na-chlodni-kominowej-elektrowni-Belchatow\/belchatow-bot-07jpg\/\" rel=\"belchatow-bot-07.jpg~^Greenpeace~^\/poland\/ReSizes\/ImageGalleryLarge\/Global\/poland\/image\/2007\/7\/belchatow-bot-07.jpg~^401459\">                                <img decoding=\"async\" id=\"ctl00_cphContentArea_Property3_ctl00_ctl02_ctl00_repImages_ctl11_thumbImg\" title=\"belchatow-bot-07.jpg\" src=\"https:\/\/www.greenpeace.org\/static\/planet4-poland-stateless\/2019\/06\/400df3c9-400df3c9-belchatow-bot-07.jpg\" alt=\"belchatow-bot-07.jpg\" style=\"border-width:0px;\">                            <\/a>                        <\/li>\n<\/ul>\n<\/div>\n<div class=\"navi\">\n<div class=\"link-wrap\">\t\t        <a href=\"javascript:void(0);\" class=\"link-prev gal-pre\" title=\"Poprzedni\"><span class=\"prev\">Poprzedni<\/span><\/a>\t\t        <a href=\"javascript:void(0);\" class=\"link-next gal-next\" title=\"Nast\u0119pna\"><span class=\"next\">Nast\u0119pna<\/span><\/a>\t        <\/div>\n<div class=\"play-holder\">\t\t        <span class=\"number-img\"><em><span class=\"galindex\">1<\/span>\/12<\/em><\/span>\t\t        <a href=\"javascript:void(0);\" class=\"link-play\" title=\"Odtw\u00f3rz\">Odtw\u00f3rz<\/a>\t        <\/div>\n<\/p>\n<\/div>\n<\/div>\n<\/div>\n<div class=\"text\">\n<p class=\"description\">3 lipca 2007 aktywi\u015bci Greenpeace wspi\u0119li si\u0119 na jedn\u0105 z ch\u0142odni kominowych elektrowni Be\u0142chat\u00f3w. Po za\u0142o\u017ceniu stanowisk alpinistycznych rozpocz\u0119li malowanie na kominie napisu &#8220;Stop CO2&#8221;. Jest to protest przeciwko rz\u0105dowej \u201ePolityce Energetycznej\u201d, kt\u00f3ra faworyzuje w\u0119giel, jako g\u0142\u00f3wne \u017ar\u00f3d\u0142o energii.<\/p>\n<p class=\"copyright\">\u00a9 Greenpeace<\/p>\n<\/div>\n<\/div>\n<p>\u00a0<\/p>\n<p>Rz\u0105d przyst\u0119puje obecnie do aktualizacji &#8216;Polityki energetycznej&#8217; i w ci\u0105gu najbli\u017cszych miesi\u0119cy podejmie kluczowe decyzje w tej kwestii. 15 czerwca Greenpeace przedstawi\u0142 Ministerstwu Gospodarki swoje postulaty dotycz\u0105ce tego dokumentu. Chcemy tak\u017ce, aby &#8220;Polityka Energetyczna&#8221; poddana zosta\u0142a konsultacjom spo\u0142ecznym i szerokiej debacie publicznej.<\/p>\n<p>&#8220;Jeste\u015bmy dzi\u015b w Be\u0142chatowie, poniewa\u017c chcemy u\u015bwiadomi\u0107 decydentom i opinii publicznej, \u017ce ocieplenie klimatu nie bierze si\u0119 znik\u0105d, ale w\u0142a\u015bnie z takich miejsc, jak tutejsza elektrownia. Be\u0142chat\u00f3w jest najwi\u0119kszym w Polsce producentem dwutlenku w\u0119gla &#8211; rocznie wytwarza go tyle, ile Estonia i S\u0142owenia razem wzi\u0119te. Zamiast zmniejsza\u0107 emisje, BOT b\u0119dzie je w najbli\u017cszym czasie zwi\u0119ksza\u0142. To przedsi\u0119biorstwo, jako cz\u0119\u015b\u0107 Polskiej Grupy Energetycznej (PGE), nale\u017cy do Skarbu Pa\u0144stwa i dlatego w jeszcze wi\u0119kszym stopniu ni\u017c w przypadku innych firm kierunek jego rozwoju zale\u017cy od polityki pa\u0144stwa&#8217; &#8211; powiedzia\u0142a Magdalena Zowsik, Koordynatorka kampanii klimatyczno-energetycznej Greenpeace.\u00a0<\/p>\n<p>Elektrownia Be\u0142chat\u00f3w jest najwi\u0119kszym producentem energii elektrycznej w kraju i zarazem najbardziej w Polsce przyczynia si\u0119 do ocieplania klimatu. Do produkcji energii u\u017cywa &#8216;najbrudniejszego&#8217; rodzaju paliwa kopalnego &#8211; w\u0119gla brunatnego. Wydobywa si\u0119 go w najwi\u0119kszej w Europie kopalni odkrywkowej, kt\u00f3rej powierzchnia zajmuje obszar r\u00f3wny 3300 boisk pi\u0142karskich (2,5 tysi\u0105ca hektar\u00f3w). Cho\u0107 ostatnie raporty Mi\u0119dzynarodowego Panelu ds. Zmian Klimatu i Sterna oraz decyzje Unii Europejskiej wzywaj\u0105 do natychmiastowego zmniejszania emisji gaz\u00f3w cieplarnianych, BOT buduje kolejny oparty na w\u0119glu brunatnym blok o mocy 833 MW. Po jego uruchomieniu emisje CO2 w Be\u0142chatowie wzrosn\u0105 o 3 mln ton rocznie. W latach 2009-2015, od kt\u00f3rych zale\u017cy czy uda si\u0119 nam powstrzyma\u0107 ocieplenie klimatu, b\u0119d\u0105 one a\u017c o 12 mln ton wi\u0119ksze ni\u017c obecnie.<\/p>\n<p>Greenpeace podkre\u015bla, \u017ce podczas prac nad aktualizacj\u0105 &#8216;Polityki energetycznej&#8217; priorytetem rz\u0105du musi by\u0107 zmniejszanie emisji gaz\u00f3w cieplarnianych.<\/p>\n<p>&#8220;Je\u015bli rz\u0105d nie zmieni sposobu my\u015blenia o energii i klimacie, wszyscy do\u015bwiadczymy takich kataklizm\u00f3w jak powodzie, susze, huragany, zalanie wybrze\u017ca czy spadek produkcji rolnej. Kominy by\u0142y symbolem post\u0119pu w XIX wieku. W XXI wieku prawdziwym symbolem post\u0119pu s\u0105 wiatraki i baterie s\u0142oneczne. Polska ma wystarczaj\u0105ce zasoby odnawialnych \u017ar\u00f3de\u0142 energii, aby pokry\u0107 blisko po\u0142ow\u0119 naszego zapotrzebowania. Jak d\u0142ugo b\u0119dziemy czeka\u0107 na wykorzystanie ich potencja\u0142u?&#8221; &#8211; pyta\u0142a Zowsik.<\/p>\n<p>Obecne plany zdecyduj\u0105 o tym, czy Polska za 10 lat nadal b\u0119dzie w niechlubnej czo\u0142\u00f3wce kraj\u00f3w emituj\u0105cych najwi\u0119cej gaz\u00f3w cieplarnianych, czy te\u017c, id\u0105c w \u015blady Europy (np. Niemc\u00f3w), postawi na \u017ar\u00f3d\u0142a odnawialne, efektywno\u015b\u0107 i dobrze poj\u0119te bezpiecze\u0144stwo energetyczne. Jako kraj rozwini\u0119ty, Polska musi, wraz z Europ\u0105, da\u0107 przyk\u0142ad krajom rozwijaj\u0105cym si\u0119 po to, by do 2015 wsp\u00f3lnie zahamowa\u0107 wzrost emisji gaz\u00f3w cieplarnianych i nie dopu\u015bci\u0107 do katastrofy klimatycznej na ca\u0142ym \u015bwiecie.<\/p>\n<\/div>\n<p>&#8220;Polityka energetyczna do roku 2025&#8221; jest strategicznym dokumentem, nadaj\u0105cym kierunek rozwoju dla sektora. Obecnie obowi\u0105zuj\u0105ca zosta\u0142a przyj\u0119ta w styczniu 2005 r. Nie zosta\u0142a poddana konsultacjom spo\u0142ecznym i nie wykonano dla niej oceny oddzia\u0142ywania na \u015brodowisko. Obecnie rz\u0105d planuje jej aktualizacj\u0119. Wi\u0105\u017ce si\u0119 to mi\u0119dzy innymi z decyzjami Rady Europejskiej, kt\u00f3ra na marcowym szczycie zobowi\u0105za\u0142a si\u0119, \u017ce do 2020 roku Unia zredukuje emisj\u0119 dwutlenku w\u0119gla o 20%, jedna pi\u0105ta zu\u017cywanej przez ni\u0105 energii pochodzi\u0107 b\u0119dzie ze \u017ar\u00f3de\u0142 odnawialnych i zu\u017cycie energii zmniejszy si\u0119 o 20%. Ministerstwo Gospodarki przewiduje, \u017ce we wrze\u015bniu projekt polityki energetycznej zostanie przedstawiony do konsultacji spo\u0142ecznych.<\/p>\n<\/div>\n","protected":false},"excerpt":{"rendered":"<div>\n\t3 lipca, oko\u0142o godziny 6 rano, aktywi\u015bci Greenpeace wspi\u0119li si\u0119 na jedn\u0105 z ch\u0142odni kominowych elektrowni Be\u0142chat\u00f3w. Po za\u0142o\u017ceniu stanowisk alpinistycznych rozpocz\u0119li malowanie na kominie napisu &#8222;Stop CO2&#8221;. Jest to protest przeciwko rz\u0105dowej \u201ePolityce Energetycznej\u201d, kt\u00f3ra faworyzuje w\u0119giel, jako g\u0142\u00f3wne \u017ar\u00f3d\u0142o energii.\n<\/div>\n","protected":false},"author":28,"featured_media":2066,"comment_status":"closed","ping_status":"closed","sticky":false,"template":"","format":"standard","meta":{"ep_exclude_from_search":false,"p4_og_title":"","p4_og_description":"","p4_og_image":"","p4_og_image_id":"","p4_seo_canonical_url":"","p4_campaign_name":"","p4_local_project":"","p4_basket_name":"","p4_department":"","footnotes":""},"categories":[2],"tags":[18,24],"p4-page-type":[14],"class_list":["post-2065","post","type-post","status-publish","format-standard","has-post-thumbnail","hentry","category-klimat-energia","tag-wegiel","tag-aktywizm","p4-page-type-aktualnosci"],"_links":{"self":[{"href":"https:\/\/www.greenpeace.org\/poland\/wp-json\/wp\/v2\/posts\/2065","targetHints":{"allow":["GET"]}}],"collection":[{"href":"https:\/\/www.greenpeace.org\/poland\/wp-json\/wp\/v2\/posts"}],"about":[{"href":"https:\/\/www.greenpeace.org\/poland\/wp-json\/wp\/v2\/types\/post"}],"author":[{"embeddable":true,"href":"https:\/\/www.greenpeace.org\/poland\/wp-json\/wp\/v2\/users\/28"}],"replies":[{"embeddable":true,"href":"https:\/\/www.greenpeace.org\/poland\/wp-json\/wp\/v2\/comments?post=2065"}],"version-history":[{"count":1,"href":"https:\/\/www.greenpeace.org\/poland\/wp-json\/wp\/v2\/posts\/2065\/revisions"}],"predecessor-version":[{"id":2079,"href":"https:\/\/www.greenpeace.org\/poland\/wp-json\/wp\/v2\/posts\/2065\/revisions\/2079"}],"wp:featuredmedia":[{"embeddable":true,"href":"https:\/\/www.greenpeace.org\/poland\/wp-json\/wp\/v2\/media\/2066"}],"wp:attachment":[{"href":"https:\/\/www.greenpeace.org\/poland\/wp-json\/wp\/v2\/media?parent=2065"}],"wp:term":[{"taxonomy":"category","embeddable":true,"href":"https:\/\/www.greenpeace.org\/poland\/wp-json\/wp\/v2\/categories?post=2065"},{"taxonomy":"post_tag","embeddable":true,"href":"https:\/\/www.greenpeace.org\/poland\/wp-json\/wp\/v2\/tags?post=2065"},{"taxonomy":"p4-page-type","embeddable":true,"href":"https:\/\/www.greenpeace.org\/poland\/wp-json\/wp\/v2\/p4-page-type?post=2065"}],"curies":[{"name":"wp","href":"https:\/\/api.w.org\/{rel}","templated":true}]}}